{"id":33295,"date":"2025-10-28T09:32:07","date_gmt":"2025-10-28T09:32:07","guid":{"rendered":"https:\/\/www.europesays.com\/lv\/33295\/"},"modified":"2025-10-28T09:32:07","modified_gmt":"2025-10-28T09:32:07","slug":"brisele-bridina-ja-neizmantosim-krievijas-aktivus-ukrainas-rekinus-naksies-segt-pasiem","status":"publish","type":"post","link":"https:\/\/www.europesays.com\/lv\/33295\/","title":{"rendered":"Brisele br\u012bdina: ja neizmantosim Krievijas akt\u012bvus, Ukrainas r\u0113\u0137inus n\u0101ksies segt pa\u0161iem"},"content":{"rendered":"<p>Divas nepopul\u0101ras izv\u0113les: Krievijas akt\u012bvi vai kop\u012bgs ES par\u0101ds<\/p>\n<p>Eiropas Komisija cen\u0161as p\u0101rliecin\u0101t valstis, kas joproj\u0101m pretojas Krievijas iesald\u0113to l\u012bdzek\u013cu izmanto\u0161anai \u2014 \u012bpa\u0161i Be\u013c\u0123iju, kur\u0101 atrodas liel\u0101k\u0101 da\u013ca \u0161o akt\u012bvu. Be\u013c\u0123ijas vald\u012bba uzskata, ka Krievijas l\u012bdzek\u013cu izmanto\u0161ana var\u0113tu b\u016bt juridiski ap\u0161aub\u0101ma, ta\u010du Brisele cer to p\u0101rliecin\u0101t, pretstatot eirooblig\u0101ciju scen\u0101riju k\u0101 \u201cslikt\u0101ko alternat\u012bvu\u201d.<\/p>\n<p>K\u0101 nor\u0101d\u012bja viens no ES diplom\u0101tiem, \u0161\u012b ir \u201cdiplom\u0101tijas klasika\u201d: \u201cTu pied\u0101v\u0101 kaut ko tik neizdev\u012bgu, ka otra puse piekr\u012bt maz\u0101k s\u0101p\u012bgam risin\u0101jumam.\u201d<\/p>\n<p>Be\u013c\u0123ija joproj\u0101m pretojas, ta\u010du ES uzskata \u2013 \u201ctas notiks\u201d<\/p>\n<p>Pag\u0101ju\u0161aj\u0101 ned\u0113\u013c\u0101 notiku\u0161aj\u0101 ES l\u012bderu samit\u0101 Be\u013c\u0123ijas p\u0101rst\u0101vis Barts de Vevers atteic\u0101s atbalst\u012bt Komisijas pl\u0101nu, t\u0101d\u0113\u013c l\u0113mums tika p\u0101rcelts vismaz l\u012bdz decembrim.<\/p>\n<p>\u201cKomisija nenov\u0113rt\u0113ja \u0161\u012bs lietas juridisko sare\u017e\u0123\u012bt\u012bbu,\u201d sac\u012bja De Vevers, uzsverot, ka jaut\u0101jums ir \u012bpa\u0161i j\u016bt\u012bgs, jo Be\u013c\u0123ija 1989. gad\u0101 parakst\u012bja invest\u012bciju aizsardz\u012bbas l\u012bgumu ar Krieviju.<\/p>\n<p>Tom\u0113r Brisel\u0113 ir p\u0101rliec\u012bba, ka Be\u013c\u0123ija l\u012bdz decembrim main\u012bs nost\u0101ju. \u201cKrievijas akt\u012bvu aizdevums notiks. Jaut\u0101jums nav \u2013 vai, bet kad,\u201d \u201cPolitico\u201d sac\u012bja k\u0101da ES amatpersona.<\/p>\n<p class=\"ad-desc ad-desc-main\">Saturs turpin\u0101s p\u0113c rekl\u0101mas<\/p>\n<p class=\"ad-desc ad-desc-sec\">Rekl\u0101ma<\/p>\n<p>Aptuveni vair\u0101k nek\u0101 140 miljardu eiro v\u0113rtie Krievijas valsts akt\u012bvi glab\u0101jas Brisel\u0113 b\u0101z\u0113taj\u0101 \u201cEuroclear\u201d finan\u0161u depozit\u0101rij\u0101. Tas noz\u012bm\u0113, ka Be\u013c\u0123ija uz\u0146emtos galveno juridisko risku, ja Maskava m\u0113\u0123in\u0101tu naudu atg\u016bt tiesas ce\u013c\u0101.<\/p>\n<p>\u201cKomisija ir cie\u0161\u0101 dialog\u0101 ar Be\u013c\u0123ijas varas iest\u0101d\u0113m un gatava sniegt papildu garantijas,\u201d nor\u0101d\u012bja Komisijas p\u0101rst\u0101vis. \u201cJebkur\u0161 risks b\u016bs j\u0101uz\u0146emas kop\u012bgi vis\u0101m dal\u012bbvalst\u012bm, nevis tikai vienai.\u201d<\/p>\n<p>Brisele gan uzsver, ka Krievijai \u0161ie l\u012bdzek\u013ci tiktu atmaks\u0101ti tikai tad, ja Kremlis izbeigtu karu un maks\u0101tu repar\u0101cijas Ukrainai \u2013 iesp\u0113ja, kas \u201cpraktiski neeksist\u0113\u201d.<\/p>\n<p>Laiks iztek: Ukraina var\u0113tu palikt bez naudas l\u012bdz martam<\/p>\n<p>Saska\u0146\u0101 ar \u201cPolitico\u201d inform\u0101ciju, Ukrainai l\u012bdzek\u013ci beigsies l\u012bdz marta beig\u0101m, ja ES un ASV nenodro\u0161in\u0101s jaunu finans\u0113jumu. Vienlaikus <a href=\"https:\/\/tv3.lv\/zinas\/arvalstis\/orbans-plano-veidot-pretukrainisku-aliansi-ar-slovakiju-un-cehiju\/\" rel=\"nofollow noopener\" target=\"_blank\">Ung\u0101rija, Slov\u0101kija un \u010cehija signaliz\u0113 par \u201cpretukrainiskas alianses\u201d veido\u0161anu<\/a>, kas var\u0113tu v\u0113l vair\u0101k kav\u0113t l\u0113mumus Brisel\u0113.<\/p>\n<p>\u201cAtbalsts Ukrainai un spiediens uz Krieviju ir tas, kas galu gal\u0101 var\u0113tu piespiest Putinu s\u0113sties pie sarunu galda,\u201d atg\u0101din\u0101ja Zviedrijas Eiropas lietu ministre Jesika Rosengranca p\u0113c p\u0113d\u0113j\u0101 samita.<\/p>\n","protected":false},"excerpt":{"rendered":"Divas nepopul\u0101ras izv\u0113les: Krievijas akt\u012bvi vai kop\u012bgs ES par\u0101ds Eiropas Komisija cen\u0161as p\u0101rliecin\u0101t valstis, kas joproj\u0101m pretojas Krievijas&hellip;\n","protected":false},"author":2,"featured_media":33296,"comment_status":"","ping_status":"","sticky":false,"template":"","format":"standard","meta":{"footnotes":""},"categories":[14],"tags":[23,57,28,29,9966,32,33,22,30,31,35,39,38,36,37,34,40,20,26,27,24,25,54,55,56,21,58],"class_list":{"0":"post-33295","1":"post","2":"type-post","3":"status-publish","4":"format-standard","5":"has-post-thumbnail","7":"category-zinas-no-arvalstim","8":"tag-aktualitates","9":"tag-arvalstim","10":"tag-breaking-news","11":"tag-breakingnews","12":"tag-eiropas-komisijaeiropas-savienibakars-ukrainakrievijas-aktivi","13":"tag-featured-news","14":"tag-featurednews","15":"tag-headlines","16":"tag-latest-news","17":"tag-latestnews","18":"tag-latvia","19":"tag-latvian","20":"tag-latviesu","21":"tag-latviesu-valoda","22":"tag-latviesuvaloda","23":"tag-latvija","24":"tag-lv","25":"tag-news","26":"tag-popularakas-zinas","27":"tag-popularakaszinas","28":"tag-top-stories","29":"tag-topstories","30":"tag-world","31":"tag-world-news","32":"tag-worldnews","33":"tag-zinas","34":"tag-zinas-no-arvalstim"},"share_on_mastodon":{"url":"https:\/\/pubeurope.com\/@lv\/115451104072452521","error":""},"_links":{"self":[{"href":"https:\/\/www.europesays.com\/lv\/wp-json\/wp\/v2\/posts\/33295","targetHints":{"allow":["GET"]}}],"collection":[{"href":"https:\/\/www.europesays.com\/lv\/wp-json\/wp\/v2\/posts"}],"about":[{"href":"https:\/\/www.europesays.com\/lv\/wp-json\/wp\/v2\/types\/post"}],"author":[{"embeddable":true,"href":"https:\/\/www.europesays.com\/lv\/wp-json\/wp\/v2\/users\/2"}],"replies":[{"embeddable":true,"href":"https:\/\/www.europesays.com\/lv\/wp-json\/wp\/v2\/comments?post=33295"}],"version-history":[{"count":0,"href":"https:\/\/www.europesays.com\/lv\/wp-json\/wp\/v2\/posts\/33295\/revisions"}],"wp:featuredmedia":[{"embeddable":true,"href":"https:\/\/www.europesays.com\/lv\/wp-json\/wp\/v2\/media\/33296"}],"wp:attachment":[{"href":"https:\/\/www.europesays.com\/lv\/wp-json\/wp\/v2\/media?parent=33295"}],"wp:term":[{"taxonomy":"category","embeddable":true,"href":"https:\/\/www.europesays.com\/lv\/wp-json\/wp\/v2\/categories?post=33295"},{"taxonomy":"post_tag","embeddable":true,"href":"https:\/\/www.europesays.com\/lv\/wp-json\/wp\/v2\/tags?post=33295"}],"curies":[{"name":"wp","href":"https:\/\/api.w.org\/{rel}","templated":true}]}}