{"id":33301,"date":"2025-10-28T09:36:12","date_gmt":"2025-10-28T09:36:12","guid":{"rendered":"https:\/\/www.europesays.com\/lv\/33301\/"},"modified":"2025-10-28T09:36:12","modified_gmt":"2025-10-28T09:36:12","slug":"dzenifera-lorensa-plano-krusu-plastisko-operaciju-pec-otra-berna-piedzimsanas-lente-lv","status":"publish","type":"post","link":"https:\/\/www.europesays.com\/lv\/33301\/","title":{"rendered":"D\u017eenifera Lorensa pl\u0101no kr\u016b\u0161u plastisko oper\u0101ciju p\u0113c otr\u0101 b\u0113rna piedzim\u0161anas\u00a0\u2014\u00a0Lente.lv"},"content":{"rendered":"<p>D\u017eeniferai Lorensai jauni izaicin\u0101jumi p\u0113c otr\u0101 b\u0113rna piedzim\u0161anas: pl\u0101nota kr\u016b\u0161u palielin\u0101\u0161anas oper\u0101cija<\/p>\n<p>Aktrise D\u017eenifera Lorensa, kura \u0161\u012b gada s\u0101kum\u0101 sveica pasaul\u0113 savu otro atvasi, atkl\u0101jusi savus pl\u0101nus par kr\u016b\u0161u plastisko oper\u0101ciju. Spilgt\u0101 zvaigzne, kas paz\u012bstama ar sav\u0101m lom\u0101m t\u0101d\u0101s film\u0101s k\u0101 \u201cBada sp\u0113les\u201d un \u201cAtsp\u012bdums\u201d, intervij\u0101 presti\u017eajam izdevumam \u201cThe New Yorker\u201d atkl\u0101ja, ka \u0161o \u0137irur\u0123isko proced\u016bru apsver veikt jau novembr\u012b.<\/p>\n<p>\u0136erme\u0146a p\u0101rmai\u0146as un m\u0101tes\u012bbas realit\u0101te<\/p>\n<p>Lorensa, kura v\u0113l nesen uz ekr\u0101na baud\u012bja pan\u0101kumus ar savu dal\u012bbu film\u0101 \u201cNe\u017e\u0113l\u012bg\u0101s paties\u012bbas\u201d (\u201cNo Hard Feelings\u201d), kur\u0101 vi\u0146a atveidoja jaunu m\u0101mi\u0146u, kas c\u012bn\u0101s ar p\u0113cdzemd\u012bbu depresiju un psihosomatiskiem trauc\u0113jumiem, atz\u012bst, ka \u0137ermenis p\u0113c otr\u0101s gr\u016btniec\u012bbas vairs nav t\u0101d\u0101 pa\u0161\u0101 form\u0101 k\u0101 p\u0113c pirm\u0101s. Vi\u0146a ar savu rakstur\u012bgo atkl\u0101t\u012bbu dal\u0101s: \u201cP\u0113c pirm\u0101 b\u0113rna viss sav\u0101 zi\u0146\u0101 \u201catleca\u201d atpaka\u013c, bet p\u0113c otr\u0101 \u2013 nekas t\u0101 \u012bsti neatjaunoj\u0101s.\u201d<\/p>\n<p>\u0160\u012b atkl\u0101t\u0101 saruna n\u0101kusi p\u0113c tam, kad nesen\u0101 pag\u0101tn\u0113 soci\u0101lajos medijos izplat\u012bj\u0101s video, kur\u0101 aktrises izskats tika pla\u0161i apspriests un kritiz\u0113ts, faniem pau\u017eot ba\u017eas, ka vi\u0146a izskat\u0101s \u201cneuzr\u0101d\u0101mi\u201d un \u201cpiln\u012bgi cit\u0101di\u201d nek\u0101 agr\u0101k.<\/p>\n<p>Oper\u0101cijas iemesli \u2013 ne tikai profesion\u0101li<\/p>\n<p>Lai gan aktrisei ir pl\u0101notas kailu ainu film\u0113\u0161anas jaun\u0101 projekt\u0101 pavasar\u012b, vi\u0146a uzsver, ka l\u0113mums par oper\u0101ciju nav saist\u012bts tikai ar profesion\u0101l\u0101m vajadz\u012bb\u0101m. Lorensa atkl\u0101j, ka pat tad, ja neb\u016btu aktrise, vi\u0146a joproj\u0101m apsv\u0113rtu \u0161\u0101du soli. Vi\u0146a ironiski piebilst: \u201cVarb\u016bt es nestrostotos uz viz\u012bti pie \u0101rsta tikpat strauji, ja man neb\u016btu j\u0101apmekl\u0113 tas film\u0113\u0161anas d\u0113\u013c. Bet es dom\u0101ju, ka j\u0101.\u201d<\/p>\n<p>Interesanti, ka Lorensa atkl\u0101jusi ar\u012b savu attieksmi pret cit\u0101m est\u0113tisk\u0101m proced\u016br\u0101m. Vi\u0146a sa\u0146em botoksa injekcijas, bet izvair\u0101s no pildviel\u0101m, jo t\u0101s var\u0113tu b\u016bt redzamas uz kameras un trauc\u0113t vi\u0146as sp\u0113ju emocion\u0101li izteikties lom\u0101s.<\/p>\n<p>Run\u0101jot par iesp\u0113jamu sejas liftingu n\u0101kotn\u0113, aktrise joko: \u201cN\u0113, bet ticiet man, es to dar\u012b\u0161u!\u201d<\/p>\n<p>M\u0101tes pieredze un p\u0113cdzemd\u012bbu r\u016bpes<\/p>\n<p>D\u017eenifera Lorensa, kura kop\u0101 ar v\u012bru Kuku Maroniju audzina divus d\u0113lus, ir atkl\u0101ta ar\u012b par savu pieredzi ar p\u0113cdzemd\u012bbu trauksmi. Vi\u0146a atceras intens\u012bvas bailes un \u0161aubas par sav\u0101m sp\u0113j\u0101m k\u0101 m\u0101tei. Lai gan vi\u0146as pirmais d\u0113ls Sairs (Cy) jau ir tr\u012bs gadus vecs, otr\u0101 d\u0113la piedzim\u0161ana ir rad\u012bjusi jaunas emocion\u0101las virpu\u013cdainas.<\/p>\n<p>Aktrise dal\u012bjusies, ka vi\u0146ai pal\u012bdz\u0113jusi ar\u012b saruna ar m\u0101ksl\u012bg\u0101 intelekta programmu ChatGPT, kas sniegusi mierin\u0101jumu un apstiprin\u0101jumu vi\u0146as maigaj\u0101m m\u0101tes j\u016bt\u0101m.<\/p>\n<p>Lorensa atkl\u0101jusi, ka vi\u0146a ar\u012b s\u0101kusi lietot jaunas, FDA apstiprin\u0101tas z\u0101les p\u0113cdzemd\u012bbu depresijas \u0101rst\u0113\u0161anai, kas iev\u0113rojami uzlaboju\u0161as vi\u0146as pa\u0161saj\u016btu.<\/p>\n<p>\u201cMani b\u0113rni ir main\u012bju\u0161i manu dz\u012bvi, protams, uz labo pusi, un vi\u0146i ir main\u012bju\u0161i mani rado\u0161i. Es \u013coti iesaku dzemd\u0113t b\u0113rnus, ja v\u0113laties b\u016bt aktieris,\u201d piebilst Lorensa, uzsverot, cik liela ietekme m\u0101tes\u012bbai ir uz vi\u0146as karjeru un dz\u012bves kvalit\u0101ti.<\/p>\n","protected":false},"excerpt":{"rendered":"D\u017eeniferai Lorensai jauni izaicin\u0101jumi p\u0113c otr\u0101 b\u0113rna piedzim\u0161anas: pl\u0101nota kr\u016b\u0161u palielin\u0101\u0161anas oper\u0101cija Aktrise D\u017eenifera Lorensa, kura \u0161\u012b gada&hellip;\n","protected":false},"author":2,"featured_media":33302,"comment_status":"","ping_status":"","sticky":false,"template":"","format":"standard","meta":{"footnotes":""},"categories":[19],"tags":[9967,89,90,9969,35,39,38,36,37,34,40,9970,9971,9968],"class_list":{"0":"post-33301","1":"post","2":"type-post","3":"status-publish","4":"format-standard","5":"has-post-thumbnail","7":"category-izklaide","8":"tag-dzenifera-lorensa","9":"tag-entertainment","10":"tag-izklaide","11":"tag-krusu-palielinasana","12":"tag-latvia","13":"tag-latvian","14":"tag-latviesu","15":"tag-latviesu-valoda","16":"tag-latviesuvaloda","17":"tag-latvija","18":"tag-lv","19":"tag-mamina","20":"tag-pecdzemdibu","21":"tag-plastiska-kirurgija"},"share_on_mastodon":{"url":"https:\/\/pubeurope.com\/@lv\/115451119759340814","error":""},"_links":{"self":[{"href":"https:\/\/www.europesays.com\/lv\/wp-json\/wp\/v2\/posts\/33301","targetHints":{"allow":["GET"]}}],"collection":[{"href":"https:\/\/www.europesays.com\/lv\/wp-json\/wp\/v2\/posts"}],"about":[{"href":"https:\/\/www.europesays.com\/lv\/wp-json\/wp\/v2\/types\/post"}],"author":[{"embeddable":true,"href":"https:\/\/www.europesays.com\/lv\/wp-json\/wp\/v2\/users\/2"}],"replies":[{"embeddable":true,"href":"https:\/\/www.europesays.com\/lv\/wp-json\/wp\/v2\/comments?post=33301"}],"version-history":[{"count":0,"href":"https:\/\/www.europesays.com\/lv\/wp-json\/wp\/v2\/posts\/33301\/revisions"}],"wp:featuredmedia":[{"embeddable":true,"href":"https:\/\/www.europesays.com\/lv\/wp-json\/wp\/v2\/media\/33302"}],"wp:attachment":[{"href":"https:\/\/www.europesays.com\/lv\/wp-json\/wp\/v2\/media?parent=33301"}],"wp:term":[{"taxonomy":"category","embeddable":true,"href":"https:\/\/www.europesays.com\/lv\/wp-json\/wp\/v2\/categories?post=33301"},{"taxonomy":"post_tag","embeddable":true,"href":"https:\/\/www.europesays.com\/lv\/wp-json\/wp\/v2\/tags?post=33301"}],"curies":[{"name":"wp","href":"https:\/\/api.w.org\/{rel}","templated":true}]}}