{"id":33316,"date":"2025-10-28T09:45:11","date_gmt":"2025-10-28T09:45:11","guid":{"rendered":"https:\/\/www.europesays.com\/lv\/33316\/"},"modified":"2025-10-28T09:45:11","modified_gmt":"2025-10-28T09:45:11","slug":"ceribas-uz-produktivu-asv-un-kinas-samitu-diena","status":"publish","type":"post","link":"https:\/\/www.europesays.com\/lv\/33316\/","title":{"rendered":"Cer\u012bbas uz produkt\u012bvu ASV un \u0136\u012bnas samitu \/ Diena"},"content":{"rendered":"<p>\t\t&#13;<\/p>\n<p>ASV prezidents Donalds Tramps ar viz\u012bti Jap\u0101n\u0101 vakar turpin\u0101ja savu piecu dienu braucienu uz \u0100ziju, kuru paredz\u0113ts vainagot ar vis\u0101 pasaul\u0113 nepaciet\u012bgi gaid\u012bto vi\u0146a tik\u0161anos ar \u0136\u012bnas l\u012bderi Sji Dzji\u0146pinu Dienvidkorej\u0101. Pasaules finan\u0161u tirgi ar atvieglojumu rea\u0123\u0113ju\u0161i uz sv\u0113tdien izskan\u0113ju\u0161ajiem ASV un \u0136\u012bnas amatpersonu pazi\u0146ojumiem, ka abas valstis ir sp\u0113ju\u0161as pan\u0101kt tirdzniec\u012bbas vieno\u0161anos, kas var\u0113tu \u013caut nov\u0113rst 100% ievedmuitas nodevu ievie\u0161anu \u0136\u012bnas prec\u0113m ASV, savuk\u0101rt \u0136\u012bna nepiepild\u012btu draudus ierobe\u017eot retzemju izrakte\u0146u eksportu un sojas pupi\u0146u ieve\u0161anu no ASV, V\u0113sta AFP.<\/p>\n<p>&#13;<br \/>\n&#13;<\/p>\n<p>Tarifi un pupi\u0146as<\/p>\n<p>&#13;<br \/>\n&#13;<\/p>\n<p>ASV finan\u0161u ministrs Skots Besents sv\u0113tdien intervij\u0101 CBS programm\u0101\u00a0Face the Nation\u00a0pazi\u0146oja, ka br\u012bd\u012b, kad D. Tramps un Sji ceturtdien pazi\u0146os par tirdzniec\u012bbas vieno\u0161anos starp ASV un \u0136\u012bnu, ASV sojas pupi\u0146u audz\u0113t\u0101ji &#8220;jut\u012bsies \u013coti labi par to, kas notiek \u0161aj\u0101 sezon\u0101 un ra\u017eas nov\u0101k\u0161anas sezon\u0101s n\u0101kamajos gados&#8221;. Ministrs ar\u012b pav\u0113st\u012bja, ka ned\u0113\u013cas nogal\u0113 notiku\u0161aj\u0101s tirdzniec\u012bbas sarun\u0101s puses vienoju\u0161\u0101s par to, k\u0101 \u0137\u012bnie\u0161iem piedero\u0161\u0101 \u012bso videov\u0113st\u012bjumu lietotne\u00a0TikTok\u00a0var\u0113tu non\u0101kt amerik\u0101\u0146u kontrol\u0113. \u0160o vieno\u0161anos ar\u012b ceturtdien form\u0101li var\u0113tu apstiprin\u0101t abu valstu l\u012bderi.<\/p>\n<p>&#13;<br \/>\n&#13;<\/p>\n<p>S. Besents un ASV tirdzniec\u012bbas politikas p\u0101rst\u0101vis D\u017eeimisons Gr\u012brs, kuri pavad\u012bja D. Trampu uz Dienvidaustrum\u0101zijas valstu asoci\u0101cijas (ASEAN) samitu Kualalumpur\u0101, Malaizij\u0101, ned\u0113\u013cas nogal\u0113 tur tik\u0101s ar \u0136\u012bnas vicepremjerministru He Lifenu un \u0136\u012bnas galveno tirdzniec\u012bbas sarunved\u0113ju Li \u010cenganu. \u0160\u012b bija piekt\u0101 reize kop\u0161 maija, kad tie\u0161\u0101s sarun\u0101s par savstarp\u0113jo tirdzniec\u012bbu tiku\u0161ies<\/p>\n<p>&#13;<\/p>\n<p>Visu rakstu lasiet av\u012bzes Diena otrdienas, 28. oktobra, numur\u0101! Ja v\u0113laties laikraksta saturu turpm\u0101k las\u012bt druk\u0101t\u0101 form\u0101t\u0101, to iesp\u0113jams abon\u0113t <a href=\"https:\/&lt;b&gt;+&lt;\/strong&gt;&lt;\/p&gt;&#9;&#13;&#10;&#9;&#9;&#9;&lt;footer&gt;&#13;&#10;&#9;&#9;&lt;p&gt;&#13;&#10;&#9;&#9;&#9;&lt;strong&gt;&#13;&#10;&#9;&#9;&#9;&#9;Raksta pilno versiju var ieg\u0101d\u0101ties ar\u012b port\u0101l\u0101 Diena.lv - autoriz\u0113jies,  &lt;a href=\" https:=\"\" onclick=\"Diena.user.showLogin()\">klik\u0161\u0137inot \u0161eit!<\/a>&#13;<br \/>\n\t\t\t&#13;\n\t\t<\/p>\n<p class=\"paid-article-text__price\">&#13;<br \/>\n\t\t\tRaksta cena: \u20ac0.40&#13;\n\t\t<\/p>\n<p class=\"more\">&#13;<br \/>\n\t\t\t&#13;<br \/>\n\t\t\t<a target=\"_blank\" href=\"https:\/\/www.diena.lv\/maksas-saturs\" rel=\"nofollow noopener\">Vair\u0101k inform\u0101cijas<\/a>&#13;\n\t\t<\/p>\n","protected":false},"excerpt":{"rendered":"&#13; ASV prezidents Donalds Tramps ar viz\u012bti Jap\u0101n\u0101 vakar turpin\u0101ja savu piecu dienu braucienu uz \u0100ziju, kuru paredz\u0113ts&hellip;\n","protected":false},"author":2,"featured_media":33317,"comment_status":"","ping_status":"","sticky":false,"template":"","format":"standard","meta":{"footnotes":""},"categories":[14],"tags":[23,57,28,29,32,33,22,30,31,35,39,38,36,37,34,40,20,26,27,24,25,54,55,56,21,58],"class_list":{"0":"post-33316","1":"post","2":"type-post","3":"status-publish","4":"format-standard","5":"has-post-thumbnail","7":"category-zinas-no-arvalstim","8":"tag-aktualitates","9":"tag-arvalstim","10":"tag-breaking-news","11":"tag-breakingnews","12":"tag-featured-news","13":"tag-featurednews","14":"tag-headlines","15":"tag-latest-news","16":"tag-latestnews","17":"tag-latvia","18":"tag-latvian","19":"tag-latviesu","20":"tag-latviesu-valoda","21":"tag-latviesuvaloda","22":"tag-latvija","23":"tag-lv","24":"tag-news","25":"tag-popularakas-zinas","26":"tag-popularakaszinas","27":"tag-top-stories","28":"tag-topstories","29":"tag-world","30":"tag-world-news","31":"tag-worldnews","32":"tag-zinas","33":"tag-zinas-no-arvalstim"},"share_on_mastodon":{"url":"https:\/\/pubeurope.com\/@lv\/115451155145520863","error":""},"_links":{"self":[{"href":"https:\/\/www.europesays.com\/lv\/wp-json\/wp\/v2\/posts\/33316","targetHints":{"allow":["GET"]}}],"collection":[{"href":"https:\/\/www.europesays.com\/lv\/wp-json\/wp\/v2\/posts"}],"about":[{"href":"https:\/\/www.europesays.com\/lv\/wp-json\/wp\/v2\/types\/post"}],"author":[{"embeddable":true,"href":"https:\/\/www.europesays.com\/lv\/wp-json\/wp\/v2\/users\/2"}],"replies":[{"embeddable":true,"href":"https:\/\/www.europesays.com\/lv\/wp-json\/wp\/v2\/comments?post=33316"}],"version-history":[{"count":0,"href":"https:\/\/www.europesays.com\/lv\/wp-json\/wp\/v2\/posts\/33316\/revisions"}],"wp:featuredmedia":[{"embeddable":true,"href":"https:\/\/www.europesays.com\/lv\/wp-json\/wp\/v2\/media\/33317"}],"wp:attachment":[{"href":"https:\/\/www.europesays.com\/lv\/wp-json\/wp\/v2\/media?parent=33316"}],"wp:term":[{"taxonomy":"category","embeddable":true,"href":"https:\/\/www.europesays.com\/lv\/wp-json\/wp\/v2\/categories?post=33316"},{"taxonomy":"post_tag","embeddable":true,"href":"https:\/\/www.europesays.com\/lv\/wp-json\/wp\/v2\/tags?post=33316"}],"curies":[{"name":"wp","href":"https:\/\/api.w.org\/{rel}","templated":true}]}}