{"id":33322,"date":"2025-10-28T09:53:08","date_gmt":"2025-10-28T09:53:08","guid":{"rendered":"https:\/\/www.europesays.com\/lv\/33322\/"},"modified":"2025-10-28T09:53:08","modified_gmt":"2025-10-28T09:53:08","slug":"apsardzes-darbinieka-iespejama-loma-un-jauni-izmeklesanas-paversieni-lente-lv","status":"publish","type":"post","link":"https:\/\/www.europesays.com\/lv\/33322\/","title":{"rendered":"Apsardzes darbinieka iesp\u0113jam\u0101 loma un jauni izmekl\u0113\u0161anas pav\u0113rsieni\u00a0\u2014\u00a0Lente.lv"},"content":{"rendered":"<p>Luvras d\u0101rglietu z\u0101dz\u012bba: Apsardzes darbinieka iesp\u0113jam\u0101 l\u012bdzdal\u012bba un jauni izmekl\u0113\u0161anas pav\u0113rsieni<\/p>\n<p>Par\u012bzes slavenaj\u0101 Luvras muzej\u0101 notikus\u012b d\u0101rglietu z\u0101dz\u012bba, kas satricin\u0101ja m\u0101kslas pasauli un pla\u0161\u0101ku sabiedr\u012bbu, joproj\u0101m ir izmekl\u0113\u0161anas centr\u0101. Jaun\u0101k\u0101 inform\u0101cija, kas n\u0101kusi gaism\u0101, nor\u0101da uz k\u0101da muzeja apsardzes darbinieka iesp\u0113jamu saist\u012bbu ar noziedzniekiem pirms pa\u0161a nozieguma pastr\u0101d\u0101\u0161anas. \u0160is atkl\u0101jums pie\u0161\u0137ir jaunus, intri\u0123\u0113jo\u0161us pagriezienus \u0161ai jau t\u0101 sare\u017e\u0123\u012btajai lietai.<\/p>\n<p>Aizdom\u012bgs kontakts pirms nozieguma<\/p>\n<p>Britu laikraksts &#8220;Daily Telegraph&#8221;, atsaucoties uz izmekl\u0113\u0161anai tuviem avotiem, zi\u0146o, ka viens no Luvras apsardzes darbiniekiem ir kontakt\u0113jies ar person\u0101m, kas v\u0113l\u0101k tika tur\u0113tas aizdom\u0101s par muzeja d\u0101rglietu z\u0101dz\u012bbu. \u0160\u012b inform\u0101cija rada nopietnus jaut\u0101jumus par iek\u0161\u0113jo dro\u0161\u012bbu un to, k\u0101 noziedznieki ieguva konfidenci\u0101lu inform\u0101ciju par muzeja dro\u0161\u012bbas sist\u0113m\u0101m. \u0160\u0137iet, ka vi\u0146i ir zin\u0101ju\u0161i prec\u012bzi, k\u0101 piek\u013c\u016bt v\u0113rt\u012bgajiem ekspon\u0101tiem, kas liecina par r\u016bp\u012bgi pl\u0101notu oper\u0101ciju, kur\u0101 iesp\u0113jams, bijusi iesaist\u012bta k\u0101da persona no muzeja iek\u0161ienes. Par\u012bzes prokurore Laura Beko ir apstiprin\u0101jusi, ka policija akt\u012bvi p\u0101rbauda versiju par k\u0101da Luvras darbinieka iesp\u0113jamu l\u012bdzdal\u012bbu, uzsverot, ka visas iesp\u0113jam\u0101s versijas tiek r\u016bp\u012bgi izskat\u012btas. &#8220;M\u0113s izskat\u0101m visas versijas. Iesp\u0113ja par l\u012bdzdal\u012bbu muzeja iek\u0161ien\u0113 tiks r\u016bp\u012bgi p\u0101rbaud\u012bta, t\u0101pat k\u0101 visi citi varianti,&#8221; nor\u0101d\u012bja prokurore.<\/p>\n<p>Prec\u012bzi pl\u0101nota oper\u0101cija<\/p>\n<p>19. oktobr\u012b notiku\u0161\u0101s z\u0101dz\u012bbas laik\u0101 mask\u0101s t\u0113rpti noziedznieki ielauz\u0101s Luvr\u0101 un asto\u0146u min\u016b\u0161u laik\u0101 nozaga devi\u0146us v\u0113sturiskus ekspon\u0101tus no imperatoru kolekcijas, tostarp Napoleonam un vi\u0146a sievai \u017dozef\u012bnei piedero\u0161as rotaslietas. \u0160\u012bs d\u0101rglietas, kuru kop\u0113j\u0101 v\u0113rt\u012bba tiek l\u0113sta ap 88 miljoniem eiro, ir ne tikai finansi\u0101li v\u0113rt\u012bgas, bet ar\u012b neatk\u0101rtojami v\u0113sturiski artefakti. Lai gan s\u0101kotn\u0113ji tika zi\u0146ots par septi\u0146u min\u016b\u0161u oper\u0101ciju, v\u0113l\u0101ki zi\u0146ojumi preciz\u0113, ka viens no zag\u013cu p\u0101riem pavad\u012bjis galerij\u0101 tikai tr\u012bs min\u016btes un 58 sekundes, kas liecina par neticamu efektivit\u0101ti un prec\u012bzu pl\u0101no\u0161anu. Noziedznieki izmantoja akumulatora darbar\u012bkus, lai iek\u013c\u016btu muzej\u0101 no S\u0113nas puses, un, b\u0113got, pat nometa imperatores Ei\u017eenijas kroni. \u0160is kronis, kas rot\u0101ts ar gandr\u012bz 2000 dimantiem, tika atrasts boj\u0101ts.<\/p>\n<p>Aresti un turpm\u0101k\u0101 izmekl\u0113\u0161ana<\/p>\n<p>P\u0113c ned\u0113\u013cas Francijas mediji zi\u0146oja, ka divi no \u010detriem aizdom\u0101s tur\u0113tajiem ir aiztur\u0113ti. Viens no vi\u0146iem tika sag\u016bst\u012bts Par\u012bzes \u0160arla de Golla lidost\u0101, m\u0113\u0123inot doties uz Al\u017e\u012briju, bet otrs tika aiztur\u0113ts S\u0113nas-Senden\u012b departament\u0101. Aiztur\u0113\u0161anas \u013c\u0101va veikt nozieguma viet\u0101 atrastie DNS pier\u0101d\u012bjumi, tostarp cimdi un atstarojo\u0161\u0101 veste, ko zag\u013ci atst\u0101ju\u0161i aiz sevis. Par\u012bzes prokurat\u016bra apstiprin\u0101jusi aiztur\u0113to personu aiztur\u0113\u0161anu, ta\u010du nav sniegusi s\u012bk\u0101ku inform\u0101ciju par vi\u0146u identit\u0101ti vai iesp\u0113jamo saist\u012bbu ar muzeja person\u0101lu. Izmekl\u0113t\u0101ji ir ieguvu\u0161i vair\u0101k nek\u0101 150 DNS paraugu, pirkstu nospiedumu un citu pavedienu nozieguma viet\u0101, kas pal\u012bdz\u0113s t\u0101l\u0101kaj\u0101 izmekl\u0113\u0161an\u0101. Tom\u0113r past\u0101v ba\u017eas, ka v\u0113rt\u012bg\u0101s rotaslietas jau var\u0113tu b\u016bt sadal\u012btas maz\u0101kos gabalos, lai t\u0101s viegl\u0101k p\u0101rdotu. Zeltu un sudrabu var\u0113tu b\u016bt p\u0101rkaus\u0113ti, savuk\u0101rt d\u0101rgakme\u0146us \u2013 sagriezti s\u012bk\u0101kos gabali\u0146os, kas praktiski padar\u012btu to izseko\u0161anu neiesp\u0113jamu.<\/p>\n<p>Dro\u0161\u012bbas nepiln\u012bbas un n\u0101kotnes pas\u0101kumi<\/p>\n<p>\u0160\u012b drosm\u012bg\u0101 z\u0101dz\u012bba ir izc\u0113lusi nopietnas nepiln\u012bbas Luvras dro\u0161\u012bbas sist\u0113m\u0101, \u012bpa\u0161i novecoju\u0161o videonov\u0113ro\u0161anas sist\u0113mu. Tiek zi\u0146ots, ka vien\u012bg\u0101 kamera, kas atrad\u0101s virs balkona, pa kuru iek\u013cuva laup\u012bt\u0101ji, bija pav\u0113rsta nepareiz\u0101 virzien\u0101, un t\u0101p\u0113c noziegums tika paman\u012bts p\u0101r\u0101k v\u0113lu. Muzeja direktore Laurence des Cars ir atzinusi, ka dro\u0161\u012bbas sist\u0113ma bijusi &#8220;briesm\u012bgs neveiksmes gad\u012bjums&#8221; un ka &#8220;\u0101rk\u0101rt\u012bgi nepietiekama&#8221; bija \u0101r\u0113jo sienu videonov\u0113ro\u0161ana. K\u0101 reakcija uz \u0161o incidentu, da\u013ca no Luvras visv\u0113rt\u012bg\u0101kaj\u0101m rot\u0101m tika p\u0101rvietotas uz Francijas banku, kur t\u0101s tagad glab\u0101sies pazemes seif\u0101. \u0160is notikums liek aizdom\u0101ties par to, ka pat visdro\u0161\u0101kaj\u0101s un visaugst\u0101kaj\u0101m tehnolo\u0123ij\u0101m apr\u012bkotaj\u0101s instit\u016bcij\u0101s dro\u0161\u012bba nekad nedr\u012bkst tikt uztverta par pa\u0161saprotamu.<\/p>\n","protected":false},"excerpt":{"rendered":"Luvras d\u0101rglietu z\u0101dz\u012bba: Apsardzes darbinieka iesp\u0113jam\u0101 l\u012bdzdal\u012bba un jauni izmekl\u0113\u0161anas pav\u0113rsieni Par\u012bzes slavenaj\u0101 Luvras muzej\u0101 notikus\u012b d\u0101rglietu z\u0101dz\u012bba,&hellip;\n","protected":false},"author":2,"featured_media":33323,"comment_status":"","ping_status":"","sticky":false,"template":"","format":"standard","meta":{"footnotes":""},"categories":[5],"tags":[23,9974,28,29,9317,32,33,22,30,31,35,39,38,36,37,34,7894,40,9973,20,7893,26,27,24,25,21],"class_list":{"0":"post-33322","1":"post","2":"type-post","3":"status-publish","4":"format-standard","5":"has-post-thumbnail","7":"category-aktualitates","8":"tag-aktualitates","9":"tag-apsardzes-darbinieks","10":"tag-breaking-news","11":"tag-breakingnews","12":"tag-darglietu-zadziba","13":"tag-featured-news","14":"tag-featurednews","15":"tag-headlines","16":"tag-latest-news","17":"tag-latestnews","18":"tag-latvia","19":"tag-latvian","20":"tag-latviesu","21":"tag-latviesu-valoda","22":"tag-latviesuvaloda","23":"tag-latvija","24":"tag-luvra","25":"tag-lv","26":"tag-muzeja-drosiba","27":"tag-news","28":"tag-parize","29":"tag-popularakas-zinas","30":"tag-popularakaszinas","31":"tag-top-stories","32":"tag-topstories","33":"tag-zinas"},"share_on_mastodon":{"url":"https:\/\/pubeurope.com\/@lv\/115451186741670265","error":""},"_links":{"self":[{"href":"https:\/\/www.europesays.com\/lv\/wp-json\/wp\/v2\/posts\/33322","targetHints":{"allow":["GET"]}}],"collection":[{"href":"https:\/\/www.europesays.com\/lv\/wp-json\/wp\/v2\/posts"}],"about":[{"href":"https:\/\/www.europesays.com\/lv\/wp-json\/wp\/v2\/types\/post"}],"author":[{"embeddable":true,"href":"https:\/\/www.europesays.com\/lv\/wp-json\/wp\/v2\/users\/2"}],"replies":[{"embeddable":true,"href":"https:\/\/www.europesays.com\/lv\/wp-json\/wp\/v2\/comments?post=33322"}],"version-history":[{"count":0,"href":"https:\/\/www.europesays.com\/lv\/wp-json\/wp\/v2\/posts\/33322\/revisions"}],"wp:featuredmedia":[{"embeddable":true,"href":"https:\/\/www.europesays.com\/lv\/wp-json\/wp\/v2\/media\/33323"}],"wp:attachment":[{"href":"https:\/\/www.europesays.com\/lv\/wp-json\/wp\/v2\/media?parent=33322"}],"wp:term":[{"taxonomy":"category","embeddable":true,"href":"https:\/\/www.europesays.com\/lv\/wp-json\/wp\/v2\/categories?post=33322"},{"taxonomy":"post_tag","embeddable":true,"href":"https:\/\/www.europesays.com\/lv\/wp-json\/wp\/v2\/tags?post=33322"}],"curies":[{"name":"wp","href":"https:\/\/api.w.org\/{rel}","templated":true}]}}