{"id":33324,"date":"2025-10-28T09:54:13","date_gmt":"2025-10-28T09:54:13","guid":{"rendered":"https:\/\/www.europesays.com\/lv\/33324\/"},"modified":"2025-10-28T09:54:13","modified_gmt":"2025-10-28T09:54:13","slug":"aminatas-koncertu-palladium-iesildis-rigas-sarkanais-koris-piedalisies-tautumeitas-sudden-lights-un-zelgis","status":"publish","type":"post","link":"https:\/\/www.europesays.com\/lv\/33324\/","title":{"rendered":"Aminatas koncertu &#8220;Palladium&#8221; iesild\u012bs R\u012bgas sarkanais koris; piedal\u012bsies &#8220;Tautumeitas&#8221;, &#8220;Sudden Lights&#8221; un Ze\u013c\u0123is"},"content":{"rendered":"<p>Aminatas komanda nupat izzi\u0146ojusi, ka koncertu iesild\u012bs TV \u0161ova \u201cKoru kari\u201d iem\u012b\u013cotais R\u012bgas sarkanais koris. Uz skatuves l\u012bdz\u0101s Aminatai k\u0101ps ar\u012b &#8220;Tautumeitas&#8221;, &#8220;Sudden Lights&#8221; un reperis <a href=\"https:\/\/sejas.tvnet.lv\/term\/700648\/zelgis\" class=\"topicLink\" target=\"_blank\" rel=\"nofollow noopener\">Ze\u013c\u0123is<\/a>.<\/p>\n<p><a href=\"https:\/\/sejas.tvnet.lv\/term\/562172\/aminata\" class=\"topicLink\" target=\"_blank\" rel=\"nofollow noopener\">Aminata<\/a> uz &#8220;Palladium&#8221; skatuves klaus\u012bt\u0101jiem pirmo reizi dz\u012bvaj\u0101 sniegum\u0101 prezent\u0113s savu jaun\u0101ko studijas albumu Liela meitene, l\u012bdz \u0161im atkl\u0101t\u0101ko un drosm\u012bg\u0101ko ierakstu sav\u0101 karjer\u0101.<\/p>\n<p>\u201c\u0160is albums ir st\u0101sts par izaugsmi, iek\u0161\u0113jo drosmi un pie\u0146em\u0161anu. Tas ir mans ce\u013c\u0161 gan k\u0101 sievietei, gan k\u0101 m\u0101ksliniecei,\u201d saka Aminata.<\/p>\n<p>\u201cRakstot to, es \u013c\u0101vos vis\u0101m saj\u016bt\u0101m un pieredz\u0113m bez cenz\u016bras. P\u0113c \u0161\u012b albuma \u0161\u0137iet, ka viss, ko v\u0113l\u0113jos pateikt, beidzot ir pateikts.\u201d<\/p>\n<p>Pirms Aminatas uz skatuves k\u0101ps R\u012bgas sarkanais koris \u2013 16 dzied\u0101t\u0101ji, kuru muzik\u0101lais ce\u013c\u0161 aizs\u0101k\u0101s telev\u012bzijas projekt\u0101 \u201cKoru kari\u201d. Kori vada kormeistars Rihards Lapi\u0146\u0161, un t\u0101 dal\u012bbnieki ar savu ener\u0123iju un patieso m\u012blest\u012bbu pret m\u016bziku ienes siltumu ikvien\u0101 uzst\u0101\u0161an\u0101s reiz\u0113.<\/p>\n<p>Aminata koment\u0113: \u201cMan ir liels prieks, ka \u201cKoru karu\u201d projekta ietvaros iepazinos ar tik talant\u012bgiem un akt\u012bviem jaunie\u0161iem, kuri jau \u0161odien sper pirmos so\u013cus m\u016bzik\u0101 un izdod savu m\u016bziku. Dom\u0101jot par koncerta iesildo\u0161o m\u0101kslinieku, es uzreiz jutu, ka tas nevar b\u016bt neviens cits k\u0101 mans R\u012bgas sarkanais koris \u2013 kop\u0101 noiets tik sirsn\u012bgs ce\u013c\u0161, un es patiesi ticu, ka vi\u0146i p\u0101rsteigs koncerta apmekl\u0113t\u0101jus ar savu talantu.\u201d<\/p>\n","protected":false},"excerpt":{"rendered":"Aminatas komanda nupat izzi\u0146ojusi, ka koncertu iesild\u012bs TV \u0161ova \u201cKoru kari\u201d iem\u012b\u013cotais R\u012bgas sarkanais koris. Uz skatuves l\u012bdz\u0101s&hellip;\n","protected":false},"author":2,"featured_media":33325,"comment_status":"","ping_status":"","sticky":false,"template":"","format":"standard","meta":{"footnotes":""},"categories":[19],"tags":[9975,5782,89,90,35,39,38,36,37,34,40,1337,4635,6325,8622,5784],"class_list":{"0":"post-33324","1":"post","2":"type-post","3":"status-publish","4":"format-standard","5":"has-post-thumbnail","7":"category-izklaide","8":"tag-koru-kari","9":"tag-aminata","10":"tag-entertainment","11":"tag-izklaide","12":"tag-latvia","13":"tag-latvian","14":"tag-latviesu","15":"tag-latviesu-valoda","16":"tag-latviesuvaloda","17":"tag-latvija","18":"tag-lv","19":"tag-palladium","20":"tag-palladium-riga","21":"tag-sudden-lights","22":"tag-tautumeitas","23":"tag-zelgis"},"share_on_mastodon":{"url":"https:\/\/pubeurope.com\/@lv\/115451190485588161","error":""},"_links":{"self":[{"href":"https:\/\/www.europesays.com\/lv\/wp-json\/wp\/v2\/posts\/33324","targetHints":{"allow":["GET"]}}],"collection":[{"href":"https:\/\/www.europesays.com\/lv\/wp-json\/wp\/v2\/posts"}],"about":[{"href":"https:\/\/www.europesays.com\/lv\/wp-json\/wp\/v2\/types\/post"}],"author":[{"embeddable":true,"href":"https:\/\/www.europesays.com\/lv\/wp-json\/wp\/v2\/users\/2"}],"replies":[{"embeddable":true,"href":"https:\/\/www.europesays.com\/lv\/wp-json\/wp\/v2\/comments?post=33324"}],"version-history":[{"count":0,"href":"https:\/\/www.europesays.com\/lv\/wp-json\/wp\/v2\/posts\/33324\/revisions"}],"wp:featuredmedia":[{"embeddable":true,"href":"https:\/\/www.europesays.com\/lv\/wp-json\/wp\/v2\/media\/33325"}],"wp:attachment":[{"href":"https:\/\/www.europesays.com\/lv\/wp-json\/wp\/v2\/media?parent=33324"}],"wp:term":[{"taxonomy":"category","embeddable":true,"href":"https:\/\/www.europesays.com\/lv\/wp-json\/wp\/v2\/categories?post=33324"},{"taxonomy":"post_tag","embeddable":true,"href":"https:\/\/www.europesays.com\/lv\/wp-json\/wp\/v2\/tags?post=33324"}],"curies":[{"name":"wp","href":"https:\/\/api.w.org\/{rel}","templated":true}]}}