{"id":33420,"date":"2025-10-28T11:35:08","date_gmt":"2025-10-28T11:35:08","guid":{"rendered":"https:\/\/www.europesays.com\/lv\/33420\/"},"modified":"2025-10-28T11:35:08","modified_gmt":"2025-10-28T11:35:08","slug":"ptac-piemerojis-ride-desmit-tukstosu-eiro-lielu-sodu","status":"publish","type":"post","link":"https:\/\/www.europesays.com\/lv\/33420\/","title":{"rendered":"PTAC piem\u0113rojis \u201cRide\u201d desmit t\u016bksto\u0161u eiro lielu sodu"},"content":{"rendered":"<p>PTAC direktore Zaiga Liepi\u0146a: \u201cSvar\u012bg\u0101kais, ka ir nov\u0113rsts b\u016btisk\u0101kais dro\u0161uma risks \u2013\u00a0 pakalpojums vairs nav viegli pieejams b\u0113rniem. Aicinu ar\u012b citus mikromobilit\u0101tes r\u012bku nomas pakalpojumu sniedz\u0113jus ieviest uzticamas personu vecuma verifik\u0101cijas metodes p\u0113c iesp\u0113jas \u0101tri, kam PTAC sekos l\u012bdzi.\u201d<\/p>\n<p>\u0160obr\u012bd Eiropas Komisija str\u0101d\u0101 pie vecuma verifik\u0101cijas lietotnes izstr\u0101des. Nupat ir s\u0101cies otrais posms, kad p\u0101r\u0113j\u0101m dal\u012bbvalst\u012bm ir iesp\u0113ja tikties ar lietotnes izstr\u0101d\u0101t\u0101ju un uzs\u0101kt t\u0101s piel\u0101go\u0161anu savas valsts pras\u012bb\u0101m un vajadz\u012bb\u0101m.<\/p>\n<p>Pa\u0161laik Latvij\u0101 liel\u0101koties netiek nodro\u0161in\u0101tas pien\u0101c\u012bgas vecuma p\u0101rbaudes pirms piek\u013c\u016b\u0161anas digit\u0101lajam saturam un pakalpojumiem. Pa\u0161deklar\u0101cija \u2013 kad lietot\u0101jam tiek pied\u0101v\u0101ts izv\u0113l\u0113ties vai cit\u0101di atz\u012bm\u0113t to, vai vi\u0146am ir vai nav 18 gadi \u2013 PTAC ieskat\u0101 nav uzskat\u0101ma par pietiekamu instrumentu vecuma verifik\u0101cijai.<\/p>\n<p>PTAC ieskat\u0101 ES m\u0113roga vecuma verifik\u0101cijas lietotne atrisin\u0101tu b\u016btisku da\u013cu probl\u0113mu, kas ir saist\u012btas ar nepilngad\u012bgo piek\u013cuvi neatbilsto\u0161am saturam un pakalpojumiem. Latvijas atbild\u012bgaj\u0101m instit\u016bcij\u0101m intens\u012bvi j\u0101mekl\u0113 iesp\u0113jas ieg\u016bt \u0161o lietotni, lai nodro\u0161in\u0101tu b\u0113rnu un jaunie\u0161u aizsardz\u012bbu digit\u0101laj\u0101 vid\u0113.<\/p>\n<p>PTAC atg\u0101dina, ka pakalpojuma sniedz\u0113jam ir pien\u0101kums regul\u0101ri izv\u0113rt\u0113t savu sniegto\u00a0 pakalpojumu dro\u0161umu, \u012bpa\u0161i attiec\u012bb\u0101 uz mazaizsarg\u0101t\u0101m pat\u0113r\u0113t\u0101ju grup\u0101m, un nodro\u0161in\u0101t atbilst\u012bbu normat\u012bvajam regul\u0113jumam, tostarp paredz\u0113tajiem\u00a0 Ce\u013cu satiksmes likuma groz\u012bjumiem.<\/p>\n<p class=\"tv3-fw-500\">Zi\u0146o par k\u013c\u016bdu rakst\u0101<\/p>\n<p class=\"d-md-block d-none\">Iez\u012bm\u0113 k\u013c\u016bdaino tekstu un spied Ctrl+Enter.<\/p>\n<p class=\"d-md-none d-block\">Iez\u012bm\u0113 k\u013c\u016bdaino tekstu un zi\u0146o par to!<\/p>\n","protected":false},"excerpt":{"rendered":"PTAC direktore Zaiga Liepi\u0146a: \u201cSvar\u012bg\u0101kais, ka ir nov\u0113rsts b\u016btisk\u0101kais dro\u0161uma risks \u2013\u00a0 pakalpojums vairs nav viegli pieejams b\u0113rniem.&hellip;\n","protected":false},"author":2,"featured_media":33421,"comment_status":"","ping_status":"","sticky":false,"template":"","format":"standard","meta":{"footnotes":""},"categories":[5],"tags":[23,28,29,9996,32,33,22,30,31,35,39,38,36,37,34,40,20,26,27,24,25,21],"class_list":{"0":"post-33420","1":"post","2":"type-post","3":"status-publish","4":"format-standard","5":"has-post-thumbnail","7":"category-aktualitates","8":"tag-aktualitates","9":"tag-breaking-news","10":"tag-breakingnews","11":"tag-elektroskrejritenipateretaju-tiesibu-aizsardzibas-centrsptacride","12":"tag-featured-news","13":"tag-featurednews","14":"tag-headlines","15":"tag-latest-news","16":"tag-latestnews","17":"tag-latvia","18":"tag-latvian","19":"tag-latviesu","20":"tag-latviesu-valoda","21":"tag-latviesuvaloda","22":"tag-latvija","23":"tag-lv","24":"tag-news","25":"tag-popularakas-zinas","26":"tag-popularakaszinas","27":"tag-top-stories","28":"tag-topstories","29":"tag-zinas"},"share_on_mastodon":{"url":"https:\/\/pubeurope.com\/@lv\/115451587685807416","error":""},"_links":{"self":[{"href":"https:\/\/www.europesays.com\/lv\/wp-json\/wp\/v2\/posts\/33420","targetHints":{"allow":["GET"]}}],"collection":[{"href":"https:\/\/www.europesays.com\/lv\/wp-json\/wp\/v2\/posts"}],"about":[{"href":"https:\/\/www.europesays.com\/lv\/wp-json\/wp\/v2\/types\/post"}],"author":[{"embeddable":true,"href":"https:\/\/www.europesays.com\/lv\/wp-json\/wp\/v2\/users\/2"}],"replies":[{"embeddable":true,"href":"https:\/\/www.europesays.com\/lv\/wp-json\/wp\/v2\/comments?post=33420"}],"version-history":[{"count":0,"href":"https:\/\/www.europesays.com\/lv\/wp-json\/wp\/v2\/posts\/33420\/revisions"}],"wp:featuredmedia":[{"embeddable":true,"href":"https:\/\/www.europesays.com\/lv\/wp-json\/wp\/v2\/media\/33421"}],"wp:attachment":[{"href":"https:\/\/www.europesays.com\/lv\/wp-json\/wp\/v2\/media?parent=33420"}],"wp:term":[{"taxonomy":"category","embeddable":true,"href":"https:\/\/www.europesays.com\/lv\/wp-json\/wp\/v2\/categories?post=33420"},{"taxonomy":"post_tag","embeddable":true,"href":"https:\/\/www.europesays.com\/lv\/wp-json\/wp\/v2\/tags?post=33420"}],"curies":[{"name":"wp","href":"https:\/\/api.w.org\/{rel}","templated":true}]}}