{"id":33473,"date":"2025-10-28T12:52:08","date_gmt":"2025-10-28T12:52:08","guid":{"rendered":"https:\/\/www.europesays.com\/lv\/33473\/"},"modified":"2025-10-28T12:52:08","modified_gmt":"2025-10-28T12:52:08","slug":"nakamajam-gadam-palielinas-bretlinu-un-rengu-nozvejas-kvotas-baltijas-jura","status":"publish","type":"post","link":"https:\/\/www.europesays.com\/lv\/33473\/","title":{"rendered":"N\u0101kamajam gadam palielin\u0101s br\u0113tli\u0146u un re\u0146\u0123u nozvejas kvotas Baltijas j\u016br\u0101"},"content":{"rendered":"<p>Krauze nor\u0101da, ka pie\u0146emtie l\u0113mumi, kas tie\u0161\u0101 veid\u0101 skar zvejniekus, zivju apstr\u0101d\u0101t\u0101jus un piekrastes ciematu iedz\u012bvot\u0101jus, nedr\u012bkst b\u016bt nep\u0101rdom\u0101ti un ar graujo\u0161u ietekmi.<\/p>\n<p>P\u0113c Krauzes sac\u012bt\u0101, j\u0101\u0146em v\u0113r\u0101 zin\u0101tnieku teiktais p\u0113c zivju resursu r\u016bp\u012bga nov\u0113rt\u0113juma. To pied\u0101v\u0101t\u0101s pie\u013caujam\u0101s zvejas iesp\u0113jas ir atbilsto\u0161i j\u0101izmanto, nevis j\u0101mekl\u0113 iemesli, lai to nedar\u012btu. Vienlaikus jebkuri samazin\u0101jumi no EK puses tiek pied\u0101v\u0101ti k\u0101 pa\u0161saprotami. &#8220;\u0160\u0101da attieksme man nav pie\u0146emama, jo tai ir tie\u0161a negat\u012bva ietekme uz zvejniekiem un vi\u0146u uztic\u012bbu Eirop\u0101 pie\u0146emamajiem l\u0113mumiem. M\u0113s nepras\u0101m vair\u0101k, k\u0101 iesp\u0113jams, bet gan to, ko pie\u013cauj zin\u0101tne,&#8221; uzsver Krauze.<\/p>\n<p>Ministra ieskat\u0101 \u0161\u0101di l\u0113mumi nedr\u012bkst rad\u012bt apdraud\u0113jumu zvejniec\u012bbas past\u0101v\u0113\u0161anai Baltijas j\u016br\u0101 un tradicion\u0101lajam piekrastes dz\u012bvesveidam, k\u0101 to izrais\u012btu EK pied\u0101v\u0101tais radik\u0101lais mencu piezvejas ierobe\u017eojums. Sasniegtais rezult\u0101ts noteikti ir svar\u012bgs gr\u016bto sarunu ieguvums piekrastes zvejas intere\u0161u aizst\u0101v\u012bbai.<\/p>\n<p>&#8220;Apst\u0101k\u013cos, kad Krievija turpina palielin\u0101t savu zveju Baltijas j\u016br\u0101 un ar to ne\u013cauj uzlabot mencu un citu v\u0113rt\u012bgo zivju st\u0101vokli, EK samazin\u0101juma pie\u0146em\u0161ana b\u016btu ES zvejniekiem kait\u0113jo\u0161s l\u0113mums, t\u0101p\u0113c es vair\u0101kk\u0101rt esmu uzst\u0101jis uz sankciju noteik\u0161anas nepiecie\u0161am\u012bbu Krievijas zivju produktu tirdzniec\u012bbai ES,&#8221; pau\u017e Krauze.<\/p>\n<p>Pret EK priek\u0161likumu nepalielin\u0101t br\u0113tli\u0146as un Baltijas j\u016bras re\u0146\u0123es zvejas iesp\u0113jas, ko at\u013cauj zin\u0101tnes ieteikumi, neapmierin\u0101t\u012bbu pauda praktiski visas Baltijas j\u016bras valstis, kaut gan re\u0146\u0123u zvejas iesp\u0113ju palielin\u0101\u0161anas zi\u0146\u0101 t\u0101s bija daudz piesardz\u012bg\u0101kas. T\u0101pat Latvijai un p\u0101r\u0113j\u0101m valst\u012bm nebija pie\u0146emami, ka EK sav\u0101 priek\u0161likum\u0101 stingri iev\u0113roja zin\u0101tnes ieteikumus tikai kvotu samazin\u0101juma gad\u012bjum\u0101, bet ne saist\u012bb\u0101 ar palielin\u0101jumu. T\u0101 nebija l\u012bdzv\u0113rt\u012bga pieeja zin\u0101tnes ieteikumu izmanto\u0161an\u0101.<\/p>\n","protected":false},"excerpt":{"rendered":"Krauze nor\u0101da, ka pie\u0146emtie l\u0113mumi, kas tie\u0161\u0101 veid\u0101 skar zvejniekus, zivju apstr\u0101d\u0101t\u0101jus un piekrastes ciematu iedz\u012bvot\u0101jus, nedr\u012bkst b\u016bt&hellip;\n","protected":false},"author":2,"featured_media":33474,"comment_status":"","ping_status":"","sticky":false,"template":"","format":"standard","meta":{"footnotes":""},"categories":[12],"tags":[23,1934,28,29,32,33,22,30,31,35,39,38,36,37,34,40,20,9477,26,27,24,25,21,977],"class_list":{"0":"post-33473","1":"post","2":"type-post","3":"status-publish","4":"format-standard","5":"has-post-thumbnail","7":"category-latvija","8":"tag-aktualitates","9":"tag-baltijas-jura","10":"tag-breaking-news","11":"tag-breakingnews","12":"tag-featured-news","13":"tag-featurednews","14":"tag-headlines","15":"tag-latest-news","16":"tag-latestnews","17":"tag-latvia","18":"tag-latvian","19":"tag-latviesu","20":"tag-latviesu-valoda","21":"tag-latviesuvaloda","22":"tag-latvija","23":"tag-lv","24":"tag-news","25":"tag-nozveja","26":"tag-popularakas-zinas","27":"tag-popularakaszinas","28":"tag-top-stories","29":"tag-topstories","30":"tag-zinas","31":"tag-zivis"},"share_on_mastodon":{"url":"https:\/\/pubeurope.com\/@lv\/115451890437670453","error":""},"_links":{"self":[{"href":"https:\/\/www.europesays.com\/lv\/wp-json\/wp\/v2\/posts\/33473","targetHints":{"allow":["GET"]}}],"collection":[{"href":"https:\/\/www.europesays.com\/lv\/wp-json\/wp\/v2\/posts"}],"about":[{"href":"https:\/\/www.europesays.com\/lv\/wp-json\/wp\/v2\/types\/post"}],"author":[{"embeddable":true,"href":"https:\/\/www.europesays.com\/lv\/wp-json\/wp\/v2\/users\/2"}],"replies":[{"embeddable":true,"href":"https:\/\/www.europesays.com\/lv\/wp-json\/wp\/v2\/comments?post=33473"}],"version-history":[{"count":0,"href":"https:\/\/www.europesays.com\/lv\/wp-json\/wp\/v2\/posts\/33473\/revisions"}],"wp:featuredmedia":[{"embeddable":true,"href":"https:\/\/www.europesays.com\/lv\/wp-json\/wp\/v2\/media\/33474"}],"wp:attachment":[{"href":"https:\/\/www.europesays.com\/lv\/wp-json\/wp\/v2\/media?parent=33473"}],"wp:term":[{"taxonomy":"category","embeddable":true,"href":"https:\/\/www.europesays.com\/lv\/wp-json\/wp\/v2\/categories?post=33473"},{"taxonomy":"post_tag","embeddable":true,"href":"https:\/\/www.europesays.com\/lv\/wp-json\/wp\/v2\/tags?post=33473"}],"curies":[{"name":"wp","href":"https:\/\/api.w.org\/{rel}","templated":true}]}}