{"id":33475,"date":"2025-10-28T12:54:13","date_gmt":"2025-10-28T12:54:13","guid":{"rendered":"https:\/\/www.europesays.com\/lv\/33475\/"},"modified":"2025-10-28T12:54:13","modified_gmt":"2025-10-28T12:54:13","slug":"tina-karola-paskaidroja-kapec-izveda-delu-uz-arzemem","status":"publish","type":"post","link":"https:\/\/www.europesays.com\/lv\/33475\/","title":{"rendered":"T\u012bna Karola paskaidroja, k\u0101p\u0113c izveda d\u0113lu uz \u0101rzem\u0113m"},"content":{"rendered":"<p>Popul\u0101r\u0101 ukrai\u0146u dzied\u0101t\u0101ja T\u012bna Karola pirmo reizi paskaidroja, k\u0101p\u0113c nos\u016bt\u012bja savu vien\u012bgo d\u0113lu Veniaminu m\u0101c\u012bb\u0101m Anglij\u0101, kad vi\u0146am bija 8 gadi, raksta Focus.<\/p>\n<p>M\u0101ksliniece, kura p\u0113c v\u012bra un producenta Jevge\u0146ija Ogi\u013ca n\u0101ves audzin\u0101ja z\u0113nu viena, atzina, ka vi\u0146as solis bija dikt\u0113ts bail\u0113m no p\u0101rm\u0113r\u012bgas radinieku apr\u016bpes un v\u0113lmes nodro\u0161in\u0101t d\u0113lam norm\u0101lu, neatkar\u012bgu no vi\u0146as zvaig\u017e\u0146u statusa b\u0113rn\u012bbu. Par to vi\u0146a pazi\u0146oja intervij\u0101 Annai Haustovai.<\/p>\n<p>&#8220;Lai vi\u0146\u0161 neizaugtu par &#8216;n\u016bju&#8217;, lai neb\u016btu t\u0101, ka blakus ir om\u012btes un visi kaut ko nes. To bija j\u0101iztur,&#8221; skaidroja 40 gadus vec\u0101 izpild\u012bt\u0101ja.<\/p>\n<p>Veniamina audzin\u0101\u0161ana<\/p>\n<p>T\u012bna atz\u012bm\u0113ja, ka p\u0113c tra\u0123isk\u0101s v\u012bra zaud\u0113\u0161anas visa \u0123imene cent\u0101s maksim\u0101li r\u016bp\u0113ties par z\u0113nu, un tas var\u0113ja trauc\u0113t vi\u0146a patst\u0101v\u012bgai att\u012bst\u012bbai. M\u0101ksliniece nol\u0113ma, ka lab\u0101kais variants vi\u0146a att\u012bst\u012bbai b\u016bs piln\u012bga neatkar\u012bba no zvaig\u017e\u0146u apk\u0101rtnes.<\/p>\n<p>&#8220;Toreiz visi mani nosod\u012bja par \u0161o soli, p\u0101rm\u0101c\u012bja, ka es &#8216;pametu b\u0113rnu&#8217;,&#8221; dal\u012bj\u0101s Karola, uzsverot, ka tas bija k\u013c\u016bdains uzskats. Vi\u0146a uzsv\u0113ra, ka past\u0101v\u012bgi uztur\u0113ja saikni ar d\u0113lu un regul\u0101ri vi\u0146u apmekl\u0113ja.<\/p>\n<p>Veniaminam tika izv\u0113l\u0113ta ukrai\u0146u \u0123imene, kas par vi\u0146u r\u016bp\u0113j\u0101s, lai d\u0113ls augtu vi\u0146am ierastaj\u0101 kult\u016bras vid\u0113.<\/p>\n<p>Kur tagad ir T\u012bnas Karolas d\u0113ls<\/p>\n<p>Tagad 16 gadus vecais Veniamins m\u0101c\u0101s koled\u017e\u0101. Vi\u0146\u0161 patst\u0101v\u012bgi izv\u0113l\u0113j\u0101s tehnisko virzienu, stud\u0113jot ekonomiku, politolo\u0123iju un biznesu. Br\u012bvaj\u0101 laik\u0101 puisis aizraujas ar futbolu.<\/p>\n<p>Dzied\u0101t\u0101ja atz\u012bst, ka uzst\u0101ja, lai Veniamins nesasaist\u012btu savu n\u0101kotni ar m\u016bzikas industriju, lai gan, \u0146emot v\u0113r\u0101 vi\u0146a rado\u0161o apk\u0101rtni, tas var\u0113ja \u0161\u0137ist ac\u012bmredzams izv\u0113les variants.<\/p>\n","protected":false},"excerpt":{"rendered":"Popul\u0101r\u0101 ukrai\u0146u dzied\u0101t\u0101ja T\u012bna Karola pirmo reizi paskaidroja, k\u0101p\u0113c nos\u016bt\u012bja savu vien\u012bgo d\u0113lu Veniaminu m\u0101c\u012bb\u0101m Anglij\u0101, kad vi\u0146am&hellip;\n","protected":false},"author":2,"featured_media":33476,"comment_status":"","ping_status":"","sticky":false,"template":"","format":"standard","meta":{"footnotes":""},"categories":[19],"tags":[89,90,35,39,38,36,37,34,40],"class_list":{"0":"post-33475","1":"post","2":"type-post","3":"status-publish","4":"format-standard","5":"has-post-thumbnail","7":"category-izklaide","8":"tag-entertainment","9":"tag-izklaide","10":"tag-latvia","11":"tag-latvian","12":"tag-latviesu","13":"tag-latviesu-valoda","14":"tag-latviesuvaloda","15":"tag-latvija","16":"tag-lv"},"share_on_mastodon":{"url":"https:\/\/pubeurope.com\/@lv\/115451898317531039","error":""},"_links":{"self":[{"href":"https:\/\/www.europesays.com\/lv\/wp-json\/wp\/v2\/posts\/33475","targetHints":{"allow":["GET"]}}],"collection":[{"href":"https:\/\/www.europesays.com\/lv\/wp-json\/wp\/v2\/posts"}],"about":[{"href":"https:\/\/www.europesays.com\/lv\/wp-json\/wp\/v2\/types\/post"}],"author":[{"embeddable":true,"href":"https:\/\/www.europesays.com\/lv\/wp-json\/wp\/v2\/users\/2"}],"replies":[{"embeddable":true,"href":"https:\/\/www.europesays.com\/lv\/wp-json\/wp\/v2\/comments?post=33475"}],"version-history":[{"count":0,"href":"https:\/\/www.europesays.com\/lv\/wp-json\/wp\/v2\/posts\/33475\/revisions"}],"wp:featuredmedia":[{"embeddable":true,"href":"https:\/\/www.europesays.com\/lv\/wp-json\/wp\/v2\/media\/33476"}],"wp:attachment":[{"href":"https:\/\/www.europesays.com\/lv\/wp-json\/wp\/v2\/media?parent=33475"}],"wp:term":[{"taxonomy":"category","embeddable":true,"href":"https:\/\/www.europesays.com\/lv\/wp-json\/wp\/v2\/categories?post=33475"},{"taxonomy":"post_tag","embeddable":true,"href":"https:\/\/www.europesays.com\/lv\/wp-json\/wp\/v2\/tags?post=33475"}],"curies":[{"name":"wp","href":"https:\/\/api.w.org\/{rel}","templated":true}]}}