{"id":33479,"date":"2025-10-28T13:06:21","date_gmt":"2025-10-28T13:06:21","guid":{"rendered":"https:\/\/www.europesays.com\/lv\/33479\/"},"modified":"2025-10-28T13:06:21","modified_gmt":"2025-10-28T13:06:21","slug":"grupa-kautkaili-janvari-uzstasies-splendid-palace-ar-tures-nosleguma-koncertu-2","status":"publish","type":"post","link":"https:\/\/www.europesays.com\/lv\/33479\/","title":{"rendered":"Grupa &#8220;Kautkaili&#8221; janv\u0101r\u012b uzst\u0101sies &#8220;Splendid Palace&#8221; ar t\u016bres nosl\u0113guma koncertu"},"content":{"rendered":"<p>Grupa &#8220;Kautkaili&#8221; pagarina elektroakustisko t\u016bri &#8220;Kur klusums zied&#8221; un izzi\u0146o papildu koncertu, kas norisin\u0101sies R\u012bg\u0101, kinote\u0101tr\u012b &#8220;Splendid Palace&#8221;, n\u0101kam\u0101 gada 11. janv\u0101r\u012b, a\u0123ent\u016bru LETA inform\u0113ja komp\u0101nijas &#8220;Every little thing&#8221; p\u0101rst\u0101ve Guna Zu\u010dika.<\/p>\n<p>T\u016bre &#8220;Kur klusums zied&#8221; s\u0101k\u0101s septembr\u012b un l\u012bdz novembrim aptv\u0113ra 11 Latvijas pils\u0113tas &#8211; no Talsiem, R\u0113zeknes un Kuld\u012bgas l\u012bdz Liep\u0101jai, Saldum, Ogrei, \u0100da\u017eiem, Valmierai un Ulbrokai.<\/p>\n<p>Grupa nor\u0101da, ka t\u016bre bijusi piedz\u012bvojums, kas licis p\u0101rvar\u0113t \u0161aubas par sp\u0113ju sasniegt jaunus klaus\u012bt\u0101jus. Redzot cilv\u0113ku atsauc\u012bbu, &#8220;Kautkaili&#8221; nol\u0113mu\u0161i nosl\u0113gt t\u016bri ar koncertu R\u012bg\u0101.<\/p>\n<p>L\u012bdz ar koncerta izzi\u0146o\u0161anu grupa izdod jaunu dziesmu &#8220;Divas saules&#8221;, kas tapusi sadarb\u012bb\u0101 ar dzejnieci Antru Krasno un velt\u012bta m\u0101mi\u0146\u0101m. Dziesma pieejama vis\u0101s m\u016bzikas straum\u0113\u0161anas platform\u0101s.<\/p>\n<p>Grup\u0101 &#8220;Kautkaili&#8221; muzic\u0113 Krist\u012bne P\u0101\u017ee, Didzis Bardo un Krists Kr\u016bskops. Grupa sav\u0101 skan\u0113jum\u0101 apvieno pag\u0101ju\u0161\u0101 gadsimta 90. gadu latvie\u0161u alternat\u012bvo popm\u016bziku ar soulm\u016bzikas elementiem.<\/p>\n<p><img decoding=\"async\" src=\"https:\/\/www.europesays.com\/lv\/wp-content\/uploads\/2025\/10\/81b33919e02151c25b50f92150c94587.jpg\" title=\"Foto: Ivars Soik\u0101ns\/LETA\" alt=\"Foto: Ivars Soik\u0101ns\/LETA\"\/><\/p>\n<p class=\"article-img-desc\">Foto: Ivars Soik\u0101ns\/LETA<\/p>\n","protected":false},"excerpt":{"rendered":"Grupa &#8220;Kautkaili&#8221; pagarina elektroakustisko t\u016bri &#8220;Kur klusums zied&#8221; un izzi\u0146o papildu koncertu, kas norisin\u0101sies R\u012bg\u0101, kinote\u0101tr\u012b &#8220;Splendid Palace&#8221;,&hellip;\n","protected":false},"author":2,"featured_media":31514,"comment_status":"","ping_status":"","sticky":false,"template":"","format":"standard","meta":{"footnotes":""},"categories":[19],"tags":[129,5377,2239,89,90,35,39,38,36,37,34,40,5378,7059,5379,7060],"class_list":{"0":"post-33479","1":"post","2":"type-post","3":"status-publish","4":"format-standard","5":"has-post-thumbnail","7":"category-izklaide","8":"tag-__typenameadvicekeyword","9":"tag-id143","10":"tag-id93","11":"tag-entertainment","12":"tag-izklaide","13":"tag-latvia","14":"tag-latvian","15":"tag-latviesu","16":"tag-latviesu-valoda","17":"tag-latviesuvaloda","18":"tag-latvija","19":"tag-lv","20":"tag-slugkoncerti","21":"tag-slugmuzika","22":"tag-titlekoncerti","23":"tag-titlemuzika"},"share_on_mastodon":{"url":"https:\/\/pubeurope.com\/@lv\/115451945497515856","error":""},"_links":{"self":[{"href":"https:\/\/www.europesays.com\/lv\/wp-json\/wp\/v2\/posts\/33479","targetHints":{"allow":["GET"]}}],"collection":[{"href":"https:\/\/www.europesays.com\/lv\/wp-json\/wp\/v2\/posts"}],"about":[{"href":"https:\/\/www.europesays.com\/lv\/wp-json\/wp\/v2\/types\/post"}],"author":[{"embeddable":true,"href":"https:\/\/www.europesays.com\/lv\/wp-json\/wp\/v2\/users\/2"}],"replies":[{"embeddable":true,"href":"https:\/\/www.europesays.com\/lv\/wp-json\/wp\/v2\/comments?post=33479"}],"version-history":[{"count":0,"href":"https:\/\/www.europesays.com\/lv\/wp-json\/wp\/v2\/posts\/33479\/revisions"}],"wp:featuredmedia":[{"embeddable":true,"href":"https:\/\/www.europesays.com\/lv\/wp-json\/wp\/v2\/media\/31514"}],"wp:attachment":[{"href":"https:\/\/www.europesays.com\/lv\/wp-json\/wp\/v2\/media?parent=33479"}],"wp:term":[{"taxonomy":"category","embeddable":true,"href":"https:\/\/www.europesays.com\/lv\/wp-json\/wp\/v2\/categories?post=33479"},{"taxonomy":"post_tag","embeddable":true,"href":"https:\/\/www.europesays.com\/lv\/wp-json\/wp\/v2\/tags?post=33479"}],"curies":[{"name":"wp","href":"https:\/\/api.w.org\/{rel}","templated":true}]}}