{"id":33496,"date":"2025-10-28T13:34:08","date_gmt":"2025-10-28T13:34:08","guid":{"rendered":"https:\/\/www.europesays.com\/lv\/33496\/"},"modified":"2025-10-28T13:34:08","modified_gmt":"2025-10-28T13:34:08","slug":"vienotibai-un-progresivajiem-neizdodas-sabremzet-izstasanos-no-stambulas-konvencijas","status":"publish","type":"post","link":"https:\/\/www.europesays.com\/lv\/33496\/","title":{"rendered":"\u201cVienot\u012bbai\u201d un \u201cProgres\u012bvajiem\u201d neizdodas sabremz\u0113t izst\u0101\u0161anos no Stambulas konvencijas"},"content":{"rendered":"<p>\u201cPaldies par priek\u0161likuma prezent\u0113\u0161anu! M\u0113s neko jaunu nedzirdam. Nevienu jaunu argumentu \u0161aj\u0101s debat\u0113s m\u0113s nedzirdam \u2013 nevienu jaunu argumentu,\u201d nor\u0101d\u012bja Saeimas \u0100rlietu komisijas vad\u012bt\u0101ja In\u0101ra M\u016brniece.<\/p>\n<p>\u201cUn v\u0113l tikai atg\u0101din\u0101\u0161u, ka vien\u012bg\u0101 valsts, kas p\u0113d\u0113j\u0101 laik\u0101 ir izst\u0101jusies no konvencij\u0101m par cilv\u0113kties\u012bb\u0101m, ir Krievija. Diez vai m\u0113s \u0161\u0101du ce\u013cu v\u0113lamies iet. Un t\u0101ds ir \u0161\u012b priek\u0161likuma m\u0113r\u0137is, lai m\u0113s neizst\u0101tos no \u0161\u012bs konvencijas,\u201d nor\u0101d\u012bja Saeimas deput\u0101te Agnese Krasta (JV). Uz ko M\u016brniece atbild\u0113ja ar lakonisku: \u201cM\u0113s to saprat\u0101m, paldies!\u201d<\/p>\n<p>\u0160\u0101da sak\u0101pin\u0101t\u0101 gaisotn\u0113 tika aizvad\u012bta visa \u0100rlietu komisijas s\u0113de.<\/p>\n<blockquote class=\"skaties-quote\">\n<p>Saeimas \u0100rlietu komisijas vad\u012bt\u0101jas In\u0101ras M\u016brnieces (NA) un Saeimas deput\u0101ta Edmunda Cepur\u012b\u0161a (P) saruna:<\/p>\n<p>In\u0101ra M\u016brniece: \u201cJ\u016bs nemit\u012bgi izsak\u0101ties, Cepur\u012b\u0161a kungs! Ja j\u016bs piev\u0113rstu uzman\u012bbu, es vadu s\u0113di un \u013coti reti, kad izsakos. J\u016bs izsak\u0101ties \u0101rk\u0101rt\u012bgi bie\u017ei.\u201d<\/p>\n<p>Edmunds Cepur\u012btis: \u201cVai komisijas deput\u0101tiem nav iesp\u0113jas izteikties?\u201d<\/p>\n<p>In\u0101ra M\u016brniece: \u201cIr iesp\u0113jas izteikties, bet [ir] zin\u0101ma parit\u0101te. Un nevajadz\u0113tu ar\u012b man p\u0101rmest, ja es k\u0101dreiz izsakos.\u201d<\/p>\n<p>Edmunds Cepur\u012btis: \u201cVai es varu izteikties par \u0161o balsojumu, par ko j\u016bs tikko argument\u0113j\u0101t?\u201d<\/p>\n<p>In\u0101ra M\u016brniece: \u201cN\u0113! T\u0101tad ir priek\u0161likums balsot.\u201d<\/p>\n<\/blockquote>\n<p>V\u0113l pirms balsojumiem, kuros visi izskat\u012btie priek\u0161likumi tika noraid\u012bti, v\u0101rdu apmai\u0146a izv\u0113rt\u0101s par Krievijas izplat\u012bt\u0101s dezinform\u0101cijas iesp\u0113jamo ietekmi.<\/p>\n<blockquote class=\"skaties-quote\">\n<p>Saeimas \u0100rlietu komisijas vad\u012bt\u0101jas In\u0101ras M\u016brnieces (NA) un Saeimas deput\u0101ta Edmunda Cepur\u012b\u0161a (P) saruna:<\/p>\n<p>In\u0101ra M\u016brniece: \u201cTiek liktas liet\u0101 \u013coti da\u017e\u0101das metodes. Taj\u0101 skait\u0101 60% parlamenta izt\u0113lojot, k\u0101 non\u0101ku\u0161us Krievijas ideolo\u0123ijas un propagandas t\u012bmek\u013cos. Un \u0161\u0101da diskusijas kvalit\u0101te vai \u0161\u0101da diskusijas pav\u0113r\u0161ana man ir kategoriski nepie\u0146emama.\u201d<\/p>\n<p>Edmunds Cepur\u012btis: \u201cEiropas Parlament\u0101rais forums ir apkopojis tos l\u012bdzek\u013cus, kas n\u0101ku\u0161i no Krievijas da\u017e\u0101diem fondiem. Un 2022. gad\u0101 [tie] pietuvoju\u0161ies 80 miljoniem dol\u0101ru.<\/p>\n<p>In\u0101ra M\u016brniece: \u201cVai jums ir pier\u0101d\u012bjumi par to iepl\u016b\u0161anu Latvij\u0101 konkr\u0113tu partiju virzien\u0101? Par to b\u016btu j\u0101run\u0101.\u201d<\/p>\n<p>Edmunds Cepur\u012btis: \u201c\u0160is ir par pier\u0101d\u012bjumiem iepl\u016b\u0161anai Eirop\u0101.\u201d<\/p>\n<p>In\u0101ra M\u016brniece: \u201cN\u0113, par pier\u0101d\u012bjumiem Latvij\u0101 un konkr\u0113tu partiju virzien\u0101, l\u016bdzu run\u0101jiet!\u201d<\/p>\n<p>Edmunds Cepur\u012btis: \u201cEs nerun\u0101ju par iepl\u016b\u0161anu konkr\u0113tu partiju virzien\u0101.<\/p>\n<p>Edvards Smilt\u0113ns: \u201cJa m\u0113s \u0161\u0101di diskusiju turpin\u0101m, tad es atv\u0113r\u0161u jaut\u0101jumus par to, cik ir un kas pier\u0101d\u012bts par finans\u0113juma pl\u016bsm\u0101m no Ar\u0101bu valst\u012bm un Krievijas \u201cFree, free Palestine\u201d kust\u012bbu dal\u012bbniekiem. M\u0113s \u0161it\u0101 nekur t\u0101l\u0101k netiksim!\u201d<\/p>\n<\/blockquote>\n<p class=\"ad-desc ad-desc-main\">Saturs turpin\u0101s p\u0113c rekl\u0101mas<\/p>\n<p class=\"ad-desc ad-desc-sec\">Rekl\u0101ma<\/p>\n<p>Deput\u0101ti \u0161odien pasp\u0113ja izskat\u012bt piecus no 17 priek\u0161likumiem, t\u0101p\u0113c darbu turpin\u0101s r\u012bt. Bet gal\u012bgais balsojums Saeimas s\u0113d\u0113 pl\u0101nots \u0161o ceturtdien.<\/p>\n<p>Pirms ned\u0113\u013cas Saeima konceptu\u0101li atbalst\u012bja izst\u0101\u0161anos no konvencijas ar opoz\u012bcijas un vald\u012bb\u0101 eso\u0161\u0101s \u201cZa\u013co un Zemnieku savien\u012bbas\u201d bals\u012bm. \u201cJaun\u0101 Vienot\u012bba\u201d un \u201cProgres\u012bvie\u201d to atzinu\u0161i par koal\u012bcijas l\u012bguma p\u0101rk\u0101pumu, un \u0161\u0101da ZZS r\u012bc\u012bba iedrag\u0101jusi vald\u012bbas stabilit\u0101ti.<\/p>\n<p class=\"tv3-fw-500\">Zi\u0146o par k\u013c\u016bdu rakst\u0101<\/p>\n<p class=\"d-md-block d-none\">Iez\u012bm\u0113 k\u013c\u016bdaino tekstu un spied Ctrl+Enter.<\/p>\n<p class=\"d-md-none d-block\">Iez\u012bm\u0113 k\u013c\u016bdaino tekstu un zi\u0146o par to!<\/p>\n","protected":false},"excerpt":{"rendered":"\u201cPaldies par priek\u0161likuma prezent\u0113\u0161anu! M\u0113s neko jaunu nedzirdam. Nevienu jaunu argumentu \u0161aj\u0101s debat\u0113s m\u0113s nedzirdam \u2013 nevienu jaunu&hellip;\n","protected":false},"author":2,"featured_media":21833,"comment_status":"","ping_status":"","sticky":false,"template":"","format":"standard","meta":{"footnotes":""},"categories":[12],"tags":[23,28,29,32,33,22,10019,30,31,35,39,38,36,37,34,40,20,26,27,24,25,21],"class_list":{"0":"post-33496","1":"post","2":"type-post","3":"status-publish","4":"format-standard","5":"has-post-thumbnail","7":"category-latvija","8":"tag-aktualitates","9":"tag-breaking-news","10":"tag-breakingnews","11":"tag-featured-news","12":"tag-featurednews","13":"tag-headlines","14":"tag-jauna-vienotibaprogresiviestambulas-konvencijatv3-zinas","15":"tag-latest-news","16":"tag-latestnews","17":"tag-latvia","18":"tag-latvian","19":"tag-latviesu","20":"tag-latviesu-valoda","21":"tag-latviesuvaloda","22":"tag-latvija","23":"tag-lv","24":"tag-news","25":"tag-popularakas-zinas","26":"tag-popularakaszinas","27":"tag-top-stories","28":"tag-topstories","29":"tag-zinas"},"share_on_mastodon":{"url":"https:\/\/pubeurope.com\/@lv\/115452055722177866","error":""},"_links":{"self":[{"href":"https:\/\/www.europesays.com\/lv\/wp-json\/wp\/v2\/posts\/33496","targetHints":{"allow":["GET"]}}],"collection":[{"href":"https:\/\/www.europesays.com\/lv\/wp-json\/wp\/v2\/posts"}],"about":[{"href":"https:\/\/www.europesays.com\/lv\/wp-json\/wp\/v2\/types\/post"}],"author":[{"embeddable":true,"href":"https:\/\/www.europesays.com\/lv\/wp-json\/wp\/v2\/users\/2"}],"replies":[{"embeddable":true,"href":"https:\/\/www.europesays.com\/lv\/wp-json\/wp\/v2\/comments?post=33496"}],"version-history":[{"count":0,"href":"https:\/\/www.europesays.com\/lv\/wp-json\/wp\/v2\/posts\/33496\/revisions"}],"wp:featuredmedia":[{"embeddable":true,"href":"https:\/\/www.europesays.com\/lv\/wp-json\/wp\/v2\/media\/21833"}],"wp:attachment":[{"href":"https:\/\/www.europesays.com\/lv\/wp-json\/wp\/v2\/media?parent=33496"}],"wp:term":[{"taxonomy":"category","embeddable":true,"href":"https:\/\/www.europesays.com\/lv\/wp-json\/wp\/v2\/categories?post=33496"},{"taxonomy":"post_tag","embeddable":true,"href":"https:\/\/www.europesays.com\/lv\/wp-json\/wp\/v2\/tags?post=33496"}],"curies":[{"name":"wp","href":"https:\/\/api.w.org\/{rel}","templated":true}]}}