{"id":33497,"date":"2025-10-28T13:35:08","date_gmt":"2025-10-28T13:35:08","guid":{"rendered":"https:\/\/www.europesays.com\/lv\/33497\/"},"modified":"2025-10-28T13:35:08","modified_gmt":"2025-10-28T13:35:08","slug":"krievijas-varas-elite-dzivo-nakotnes-nezina-un-bailes-par-represijam","status":"publish","type":"post","link":"https:\/\/www.europesays.com\/lv\/33497\/","title":{"rendered":"Krievijas varas elite dz\u012bvo n\u0101kotnes nezi\u0146\u0101 un bail\u0113s par represij\u0101m"},"content":{"rendered":"<p class=\"descr\">\u201cThe Economist\u201d: Krievijas \u201cvaras elit\u0113\u201d valda nezi\u0146a par n\u0101kotni, panika un masu psihozes atmosf\u0113ra<\/p>\n<p>Krem\u013ca \u201celites\u201d ir satrauktas &#8211; neviens vairs nesaprot, kam var vai nevar uztic\u0113ties, ko v\u0113las Putins un kur\u0161 b\u016bs n\u0101kamais \u012bpa\u0161umu nacionaliz\u0101cijas upuris. \u201cVi\u0146i saprot vien to, ka dedz\u012bgi j\u0101atbalsta kar\u0161, ta\u010du pat tas negarant\u0113 dro\u0161\u012bbu, kad &#8220;siles kr\u0101jumi&#8221; ir izsmelti&#8221;, raksta \u201cThe Economist\u201d.<\/p>\n<p>\u201cIzr\u0113\u0137in\u0101\u0161an\u0101s ar (KF Dro\u0161\u012bbas padomes sekret\u0101ra un biju\u0161\u0101 aizsardz\u012bbas ministra) Sergeja \u0160oigu klanu un (Krievijas transporta ministra) Romana Starovoita pa\u0161n\u0101v\u012bba, kuram t\u0101 bija vien\u012bg\u0101 iesp\u0113ja izvair\u012bties no ieslodz\u012bjuma &#8211; \u0161\u0101di incidenti rada masu psihozes atmosf\u0113ru, kas atg\u0101dina vec\u0101s padomju represijas. Jaunu ar karu saist\u012btu personu par\u0101d\u012b\u0161an\u0101s &#8211; vai tie b\u016btu \u201cspeci\u0101l\u0101s milit\u0101r\u0101s oper\u0101cijas\u201d veter\u0101ni, gal\u0113ji lab\u0113jie radik\u0101\u013ci (Putinam pietuvin\u0101tais pareiztic\u012bgo fundament\u0101lists un mediju biznesmenis Konstant\u012bns Malofejevs) vai Putina radinieki (diktatora br\u0101\u013cameita Anna Civi\u013ceva) ar\u012b palielina spiedienu uz \u201cvecaj\u0101m <a href=\"https:\/\/nra.lv\/birka\/kremla-elite\/\" rel=\"nofollow noopener\" target=\"_blank\">elites<\/a> aprind\u0101m\u201d.<\/p>\n<p>\u201cElites\u201d paranoju pastiprina fakts, ka cilv\u0113ks, no kura ir atkar\u012bga vi\u0146u labkl\u0101j\u012bba, k\u013c\u016bst arvien gr\u016bt\u0101k pieejams.<\/p>\n<blockquote><p>&#8220;Putins pie\u0146em visus l\u0113mumus &#8211; neviens vi\u0146am nevar piek\u013c\u016bt,<\/p><\/blockquote>\n<p>past\u0101st\u012bja k\u0101ds Krem\u013ca avots. Augsta ranga politi\u0137i, padomnieki un uz\u0146\u0113m\u0113ji dara to, ko, vi\u0146upr\u0101t, vi\u0146\u0161 v\u0113las, bet bie\u017ei vien t\u0101 ir sava veida azartsp\u0113le,&#8221; raksta \u201cThe Economist\u201d.<\/p>\n<p>Telegram kan\u0101ls \u201c\u0412\u0440\u0435\u043c\u0435\u043d\u043d\u043e\u0435 \u043f\u0440\u0430\u0432\u0438\u0442\u0435\u043b\u044c\u0441\u0442\u0432\u043e 2.0\u201d: \u201cKrem\u013ca elites\u201d liel\u0101k\u0101s ba\u017eas izraisa veco noteikumu un vieno\u0161anos mai\u0146a, kas vairs nedarbojas.<\/p>\n<blockquote><p>&#8220;Ar lojalit\u0101ti ir par maz un pat pieder\u012bba sp\u0113c\u012bgam klanam negarant\u0113 dro\u0161\u012bbu un aizsardz\u012bbu &#8211; \u012bpa\u0161umties\u012bbas k\u013cuvu\u0161as par fikciju.<\/p><\/blockquote>\n<p>Jo ilg\u0101k turpin\u0101s kar\u0161, jo spriedze palielin\u0101s, ta\u010du paradoks\u0101li, ka \u201celites\u201d baid\u0101s ar\u012b no kara beig\u0101m, jo tas iez\u012bm\u0113s jaunu &#8220;liel\u0101 satricin\u0101juma&#8221; f\u0101zi &#8211; \u012bpa\u0161umu un akt\u012bvu p\u0101rdali, ska\u013cas krimin\u0101llietas un jaunas &#8220;milit\u0101r\u0101s varas elites&#8221; p\u0101rst\u0101vju ietekmi, kait\u0113jot vecajiem klaniem. \u201cElites p\u0101rst\u0101vju\u201d k\u013c\u016bst p\u0101r\u0101k daudz, un tas ir dro\u0161s pamats kr\u012bzei\u201d.<\/p>\n<p>\t\t\t\t\t\tinfo<\/p>\n<p>Uzzini pirmais<br \/>kas interesants noticis Latvij\u0101 un pasaul\u0113,<br \/>pievienojoties mums <a href=\"https:\/\/t.me\/neatkariga\" rel=\"nofollow\">Telegram<\/a> vai <a href=\"https:\/\/whatsapp.com\/channel\/0029VaMLFUH5K3zLU5s4wm3y\" rel=\"nofollow noopener\" target=\"_blank\">Whatsapp<\/a> kan\u0101l\u0101<\/p>\n","protected":false},"excerpt":{"rendered":"\u201cThe Economist\u201d: Krievijas \u201cvaras elit\u0113\u201d valda nezi\u0146a par n\u0101kotni, panika un masu psihozes atmosf\u0113ra Krem\u013ca \u201celites\u201d ir satrauktas&hellip;\n","protected":false},"author":2,"featured_media":33498,"comment_status":"","ping_status":"","sticky":false,"template":"","format":"standard","meta":{"footnotes":""},"categories":[5],"tags":[23,28,29,32,33,22,30,31,35,39,38,36,37,34,40,20,26,27,24,25,21],"class_list":{"0":"post-33497","1":"post","2":"type-post","3":"status-publish","4":"format-standard","5":"has-post-thumbnail","7":"category-aktualitates","8":"tag-aktualitates","9":"tag-breaking-news","10":"tag-breakingnews","11":"tag-featured-news","12":"tag-featurednews","13":"tag-headlines","14":"tag-latest-news","15":"tag-latestnews","16":"tag-latvia","17":"tag-latvian","18":"tag-latviesu","19":"tag-latviesu-valoda","20":"tag-latviesuvaloda","21":"tag-latvija","22":"tag-lv","23":"tag-news","24":"tag-popularakas-zinas","25":"tag-popularakaszinas","26":"tag-top-stories","27":"tag-topstories","28":"tag-zinas"},"share_on_mastodon":{"url":"https:\/\/pubeurope.com\/@lv\/115452059600020178","error":""},"_links":{"self":[{"href":"https:\/\/www.europesays.com\/lv\/wp-json\/wp\/v2\/posts\/33497","targetHints":{"allow":["GET"]}}],"collection":[{"href":"https:\/\/www.europesays.com\/lv\/wp-json\/wp\/v2\/posts"}],"about":[{"href":"https:\/\/www.europesays.com\/lv\/wp-json\/wp\/v2\/types\/post"}],"author":[{"embeddable":true,"href":"https:\/\/www.europesays.com\/lv\/wp-json\/wp\/v2\/users\/2"}],"replies":[{"embeddable":true,"href":"https:\/\/www.europesays.com\/lv\/wp-json\/wp\/v2\/comments?post=33497"}],"version-history":[{"count":0,"href":"https:\/\/www.europesays.com\/lv\/wp-json\/wp\/v2\/posts\/33497\/revisions"}],"wp:featuredmedia":[{"embeddable":true,"href":"https:\/\/www.europesays.com\/lv\/wp-json\/wp\/v2\/media\/33498"}],"wp:attachment":[{"href":"https:\/\/www.europesays.com\/lv\/wp-json\/wp\/v2\/media?parent=33497"}],"wp:term":[{"taxonomy":"category","embeddable":true,"href":"https:\/\/www.europesays.com\/lv\/wp-json\/wp\/v2\/categories?post=33497"},{"taxonomy":"post_tag","embeddable":true,"href":"https:\/\/www.europesays.com\/lv\/wp-json\/wp\/v2\/tags?post=33497"}],"curies":[{"name":"wp","href":"https:\/\/api.w.org\/{rel}","templated":true}]}}