{"id":33538,"date":"2025-10-28T14:15:08","date_gmt":"2025-10-28T14:15:08","guid":{"rendered":"https:\/\/www.europesays.com\/lv\/33538\/"},"modified":"2025-10-28T14:15:08","modified_gmt":"2025-10-28T14:15:08","slug":"noris-sarunas-par-lidmasinu-piegadem-ar-zviedriju-asv-un-franciju-diena","status":"publish","type":"post","link":"https:\/\/www.europesays.com\/lv\/33538\/","title":{"rendered":"Noris sarunas par lidma\u0161\u012bnu pieg\u0101d\u0113m ar Zviedriju, ASV un Franciju \/ Diena"},"content":{"rendered":"<p>Ukrainas Gaisa sp\u0113kiem n\u0101kotn\u0113 kopum\u0101 b\u016bs vajadz\u012bgas 250 modernas lidma\u0161\u012bnas, ar\u012b zviedru &#8220;Gripen&#8221;, amerik\u0101\u0146u F-16 un fran\u010du &#8220;Rafale&#8221;, sac\u012bja prezidents.<\/p>\n<p>&#13;<br \/>\n&#13;<\/p>\n<p>&#8220;\u0145emot v\u0113r\u0101 m\u016bsu pilotu pieredzi un ienaidnieka sp\u0113jas &#8211; \u0161\u012b ir optim\u0101l\u0101 izv\u0113le Ukrainai,&#8221; nor\u0101d\u012bja Zelenskis.<\/p>\n<p>&#13;<br \/>\n&#13;<\/p>\n<p>Zviedru izn\u012bcin\u0101t\u0101ji ir priorit\u0101ri, jo to ra\u017eo\u0161ana un uztur\u0113\u0161ana ir visl\u0113t\u0101k\u0101, k\u0101 ar\u012b tie sp\u0113j nest liel\u0101ko da\u013cu Ukrainai nepiecie\u0161amo iero\u010du, skaidroja prezidents.<\/p>\n<p>&#13;<br \/>\n&#13;<\/p>\n<p>Ar Zviedriju jau pan\u0101kta provizoriska vieno\u0161an\u0101s gan par 150 jaun\u0101k\u0101 mode\u013ca &#8220;Gripen E&#8221; lidma\u0161\u012bnu pieg\u0101di, gan ra\u017eo\u0161anas procesu Ukrain\u0101, sac\u012bja Zelenskis.<\/p>\n<p>&#13;<br \/>\n&#13;<\/p>\n<p>Britu laikraksts &#8220;Financial Times&#8221; iepriek\u0161 v\u0113st\u012bja, ka \u0161o lidma\u0161\u012bnu ra\u017eot\u0101js &#8220;Saab&#8221; v\u0113l\u0113tos Ukrain\u0101 atv\u0113rt r\u016bpn\u012bcu, kur notiktu lidma\u0161\u012bnu gal\u012bg\u0101 mont\u0101\u017ea un test\u0113\u0161ana, bet v\u0113l\u0101k, iesp\u0113jams, ar\u012b da\u013c\u0113ja ra\u017eo\u0161ana.<\/p>\n<p>&#13;<\/p>\n","protected":false},"excerpt":{"rendered":"Ukrainas Gaisa sp\u0113kiem n\u0101kotn\u0113 kopum\u0101 b\u016bs vajadz\u012bgas 250 modernas lidma\u0161\u012bnas, ar\u012b zviedru &#8220;Gripen&#8221;, amerik\u0101\u0146u F-16 un fran\u010du &#8220;Rafale&#8221;,&hellip;\n","protected":false},"author":2,"featured_media":33539,"comment_status":"","ping_status":"","sticky":false,"template":"","format":"standard","meta":{"footnotes":""},"categories":[14],"tags":[23,57,28,29,32,33,22,30,31,35,39,38,36,37,34,40,20,26,27,24,25,54,55,56,21,58],"class_list":{"0":"post-33538","1":"post","2":"type-post","3":"status-publish","4":"format-standard","5":"has-post-thumbnail","7":"category-zinas-no-arvalstim","8":"tag-aktualitates","9":"tag-arvalstim","10":"tag-breaking-news","11":"tag-breakingnews","12":"tag-featured-news","13":"tag-featurednews","14":"tag-headlines","15":"tag-latest-news","16":"tag-latestnews","17":"tag-latvia","18":"tag-latvian","19":"tag-latviesu","20":"tag-latviesu-valoda","21":"tag-latviesuvaloda","22":"tag-latvija","23":"tag-lv","24":"tag-news","25":"tag-popularakas-zinas","26":"tag-popularakaszinas","27":"tag-top-stories","28":"tag-topstories","29":"tag-world","30":"tag-world-news","31":"tag-worldnews","32":"tag-zinas","33":"tag-zinas-no-arvalstim"},"share_on_mastodon":{"url":"https:\/\/pubeurope.com\/@lv\/115452216843312312","error":""},"_links":{"self":[{"href":"https:\/\/www.europesays.com\/lv\/wp-json\/wp\/v2\/posts\/33538","targetHints":{"allow":["GET"]}}],"collection":[{"href":"https:\/\/www.europesays.com\/lv\/wp-json\/wp\/v2\/posts"}],"about":[{"href":"https:\/\/www.europesays.com\/lv\/wp-json\/wp\/v2\/types\/post"}],"author":[{"embeddable":true,"href":"https:\/\/www.europesays.com\/lv\/wp-json\/wp\/v2\/users\/2"}],"replies":[{"embeddable":true,"href":"https:\/\/www.europesays.com\/lv\/wp-json\/wp\/v2\/comments?post=33538"}],"version-history":[{"count":0,"href":"https:\/\/www.europesays.com\/lv\/wp-json\/wp\/v2\/posts\/33538\/revisions"}],"wp:featuredmedia":[{"embeddable":true,"href":"https:\/\/www.europesays.com\/lv\/wp-json\/wp\/v2\/media\/33539"}],"wp:attachment":[{"href":"https:\/\/www.europesays.com\/lv\/wp-json\/wp\/v2\/media?parent=33538"}],"wp:term":[{"taxonomy":"category","embeddable":true,"href":"https:\/\/www.europesays.com\/lv\/wp-json\/wp\/v2\/categories?post=33538"},{"taxonomy":"post_tag","embeddable":true,"href":"https:\/\/www.europesays.com\/lv\/wp-json\/wp\/v2\/tags?post=33538"}],"curies":[{"name":"wp","href":"https:\/\/api.w.org\/{rel}","templated":true}]}}