{"id":33563,"date":"2025-10-28T14:35:06","date_gmt":"2025-10-28T14:35:06","guid":{"rendered":"https:\/\/www.europesays.com\/lv\/33563\/"},"modified":"2025-10-28T14:35:06","modified_gmt":"2025-10-28T14:35:06","slug":"stambulas-konvencijas-pretinieki-ir-putina-propagandas-iespaida-komente-vike-freiberga","status":"publish","type":"post","link":"https:\/\/www.europesays.com\/lv\/33563\/","title":{"rendered":"Stambulas konvencijas pretinieki ir Putina propagandas iespaid\u0101, koment\u0113 V\u012b\u0137e-Freiberga"},"content":{"rendered":"<blockquote class=\"twitter-tweet\" data-width=\"550\" data-dnt=\"true\">\n<p lang=\"lv\" dir=\"ltr\">Man\u0101s ac\u012bs jebkur\u0161 Saeimas deput\u0101ts, kur\u0161 balsos par Stambulas konvencijas denons\u0113\u0161anu, l\u012bdz ar to b\u016bs sevi pier\u0101d\u012bjis k\u0101 Putina propagandas iespaidotu. Te absol\u016bti sen vairs nav runa par \u0161\u012bs konvencijas saturisko b\u016bt\u012bbu. Nedr\u012bkstam krist lauk\u0101 no Eiropas v\u0113rt\u012bbu kodola!<\/p>\n<p>\u2014 Vaira Vike-Freiberga (@VairaVF) <a href=\"https:\/\/twitter.com\/VairaVF\/status\/1983161300915245455?ref_src=twsrc%5Etfw\" rel=\"nofollow noopener\" target=\"_blank\">October 28, 2025<\/a><\/p>\n<\/blockquote>\n<p>K\u0101 zi\u0146ots, gatavojoties <a href=\"https:\/\/tv3.lv\/zinas\/latvija\/politika\/vienotibai-un-progresivajiem-neizdodas-sabremzet-izstasanos-no-stambulas-konvencijas\/\" rel=\"nofollow noopener\" target=\"_blank\">gal\u012bgajam las\u012bjumam par izst\u0101\u0161anos no Stambulas konvencijas,<\/a> Saeimas \u0100rlietu komisija \u0161odien s\u0101ka izskat\u012bt sa\u0146emtos priek\u0161likumus. Tie iesniegti ar m\u0113r\u0137i atlikt vai nov\u0113rst izst\u0101\u0161anos. S\u0113d\u0113, kas jau ierasti tika aizvad\u012bta saspringt\u0101 gaisotn\u0113, visi \u0161odien izskat\u012btie priek\u0161likumi tika noraid\u012bti.<\/p>\n<p>Cer\u012bb\u0101 tom\u0113r nepie\u013caut vai vismaz uz laiku atlikt izst\u0101\u0161anos no Stambulas konvencijas, priek\u0161likumus pirms gal\u012bg\u0101 las\u012bjuma iesniegusi \u201cJaun\u0101 Vienot\u012bba\u201d un \u201cProgres\u012bvie\u201d. T\u0101s ir vien\u012bg\u0101s partijas, kuras atbalsta \u0161o Eiropas Padomes konvenciju.<\/p>\n<p><a href=\"https:\/\/tv3.lv\/zinas\/latvija\/politika\/stambulas-konvencijas-debates-prieksvelesanu-ierocis-nevis-vertibu-diskusija-verte-politologe\/\" rel=\"nofollow noopener\" target=\"_blank\">Noskaties ar\u012b: Stambulas konvencijas debates \u2013 priek\u0161v\u0113l\u0113\u0161anu ierocis, nevis v\u0113rt\u012bbu diskusija, v\u0113rt\u0113 politolo\u0123e<\/a><\/p>\n<p>K\u0101 zi\u0146ots, pie Saeimas tre\u0161dien plkst. 18 notiks protests pret Latvijas izst\u0101\u0161anos no Stambulas konvencijas.<\/p>\n<p>Saeima pirmaj\u0101 las\u012bjum\u0101 ar 52 bals\u012bm atbalst\u012bja likumprojektu, kas paredz Latvijas izst\u0101\u0161anos no konvencijas. K\u0101 nor\u0101da centr\u0101 \u201cMarta\u201d, \u0161\u0101ds balsojums izrais\u012bjis sa\u0161utumu da\u013c\u0101 sabiedr\u012bbas, jo tas \u201capdraud l\u012bdz\u0161in\u0113jo progresu cilv\u0113kties\u012bbu un dzimumu l\u012bdzties\u012bbas jom\u0101\u201d.<\/p>\n<p class=\"ad-desc ad-desc-main\">Saturs turpin\u0101s p\u0113c rekl\u0101mas<\/p>\n<p class=\"ad-desc ad-desc-sec\">Rekl\u0101ma<\/p>\n<p>Centr\u0101 \u201cMarta\u201d uzsver, ka Saeima atbalst\u012bja ar\u012b deklar\u0101ciju \u201cpar vardarb\u012bbas nepie\u013cau\u0161anu\u201d, kas, organiz\u0101cijas ieskat\u0101, tiek pasniegta k\u0101 alternat\u012bva konvencijai.<\/p>\n<p>\u201c\u0160\u0101da deklar\u0101cija neaizvieto starptautiski atz\u012btu meh\u0101nismu, kas nodro\u0161ina re\u0101lu uzraudz\u012bbu, atbild\u012bbu un starptautisku atbalstu vardarb\u012bbas nov\u0113r\u0161an\u0101. T\u0101 rada tikai \u0161\u0137ietamu risin\u0101jumu, kam\u0113r faktiski tiek v\u0101jin\u0101ta aizsardz\u012bba pret vardarb\u012bbu un mazin\u0101ta Latvijas ticam\u012bba starptautisk\u0101 l\u012bmen\u012b,\u201d akcent\u0113 centr\u0101 \u201cMarta\u201d.<\/p>\n<p>Organiz\u0101cija uzskata, ka izst\u0101\u0161an\u0101s no\u00a0Stambulas\u00a0konvencijas noz\u012bm\u0113tu atk\u0101p\u0161anos no demokr\u0101tijas un cilv\u0113kties\u012bbu principiem. Centrs \u201cMarta\u201d nor\u0101da, ka tas s\u016bta b\u012bstamu sign\u0101lu, ka valsts ir gatava piev\u0113rt acis uz vardarb\u012bbu un nevienl\u012bdz\u012bbu.<\/p>\n<p class=\"tv3-fw-500\">Zi\u0146o par k\u013c\u016bdu rakst\u0101<\/p>\n<p class=\"d-md-block d-none\">Iez\u012bm\u0113 k\u013c\u016bdaino tekstu un spied Ctrl+Enter.<\/p>\n<p class=\"d-md-none d-block\">Iez\u012bm\u0113 k\u013c\u016bdaino tekstu un zi\u0146o par to!<\/p>\n<p>                <script async src=\"https:\/\/platform.twitter.com\/widgets.js\" charset=\"utf-8\"><\/script><\/p>\n","protected":false},"excerpt":{"rendered":"Man\u0101s ac\u012bs jebkur\u0161 Saeimas deput\u0101ts, kur\u0161 balsos par Stambulas konvencijas denons\u0113\u0161anu, l\u012bdz ar to b\u016bs sevi pier\u0101d\u012bjis k\u0101&hellip;\n","protected":false},"author":2,"featured_media":33564,"comment_status":"","ping_status":"","sticky":false,"template":"","format":"standard","meta":{"footnotes":""},"categories":[5],"tags":[23,28,29,32,33,22,30,31,35,39,38,36,37,34,40,20,26,27,10027,24,25,21],"class_list":{"0":"post-33563","1":"post","2":"type-post","3":"status-publish","4":"format-standard","5":"has-post-thumbnail","7":"category-aktualitates","8":"tag-aktualitates","9":"tag-breaking-news","10":"tag-breakingnews","11":"tag-featured-news","12":"tag-featurednews","13":"tag-headlines","14":"tag-latest-news","15":"tag-latestnews","16":"tag-latvia","17":"tag-latvian","18":"tag-latviesu","19":"tag-latviesu-valoda","20":"tag-latviesuvaloda","21":"tag-latvija","22":"tag-lv","23":"tag-news","24":"tag-popularakas-zinas","25":"tag-popularakaszinas","26":"tag-stambulas-konvencijavaira-vike-freiberga","27":"tag-top-stories","28":"tag-topstories","29":"tag-zinas"},"share_on_mastodon":{"url":"https:\/\/pubeurope.com\/@lv\/115452295496220935","error":""},"_links":{"self":[{"href":"https:\/\/www.europesays.com\/lv\/wp-json\/wp\/v2\/posts\/33563","targetHints":{"allow":["GET"]}}],"collection":[{"href":"https:\/\/www.europesays.com\/lv\/wp-json\/wp\/v2\/posts"}],"about":[{"href":"https:\/\/www.europesays.com\/lv\/wp-json\/wp\/v2\/types\/post"}],"author":[{"embeddable":true,"href":"https:\/\/www.europesays.com\/lv\/wp-json\/wp\/v2\/users\/2"}],"replies":[{"embeddable":true,"href":"https:\/\/www.europesays.com\/lv\/wp-json\/wp\/v2\/comments?post=33563"}],"version-history":[{"count":0,"href":"https:\/\/www.europesays.com\/lv\/wp-json\/wp\/v2\/posts\/33563\/revisions"}],"wp:featuredmedia":[{"embeddable":true,"href":"https:\/\/www.europesays.com\/lv\/wp-json\/wp\/v2\/media\/33564"}],"wp:attachment":[{"href":"https:\/\/www.europesays.com\/lv\/wp-json\/wp\/v2\/media?parent=33563"}],"wp:term":[{"taxonomy":"category","embeddable":true,"href":"https:\/\/www.europesays.com\/lv\/wp-json\/wp\/v2\/categories?post=33563"},{"taxonomy":"post_tag","embeddable":true,"href":"https:\/\/www.europesays.com\/lv\/wp-json\/wp\/v2\/tags?post=33563"}],"curies":[{"name":"wp","href":"https:\/\/api.w.org\/{rel}","templated":true}]}}