{"id":33608,"date":"2025-10-28T15:52:09","date_gmt":"2025-10-28T15:52:09","guid":{"rendered":"https:\/\/www.europesays.com\/lv\/33608\/"},"modified":"2025-10-28T15:52:09","modified_gmt":"2025-10-28T15:52:09","slug":"ptac-piespriez-10-000-eiro-naudas-sodu-ride","status":"publish","type":"post","link":"https:\/\/www.europesays.com\/lv\/33608\/","title":{"rendered":"PTAC piesprie\u017e 10 000 eiro naudas sodu &#8220;Ride&#8221;"},"content":{"rendered":"<p>T\u0101pat PTAC atz\u012bm\u0113, ka Eiropas Savien\u012bbas (ES) m\u0113roga vecuma verifik\u0101cijas lietotne atrisin\u0101tu b\u016btisku da\u013cu probl\u0113mu, kas ir saist\u012btas ar nepilngad\u012bgo piek\u013cuvi neatbilsto\u0161am saturam un pakalpojumiem. T\u0101pat Latvijas atbild\u012bgaj\u0101m instit\u016bcij\u0101m intens\u012bvi j\u0101mekl\u0113 iesp\u0113jas ieg\u016bt \u0161o lietotni, lai nodro\u0161in\u0101tu b\u0113rnu un jaunie\u0161u aizsardz\u012bbu digit\u0101laj\u0101 vid\u0113.<\/p>\n<p>PTAC atg\u0101dina, ka pakalpojuma sniedz\u0113jam ir pien\u0101kums regul\u0101ri izv\u0113rt\u0113t sniegto pakalpojumu dro\u0161umu, \u012bpa\u0161i attiec\u012bb\u0101 uz mazaizsarg\u0101t\u0101m pat\u0113r\u0113t\u0101ju grup\u0101m, un nodro\u0161in\u0101t atbilst\u012bbu normat\u012bvajam regul\u0113jumam, tostarp paredz\u0113tajiem Ce\u013cu satiksmes likuma groz\u012bjumiem.<\/p>\n<p>LETA jau zi\u0146oja, ka \u0161ogad 24. oktobr\u012b PTAC saska\u0146oja &#8220;Ride&#8221; ieviesto papildu risin\u0101jumu klientu vecuma kontrolei un at\u013c\u0101va uz\u0146\u0113mumam turpin\u0101t pakalpojuma snieg\u0161anu, liecina inform\u0101cija PTAC m\u0101jaslap\u0101.<\/p>\n<p>&#8220;Ride&#8221; izpilddirektors Edgars J\u0101kobsons a\u0123ent\u016brai LETA nor\u0101d\u012bja, ka uz\u0146\u0113mums no 20. oktobra ir ieviesis papildu dro\u0161\u012bbas risin\u0101jumus, lai &#8220;Ride&#8221; pakalpojumus neizmantotu lietot\u0101ji, kuri nav sasniegu\u0161i atbilsto\u0161u vecumu.<\/p>\n<p>T\u0101pat zi\u0146ots, ka PTAC pirmdien, 20. oktobr\u012b, nol\u0113ma uzdot p\u0101rtraukt &#8220;Ride&#8221; pied\u0101v\u0101to pakalpojumu snieg\u0161anu p\u0113c negad\u012bjuma, kur\u0101 dz\u012bv\u012bbu zaud\u0113ja divas nepilngad\u012bgas meitenes, \u0161\u0137\u0113rsojot dzelzce\u013ca p\u0101rbrauktuvi ar nom\u0101tu pa\u0161g\u0101j\u0113ju velosip\u0113du.<\/p>\n<p>Centr\u0101 skaidroja, ka l\u0113mum\u0101 par PTAC nor\u0101d\u012bjumu p\u0101rtraukt &#8220;Ride&#8221; pirms\u0161\u0137ietami nedro\u0161a pakalpojuma pied\u0101v\u0101\u0161anu teikts, ka pakalpojuma ats\u0101k\u0161ana ir iesp\u0113jama, PTAC iesniedzot pier\u0101d\u012bjumus par vecuma verifik\u0101ciju, lai centrs var\u0113tu p\u0101rliecin\u0101ties par to, k\u0101d\u0101 veid\u0101 tiek p\u0101rbaud\u012bts datu un personas autentiskums, metodolo\u0123ija un citi.<\/p>\n<p>20. oktobr\u012b r\u012bta pus\u0113 PTAC sa\u0146\u0113ma ofici\u0101lu v\u0113stuli no &#8220;Ride&#8221; par vecuma verifik\u0101cijas r\u012bku ievie\u0161anu, tom\u0113r sniegt\u0101 inform\u0101cija nebija pietiekama, lai p\u0101rliecin\u0101tos par vecuma verifik\u0101cijas veik\u0161anu. T\u0101d\u0113j\u0101di PTAC v\u0113rt\u0113ja papildu inform\u0101ciju no komersanta.<\/p>\n","protected":false},"excerpt":{"rendered":"T\u0101pat PTAC atz\u012bm\u0113, ka Eiropas Savien\u012bbas (ES) m\u0113roga vecuma verifik\u0101cijas lietotne atrisin\u0101tu b\u016btisku da\u013cu probl\u0113mu, kas ir saist\u012btas&hellip;\n","protected":false},"author":2,"featured_media":33609,"comment_status":"","ping_status":"","sticky":false,"template":"","format":"standard","meta":{"footnotes":""},"categories":[12],"tags":[23,28,29,32,33,22,30,31,35,39,38,36,37,34,40,20,26,27,4211,4189,24,25,21],"class_list":{"0":"post-33608","1":"post","2":"type-post","3":"status-publish","4":"format-standard","5":"has-post-thumbnail","7":"category-latvija","8":"tag-aktualitates","9":"tag-breaking-news","10":"tag-breakingnews","11":"tag-featured-news","12":"tag-featurednews","13":"tag-headlines","14":"tag-latest-news","15":"tag-latestnews","16":"tag-latvia","17":"tag-latvian","18":"tag-latviesu","19":"tag-latviesu-valoda","20":"tag-latviesuvaloda","21":"tag-latvija","22":"tag-lv","23":"tag-news","24":"tag-popularakas-zinas","25":"tag-popularakaszinas","26":"tag-ptac","27":"tag-ride","28":"tag-top-stories","29":"tag-topstories","30":"tag-zinas"},"share_on_mastodon":{"url":"https:\/\/pubeurope.com\/@lv\/115452598319228647","error":""},"_links":{"self":[{"href":"https:\/\/www.europesays.com\/lv\/wp-json\/wp\/v2\/posts\/33608","targetHints":{"allow":["GET"]}}],"collection":[{"href":"https:\/\/www.europesays.com\/lv\/wp-json\/wp\/v2\/posts"}],"about":[{"href":"https:\/\/www.europesays.com\/lv\/wp-json\/wp\/v2\/types\/post"}],"author":[{"embeddable":true,"href":"https:\/\/www.europesays.com\/lv\/wp-json\/wp\/v2\/users\/2"}],"replies":[{"embeddable":true,"href":"https:\/\/www.europesays.com\/lv\/wp-json\/wp\/v2\/comments?post=33608"}],"version-history":[{"count":0,"href":"https:\/\/www.europesays.com\/lv\/wp-json\/wp\/v2\/posts\/33608\/revisions"}],"wp:featuredmedia":[{"embeddable":true,"href":"https:\/\/www.europesays.com\/lv\/wp-json\/wp\/v2\/media\/33609"}],"wp:attachment":[{"href":"https:\/\/www.europesays.com\/lv\/wp-json\/wp\/v2\/media?parent=33608"}],"wp:term":[{"taxonomy":"category","embeddable":true,"href":"https:\/\/www.europesays.com\/lv\/wp-json\/wp\/v2\/categories?post=33608"},{"taxonomy":"post_tag","embeddable":true,"href":"https:\/\/www.europesays.com\/lv\/wp-json\/wp\/v2\/tags?post=33608"}],"curies":[{"name":"wp","href":"https:\/\/api.w.org\/{rel}","templated":true}]}}