{"id":33610,"date":"2025-10-28T15:53:06","date_gmt":"2025-10-28T15:53:06","guid":{"rendered":"https:\/\/www.europesays.com\/lv\/33610\/"},"modified":"2025-10-28T15:53:06","modified_gmt":"2025-10-28T15:53:06","slug":"mediji-komente-skandalozas-luvras-darglietu-zadzibas-versijas","status":"publish","type":"post","link":"https:\/\/www.europesays.com\/lv\/33610\/","title":{"rendered":"Mediji koment\u0113 skandaloz\u0101s Luvras d\u0101rglietu z\u0101dz\u012bbas versijas"},"content":{"rendered":"<p class=\"descr\">Mediji koment\u0113 Luvras d\u0101rglietu z\u0101dz\u012bbas versijas.<\/p>\n<p>Luvras muzeja apzag\u0161anas deta\u013cas k\u013c\u016bst arvien skandaloz\u0101kas &#8211; Francijas izmekl\u0113t\u0101ji ofici\u0101li izvirza &#8220;nodev\u012bbas&#8221; versiju &#8211; inform\u0101cijas nopl\u016bdi par muzeja dro\u0161\u012bbas <a href=\"https:\/\/nra.lv\/pasaule\/505110-pec-laupisanas-luvras-muzejs-parvietoja-dalu-savu-darglietu-uz-banque-de-france-seifu.htm\" data-item-link=\"true\" data-item-id=\"505110\" rel=\"nofollow noopener\" target=\"_blank\">sist\u0113mu<\/a>. Sestdien tika <a href=\"https:\/\/nra.lv\/pasaule\/505125-aizdomas-par-saistibu-ar-zadzibu-no-luvras-divi-aizturetie.htm\" data-item-link=\"true\" data-item-id=\"505125\" rel=\"nofollow noopener\" target=\"_blank\">aiztur\u0113ti<\/a> divi aizdom\u0101s turamie: viens \u0160arla de Golla lidost\u0101, m\u0113\u0123inot izlidot uz Al\u017e\u012briju, bet otrs &#8211; Par\u012bzes zieme\u013cos. Izmekl\u0113t\u0101jiem ir pier\u0101d\u012bjumi, ka viens no Luvras muzeja apsardzes darbiniekiem ar zag\u013ciem sadarbojies un nodevis konfidenci\u0101lus datus.<\/p>\n<p>\u201cThe Telegraph\u201d <a href=\"https:\/\/nra.lv\/pasaule\/505183-jauna-intrigejosa-informacija-par-laupisanuu-luvr.htm\" data-item-link=\"true\" data-item-id=\"505183\" rel=\"nofollow noopener\" target=\"_blank\">zi\u0146o<\/a>, ka pier\u0101d\u012bjumu pamat\u0101 ir e-pasti un sarunu ieraksti starp muzeja apsargu un z\u0101dz\u012bbas organizatoriem. \u0160\u012b inform\u0101cija \u013c\u0101va noziedzniekiem noskaidrot muzeja \u0101ra nov\u0113ro\u0161anas kameru neredzam\u0101s zonas un dro\u0161\u012bbas perimetra ievainojam\u012bbas. Izmekl\u0113t\u0101ji uzskata, ka abi aiztur\u0113tie ir organiz\u0113tas grupas dal\u012bbnieki, kuri noziedzniekus apg\u0101d\u0101ja ar apr\u012bkojumu un nodro\u0161in\u0101ja tiem atk\u0101p\u0161an\u0101s un b\u0113g\u0161anas ce\u013cus. Galvenie z\u0101dz\u012bbas dal\u012bbnieki joproj\u0101m tiek mekl\u0113ti. Nozieguma viet\u0101 policija ieguva vair\u0101k nek\u0101 150 biolo\u0123isko paraugu &#8211; DNS p\u0113das uz cimdiem, \u0137iver\u0113m un instrumentiem, kas tika izmesti b\u0113g\u0161anas laik\u0101.<\/p>\n<p>Par\u012bzes prokurat\u016bra izmekl\u0113 ar\u012b nozieguma pas\u016bt\u012bjuma <a href=\"https:\/\/nra.lv\/pasaule\/504620-luvras-muzeja-aplaupisana-izmekletaju-galvenas-versijas-un-iespejamie-motivi.htm\" data-item-link=\"true\" data-item-id=\"504620\" rel=\"nofollow noopener\" target=\"_blank\">versiju<\/a>. Prokurore Lora Beko BFM TV past\u0101st\u012bja, ka laup\u012b\u0161anas oper\u0101cijai piemita visas organiz\u0113tas noziedz\u012bbas paz\u012bmes &#8211; profesion\u0101\u013ci, visticam\u0101k, r\u012bkoj\u0101s k\u0101da bag\u0101ta kolekcion\u0101ra uzdevum\u0101, kuram bija lemts ieg\u016bt nozagt\u0101s relikvijas.<\/p>\n<p>Vai Luvras muzeja apzag\u0161anu var\u0113ja pas\u016bt\u012bt nevis alkat\u012bgs kolekcion\u0101rs, bet gan politi\u0137is? \u201cJa \u0146em v\u0113r\u0101 politisko kait\u0113jumu, ko \u0161is kult\u016bras terorisma akts jau nodar\u012bjis Francijai, past\u0101v ar\u012b iesp\u0113ja, ka \u201cklients\u201d paties\u012bb\u0101 v\u0113l\u0113jies ieg\u016bt ne vien \u017dozef\u012bnes d\u0101rglietas, bet ar\u012b Francijas nacion\u0101lo pazemojumu &#8211; bezpal\u012bdz\u012bbas un posta saj\u016btu, ko izrais\u012bjis vieglums un nesod\u0101m\u012bba, ar k\u0101du noziedznieki iek\u013cuva Eiropas pa\u0161identit\u0101tes &#8220;vissv\u0113t\u0101kaj\u0101 viet\u0101&#8221;, koment\u0113 &#8220;Telegram&#8221; kan\u0101ls \u201cBerlinspeaks\u201d.<\/p>\n<blockquote><p>\u201cTas pat vair\u0101k izskat\u0101s p\u0113c veiksm\u012bgas hibr\u012bdkara oper\u0101cijas, nevis p\u0101rdro\u0161as z\u0101dz\u012bbas.<\/p><\/blockquote>\n<p>Zag\u013ci turpat neskartu atst\u0101ja grandiozu, kr\u0101\u0161\u0146u dimantu, pa ce\u013cam nometot nenov\u0113rt\u0113jamo imperatores Ei\u017eenijas kroni k\u0101 t\u0101du s\u012bknaudu&#8230; \u0160\u0137iet, ka pati z\u0101dz\u012bba vi\u0146iem bijusi svar\u012bg\u0101ka par laup\u012bjumu. Galu gal\u0101 Luvra &#8211; pasaul\u0113 izcil\u0101kais un apmekl\u0113t\u0101kais muzejs &#8211; izr\u0101d\u012bjies tikai &#8220;pap\u012bra cietoksnis&#8221;, kur\u0101 var ien\u0101kt gai\u0161\u0101 dienas laik\u0101, pa\u0146emt visu nepiecie\u0161amo un bez liekas k\u0146adas pazust.\u201d<\/p>\n<p>\t\t\t\t\t\tinfo<\/p>\n<p>Uzzini pirmais<br \/>kas interesants noticis Latvij\u0101 un pasaul\u0113,<br \/>pievienojoties mums <a href=\"https:\/\/t.me\/neatkariga\" rel=\"nofollow\">Telegram<\/a> vai <a href=\"https:\/\/whatsapp.com\/channel\/0029VaMLFUH5K3zLU5s4wm3y\" rel=\"nofollow noopener\" target=\"_blank\">Whatsapp<\/a> kan\u0101l\u0101<\/p>\n","protected":false},"excerpt":{"rendered":"Mediji koment\u0113 Luvras d\u0101rglietu z\u0101dz\u012bbas versijas. Luvras muzeja apzag\u0161anas deta\u013cas k\u013c\u016bst arvien skandaloz\u0101kas &#8211; Francijas izmekl\u0113t\u0101ji ofici\u0101li izvirza&hellip;\n","protected":false},"author":2,"featured_media":33611,"comment_status":"","ping_status":"","sticky":false,"template":"","format":"standard","meta":{"footnotes":""},"categories":[5],"tags":[23,28,29,32,33,22,30,31,35,39,38,36,37,34,40,20,26,27,24,25,21],"class_list":{"0":"post-33610","1":"post","2":"type-post","3":"status-publish","4":"format-standard","5":"has-post-thumbnail","7":"category-aktualitates","8":"tag-aktualitates","9":"tag-breaking-news","10":"tag-breakingnews","11":"tag-featured-news","12":"tag-featurednews","13":"tag-headlines","14":"tag-latest-news","15":"tag-latestnews","16":"tag-latvia","17":"tag-latvian","18":"tag-latviesu","19":"tag-latviesu-valoda","20":"tag-latviesuvaloda","21":"tag-latvija","22":"tag-lv","23":"tag-news","24":"tag-popularakas-zinas","25":"tag-popularakaszinas","26":"tag-top-stories","27":"tag-topstories","28":"tag-zinas"},"share_on_mastodon":{"url":"https:\/\/pubeurope.com\/@lv\/115452602218059407","error":""},"_links":{"self":[{"href":"https:\/\/www.europesays.com\/lv\/wp-json\/wp\/v2\/posts\/33610","targetHints":{"allow":["GET"]}}],"collection":[{"href":"https:\/\/www.europesays.com\/lv\/wp-json\/wp\/v2\/posts"}],"about":[{"href":"https:\/\/www.europesays.com\/lv\/wp-json\/wp\/v2\/types\/post"}],"author":[{"embeddable":true,"href":"https:\/\/www.europesays.com\/lv\/wp-json\/wp\/v2\/users\/2"}],"replies":[{"embeddable":true,"href":"https:\/\/www.europesays.com\/lv\/wp-json\/wp\/v2\/comments?post=33610"}],"version-history":[{"count":0,"href":"https:\/\/www.europesays.com\/lv\/wp-json\/wp\/v2\/posts\/33610\/revisions"}],"wp:featuredmedia":[{"embeddable":true,"href":"https:\/\/www.europesays.com\/lv\/wp-json\/wp\/v2\/media\/33611"}],"wp:attachment":[{"href":"https:\/\/www.europesays.com\/lv\/wp-json\/wp\/v2\/media?parent=33610"}],"wp:term":[{"taxonomy":"category","embeddable":true,"href":"https:\/\/www.europesays.com\/lv\/wp-json\/wp\/v2\/categories?post=33610"},{"taxonomy":"post_tag","embeddable":true,"href":"https:\/\/www.europesays.com\/lv\/wp-json\/wp\/v2\/tags?post=33610"}],"curies":[{"name":"wp","href":"https:\/\/api.w.org\/{rel}","templated":true}]}}