{"id":33614,"date":"2025-10-28T15:57:08","date_gmt":"2025-10-28T15:57:08","guid":{"rendered":"https:\/\/www.europesays.com\/lv\/33614\/"},"modified":"2025-10-28T15:57:08","modified_gmt":"2025-10-28T15:57:08","slug":"lukasenko-reakcija-uz-robezas-slegsanu-apliecina-si-lemuma-efektivitati","status":"publish","type":"post","link":"https:\/\/www.europesays.com\/lv\/33614\/","title":{"rendered":"Luka\u0161enko reakcija uz robe\u017eas sl\u0113g\u0161anu apliecina \u0161\u012b l\u0113muma efektivit\u0101ti"},"content":{"rendered":"<p>Lai gan Luka\u0161enko nor\u0101d\u012bja, ka ir gatavs atvainoties, ja b\u016btu pamatotas aizdomas par Baltkrievijas atbild\u012bbu, vi\u0146\u0161 kritiz\u0113ja Lietuvu, sakot, ka, &#8220;ja tur lido kaut k\u0101di baloni ar cigaret\u0113m vai kaut ko citu, manupr\u0101t, \u0161is jaut\u0101jums j\u0101risina tur. Tie neaizlidoja nezin kur. K\u0101ds tos tur sa\u0146em, k\u0101dam par tiem ir interese. Mums \u0161\u0101das lietas ir j\u0101atrod un j\u0101aptur jau sakn\u0113&#8221;.<\/p>\n","protected":false},"excerpt":{"rendered":"Lai gan Luka\u0161enko nor\u0101d\u012bja, ka ir gatavs atvainoties, ja b\u016btu pamatotas aizdomas par Baltkrievijas atbild\u012bbu, vi\u0146\u0161 kritiz\u0113ja Lietuvu,&hellip;\n","protected":false},"author":2,"featured_media":33615,"comment_status":"","ping_status":"","sticky":false,"template":"","format":"standard","meta":{"footnotes":""},"categories":[14],"tags":[23,57,28,29,32,33,22,30,31,35,39,38,36,37,34,40,20,26,27,24,25,54,55,56,21,58],"class_list":{"0":"post-33614","1":"post","2":"type-post","3":"status-publish","4":"format-standard","5":"has-post-thumbnail","7":"category-zinas-no-arvalstim","8":"tag-aktualitates","9":"tag-arvalstim","10":"tag-breaking-news","11":"tag-breakingnews","12":"tag-featured-news","13":"tag-featurednews","14":"tag-headlines","15":"tag-latest-news","16":"tag-latestnews","17":"tag-latvia","18":"tag-latvian","19":"tag-latviesu","20":"tag-latviesu-valoda","21":"tag-latviesuvaloda","22":"tag-latvija","23":"tag-lv","24":"tag-news","25":"tag-popularakas-zinas","26":"tag-popularakaszinas","27":"tag-top-stories","28":"tag-topstories","29":"tag-world","30":"tag-world-news","31":"tag-worldnews","32":"tag-zinas","33":"tag-zinas-no-arvalstim"},"share_on_mastodon":{"url":"https:\/\/pubeurope.com\/@lv\/115452617930928905","error":""},"_links":{"self":[{"href":"https:\/\/www.europesays.com\/lv\/wp-json\/wp\/v2\/posts\/33614","targetHints":{"allow":["GET"]}}],"collection":[{"href":"https:\/\/www.europesays.com\/lv\/wp-json\/wp\/v2\/posts"}],"about":[{"href":"https:\/\/www.europesays.com\/lv\/wp-json\/wp\/v2\/types\/post"}],"author":[{"embeddable":true,"href":"https:\/\/www.europesays.com\/lv\/wp-json\/wp\/v2\/users\/2"}],"replies":[{"embeddable":true,"href":"https:\/\/www.europesays.com\/lv\/wp-json\/wp\/v2\/comments?post=33614"}],"version-history":[{"count":0,"href":"https:\/\/www.europesays.com\/lv\/wp-json\/wp\/v2\/posts\/33614\/revisions"}],"wp:featuredmedia":[{"embeddable":true,"href":"https:\/\/www.europesays.com\/lv\/wp-json\/wp\/v2\/media\/33615"}],"wp:attachment":[{"href":"https:\/\/www.europesays.com\/lv\/wp-json\/wp\/v2\/media?parent=33614"}],"wp:term":[{"taxonomy":"category","embeddable":true,"href":"https:\/\/www.europesays.com\/lv\/wp-json\/wp\/v2\/categories?post=33614"},{"taxonomy":"post_tag","embeddable":true,"href":"https:\/\/www.europesays.com\/lv\/wp-json\/wp\/v2\/tags?post=33614"}],"curies":[{"name":"wp","href":"https:\/\/api.w.org\/{rel}","templated":true}]}}