{"id":33627,"date":"2025-10-28T16:11:12","date_gmt":"2025-10-28T16:11:12","guid":{"rendered":"https:\/\/www.europesays.com\/lv\/33627\/"},"modified":"2025-10-28T16:11:12","modified_gmt":"2025-10-28T16:11:12","slug":"balkvedeja-avarija-riga-kokmateriali-uz-ulmana-gatves","status":"publish","type":"post","link":"https:\/\/www.europesays.com\/lv\/33627\/","title":{"rendered":"Ba\u013c\u0137ved\u0113ja av\u0101rija R\u012bg\u0101: kokmateri\u0101li uz Ulma\u0146a gatves"},"content":{"rendered":"<p class=\"descr\">Ap plkst. 6.00 no r\u012bta Ulma\u0146a gatves un Vien\u012bbas gatves krustojum\u0101 no ba\u013c\u0137ved\u0113ja izbira krava \u2014 uz brauktuves izkrita kokmateri\u0101li, zi\u0146o &#8220;sadursme.lv&#8221;.<\/p>\n<p>Negad\u012bjum\u0101 cieta ar\u012b vair\u0101kas <a href=\"https:\/\/nra.lv\/latvija\/regionos\/504551-vilanos-policijas-pakaldzisanas-jaunietis-ar-auto-izraisa-avariju.htm\" data-item-link=\"true\" data-item-id=\"504551\" rel=\"nofollow noopener\" target=\"_blank\">viegl\u0101s automa\u0161\u012bnas.<\/a><\/p>\n<p>Satiksme notikuma viet\u0101 bija b\u016btiski apgr\u016btin\u0101ta, un uz vietas str\u0101d\u0101ja dienesti, lai nov\u0113rstu b\u012bstam\u012bbu un atbr\u012bvotu ce\u013cu.<\/p>\n","protected":false},"excerpt":{"rendered":"Ap plkst. 6.00 no r\u012bta Ulma\u0146a gatves un Vien\u012bbas gatves krustojum\u0101 no ba\u013c\u0137ved\u0113ja izbira krava \u2014 uz brauktuves&hellip;\n","protected":false},"author":2,"featured_media":33628,"comment_status":"","ping_status":"","sticky":false,"template":"","format":"standard","meta":{"footnotes":""},"categories":[5],"tags":[23,28,29,32,33,22,30,31,35,39,38,36,37,34,40,20,26,27,24,25,21],"class_list":{"0":"post-33627","1":"post","2":"type-post","3":"status-publish","4":"format-standard","5":"has-post-thumbnail","7":"category-aktualitates","8":"tag-aktualitates","9":"tag-breaking-news","10":"tag-breakingnews","11":"tag-featured-news","12":"tag-featurednews","13":"tag-headlines","14":"tag-latest-news","15":"tag-latestnews","16":"tag-latvia","17":"tag-latvian","18":"tag-latviesu","19":"tag-latviesu-valoda","20":"tag-latviesuvaloda","21":"tag-latvija","22":"tag-lv","23":"tag-news","24":"tag-popularakas-zinas","25":"tag-popularakaszinas","26":"tag-top-stories","27":"tag-topstories","28":"tag-zinas"},"share_on_mastodon":{"url":"https:\/\/pubeurope.com\/@lv\/115452672924407875","error":""},"_links":{"self":[{"href":"https:\/\/www.europesays.com\/lv\/wp-json\/wp\/v2\/posts\/33627","targetHints":{"allow":["GET"]}}],"collection":[{"href":"https:\/\/www.europesays.com\/lv\/wp-json\/wp\/v2\/posts"}],"about":[{"href":"https:\/\/www.europesays.com\/lv\/wp-json\/wp\/v2\/types\/post"}],"author":[{"embeddable":true,"href":"https:\/\/www.europesays.com\/lv\/wp-json\/wp\/v2\/users\/2"}],"replies":[{"embeddable":true,"href":"https:\/\/www.europesays.com\/lv\/wp-json\/wp\/v2\/comments?post=33627"}],"version-history":[{"count":0,"href":"https:\/\/www.europesays.com\/lv\/wp-json\/wp\/v2\/posts\/33627\/revisions"}],"wp:featuredmedia":[{"embeddable":true,"href":"https:\/\/www.europesays.com\/lv\/wp-json\/wp\/v2\/media\/33628"}],"wp:attachment":[{"href":"https:\/\/www.europesays.com\/lv\/wp-json\/wp\/v2\/media?parent=33627"}],"wp:term":[{"taxonomy":"category","embeddable":true,"href":"https:\/\/www.europesays.com\/lv\/wp-json\/wp\/v2\/categories?post=33627"},{"taxonomy":"post_tag","embeddable":true,"href":"https:\/\/www.europesays.com\/lv\/wp-json\/wp\/v2\/tags?post=33627"}],"curies":[{"name":"wp","href":"https:\/\/api.w.org\/{rel}","templated":true}]}}