{"id":33631,"date":"2025-10-28T16:16:08","date_gmt":"2025-10-28T16:16:08","guid":{"rendered":"https:\/\/www.europesays.com\/lv\/33631\/"},"modified":"2025-10-28T16:16:08","modified_gmt":"2025-10-28T16:16:08","slug":"valkas-pasvaldibai-steidzami-jauzlabo-finansu-vadiba-pauz-fm","status":"publish","type":"post","link":"https:\/\/www.europesays.com\/lv\/33631\/","title":{"rendered":"Valkas pa\u0161vald\u012bbai steidzami j\u0101uzlabo finan\u0161u vad\u012bba, pau\u017e FM"},"content":{"rendered":"<p>FM r\u012bc\u012bb\u0101 \u0161obr\u012bd nav inform\u0101cijas, ka \u0161\u0101di groz\u012bjumi b\u016btu veikti. Ja pa\u0161vald\u012bba nesp\u0113s nor\u0113\u0137in\u0101ties ar kreditoriem un nerad\u012bs ilgtermi\u0146a risin\u0101jumus bud\u017eeta sabalans\u0113\u0161anai, FM aicina pa\u0161vald\u012bbas domi izv\u0113rt\u0113t, vai nav iest\u0101jusies situ\u0101cija, kas liecina par finan\u0161u stabiliz\u0101cijas procesa nepiecie\u0161am\u012bbu atbilsto\u0161i likumam par bud\u017eetu un finan\u0161u vad\u012bbu.<\/p>\n<p>Vienlaikus FM ir l\u016bgusi Vides aizsardz\u012bbas un re\u0123ion\u0101l\u0101s att\u012bst\u012bbas ministriju izv\u0113rt\u0113t, vai Valkas novada pa\u0161vald\u012bb\u0101 atbilsto\u0161i likumam tiek nodro\u0161in\u0101ti iedz\u012bvot\u0101jiem nepiecie\u0161amie siltumapg\u0101des un komun\u0101lie pakalpojumi.<\/p>\n<p>T\u0101pat Korupcijas nov\u0113r\u0161anas un apkaro\u0161anas birojs ir rosin\u0101jis Eiropas Prokurat\u016brai s\u0101kt krimin\u0101lvaj\u0101\u0161anu pret trim Valkas novada pa\u0161vald\u012bbas amatperson\u0101m, tostarp domes priek\u0161s\u0113d\u0113t\u0101ju Ventu Armandu Kraukli (Vidzemes partija), par iesp\u0113jamu kr\u0101p\u0161anu liel\u0101 apm\u0113r\u0101 ra\u017eo\u0161anas teritorijas izveides projekt\u0101, kur ar viltu izkr\u0101pti vair\u0101k nek\u0101 168 000 eiro no Eiropas Savien\u012bbas un valsts bud\u017eeta l\u012bdzek\u013ciem.<\/p>\n<p>Rev\u012bzijas m\u0113r\u0137is ir noskaidrot, vai pa\u0161vald\u012bbas finan\u0161u l\u012bdzek\u013ci tiek izmantoti tiesiski, ekonomiski un efekt\u012bvi, k\u0101 ar\u012b sniegt rekomend\u0101cijas finan\u0161u situ\u0101cijas sak\u0101rto\u0161anai. FM apliecina gatav\u012bbu cie\u0161i sadarboties ar VK, sniedzot visu nepiecie\u0161amo inform\u0101ciju un atbalstu rev\u012bzijas \u012bsteno\u0161an\u0101.<\/p>\n<p>LETA iepriek\u0161 zi\u0146oja, ka Valkas novada pa\u0161vald\u012bbu satrauc FM ier\u0113d\u0146u izpratnes tr\u016bkums par novada finan\u0161u situ\u0101cijas ra\u0161an\u0101s iemesliem, t\u0101d\u0113\u013c Valkas novada domes priek\u0161s\u0113d\u0113t\u0101js Vents Armands Krauklis (Vidzemes partija) bija aicin\u0101jis premjerministri apmekl\u0113t Valkas novadu. Savuk\u0101rt premjere uzdeva ar Valkas novada domes priek\u0161s\u0113d\u0113t\u0101ju tikties vied\u0101s administr\u0101cijas un re\u0123ion\u0101l\u0101s att\u012bst\u012bbas ministram Raimondam \u010cudaram (JV).<\/p>\n","protected":false},"excerpt":{"rendered":"FM r\u012bc\u012bb\u0101 \u0161obr\u012bd nav inform\u0101cijas, ka \u0161\u0101di groz\u012bjumi b\u016btu veikti. Ja pa\u0161vald\u012bba nesp\u0113s nor\u0113\u0137in\u0101ties ar kreditoriem un nerad\u012bs&hellip;\n","protected":false},"author":2,"featured_media":33632,"comment_status":"","ping_status":"","sticky":false,"template":"","format":"standard","meta":{"footnotes":""},"categories":[12],"tags":[23,28,29,32,33,438,22,30,31,35,39,38,36,37,34,40,20,26,27,24,25,1007,21],"class_list":{"0":"post-33631","1":"post","2":"type-post","3":"status-publish","4":"format-standard","5":"has-post-thumbnail","7":"category-latvija","8":"tag-aktualitates","9":"tag-breaking-news","10":"tag-breakingnews","11":"tag-featured-news","12":"tag-featurednews","13":"tag-finansu-ministrija","14":"tag-headlines","15":"tag-latest-news","16":"tag-latestnews","17":"tag-latvia","18":"tag-latvian","19":"tag-latviesu","20":"tag-latviesu-valoda","21":"tag-latviesuvaloda","22":"tag-latvija","23":"tag-lv","24":"tag-news","25":"tag-popularakas-zinas","26":"tag-popularakaszinas","27":"tag-top-stories","28":"tag-topstories","29":"tag-valka","30":"tag-zinas"},"share_on_mastodon":{"url":"https:\/\/pubeurope.com\/@lv\/115452692780965176","error":""},"_links":{"self":[{"href":"https:\/\/www.europesays.com\/lv\/wp-json\/wp\/v2\/posts\/33631","targetHints":{"allow":["GET"]}}],"collection":[{"href":"https:\/\/www.europesays.com\/lv\/wp-json\/wp\/v2\/posts"}],"about":[{"href":"https:\/\/www.europesays.com\/lv\/wp-json\/wp\/v2\/types\/post"}],"author":[{"embeddable":true,"href":"https:\/\/www.europesays.com\/lv\/wp-json\/wp\/v2\/users\/2"}],"replies":[{"embeddable":true,"href":"https:\/\/www.europesays.com\/lv\/wp-json\/wp\/v2\/comments?post=33631"}],"version-history":[{"count":0,"href":"https:\/\/www.europesays.com\/lv\/wp-json\/wp\/v2\/posts\/33631\/revisions"}],"wp:featuredmedia":[{"embeddable":true,"href":"https:\/\/www.europesays.com\/lv\/wp-json\/wp\/v2\/media\/33632"}],"wp:attachment":[{"href":"https:\/\/www.europesays.com\/lv\/wp-json\/wp\/v2\/media?parent=33631"}],"wp:term":[{"taxonomy":"category","embeddable":true,"href":"https:\/\/www.europesays.com\/lv\/wp-json\/wp\/v2\/categories?post=33631"},{"taxonomy":"post_tag","embeddable":true,"href":"https:\/\/www.europesays.com\/lv\/wp-json\/wp\/v2\/tags?post=33631"}],"curies":[{"name":"wp","href":"https:\/\/api.w.org\/{rel}","templated":true}]}}