{"id":33635,"date":"2025-10-28T16:19:08","date_gmt":"2025-10-28T16:19:08","guid":{"rendered":"https:\/\/www.europesays.com\/lv\/33635\/"},"modified":"2025-10-28T16:19:08","modified_gmt":"2025-10-28T16:19:08","slug":"latvijas-hokejistu-maina-somija-tumanovs-aizstas-fenenko","status":"publish","type":"post","link":"https:\/\/www.europesays.com\/lv\/33635\/","title":{"rendered":"Latvijas hokejistu mai\u0146a Somij\u0101 \u2013 Tum\u0101novs aizst\u0101s Fe\u0146enko"},"content":{"rendered":"<p>Jau zi\u0146ots, ka oktobra vid\u016b l\u012bgumu ar Tum\u0101novu p\u0113c abpus\u0113jas vieno\u0161an\u0101s p\u0101rtrauca Slov\u0101kijas ekstral\u012bgas klubs &#8220;Pre\u0161ov&#8221;.<\/p>\n<p>&#8220;&#8221;Jokerit&#8221; stiprina savu aizsardz\u012bbu ar latvieti Tum\u0101novu, kur\u0161 ir pievienojas komandai uz atliku\u0161o sezonas da\u013cu,&#8221; teikts kluba pazi\u0146ojum\u0101.<\/p>\n<p>Pirms dal\u012bbas &#8220;Pre\u0161ov&#8221; komand\u0101 iepriek\u0161\u0113j\u0101s \u010detras sezonas 24 gadus vecais aizsargs sp\u0113l\u0113ja Somij\u0101. Pirm\u0101s divas sezonas vi\u0146\u0161 aizvad\u012bja &#8220;Mestis&#8221; l\u012bgas klub\u0101 Rovaniemi &#8220;Kiekko&#8221; (&#8220;RoKi&#8221;), bet n\u0101kam\u0101s divas &#8211; virsl\u012bgas vien\u012bb\u0101 Jiveskiles JYP, kas vi\u0146u iz\u012br\u0113ja ar\u012b vair\u0101k\u0101m &#8220;Mestis&#8221; l\u012bgas komand\u0101m un virsl\u012bgas vien\u012bbai Mikeli &#8220;Jukurit&#8221;.<\/p>\n<p>&#8220;Tum\u0101novs ir gar\u0161 un vispus\u012bgs aizsargs, kur\u0161 labi slido. Vi\u0146am ir potenci\u0101ls uzbrukum\u0101, un papildus tam m\u0113s sagaid\u0101m stabilu sp\u0113li aizsardz\u012bb\u0101,&#8221; skaidro &#8220;Jokerit&#8221; sporta direktors Olli Peka Irjenheiki.<\/p>\n<p>Tum\u0101novs pievienoj\u0101s &#8220;Jokerit&#8221; komandai otrdien, un tiek prognoz\u0113ts, ka piektdien dosies laukum\u0101 ma\u010d\u0101 ar Kokolas &#8220;Hermes&#8221;.<\/p>\n<p>Vienlaikus &#8220;Jokerit&#8221; pazi\u0146oja, ka p\u0113c abpus\u0113jas vieno\u0161an\u0101s ir p\u0101rtraukts l\u012bgums ar aizsargu Fe\u0146enko.<\/p>\n<p>Fe\u0146enko \u0161osezon &#8220;Jokerit&#8221; rind\u0101s aizvad\u012bja divas sp\u0113les, pie rezultativit\u0101tes punktiem netiekot.<\/p>\n<p>&#8220;Jokerit&#8221; ar 13 sp\u0113l\u0113s izc\u012bn\u012btiem 19 punktiem &#8220;Mestis&#8221; l\u012bg\u0101 ie\u0146em sept\u012bto vietu 10 komandu vid\u016b.<\/p>\n<p>Tiek uzsv\u0113rts, ka n\u0101kamned\u0113\u013c aizsargs pievienosies Latvijas izlasei.<\/p>\n<p>\u0160ogad Tum\u0101novs bija Latvijas izlases sast\u0101v\u0101 pasaules \u010dempion\u0101t\u0101, ta\u010du nedev\u0101s laukum\u0101 nevien\u0101 ma\u010d\u0101.<\/p>\n","protected":false},"excerpt":{"rendered":"Jau zi\u0146ots, ka oktobra vid\u016b l\u012bgumu ar Tum\u0101novu p\u0113c abpus\u0113jas vieno\u0161an\u0101s p\u0101rtrauca Slov\u0101kijas ekstral\u012bgas klubs &#8220;Pre\u0161ov&#8221;. &#8220;&#8221;Jokerit&#8221; stiprina&hellip;\n","protected":false},"author":2,"featured_media":33636,"comment_status":"","ping_status":"","sticky":false,"template":"","format":"standard","meta":{"footnotes":""},"categories":[17],"tags":[836,838,394,721,35,39,38,36,37,34,40,67],"class_list":{"0":"post-33635","1":"post","2":"type-post","3":"status-publish","4":"format-standard","5":"has-post-thumbnail","7":"category-sports","8":"tag-hokeja-jaunumi","9":"tag-hokejisti-arzemes","10":"tag-hokejs","11":"tag-hokejs-pasaule","12":"tag-latvia","13":"tag-latvian","14":"tag-latviesu","15":"tag-latviesu-valoda","16":"tag-latviesuvaloda","17":"tag-latvija","18":"tag-lv","19":"tag-sports"},"share_on_mastodon":{"url":"https:\/\/pubeurope.com\/@lv\/115452704355100676","error":""},"_links":{"self":[{"href":"https:\/\/www.europesays.com\/lv\/wp-json\/wp\/v2\/posts\/33635","targetHints":{"allow":["GET"]}}],"collection":[{"href":"https:\/\/www.europesays.com\/lv\/wp-json\/wp\/v2\/posts"}],"about":[{"href":"https:\/\/www.europesays.com\/lv\/wp-json\/wp\/v2\/types\/post"}],"author":[{"embeddable":true,"href":"https:\/\/www.europesays.com\/lv\/wp-json\/wp\/v2\/users\/2"}],"replies":[{"embeddable":true,"href":"https:\/\/www.europesays.com\/lv\/wp-json\/wp\/v2\/comments?post=33635"}],"version-history":[{"count":0,"href":"https:\/\/www.europesays.com\/lv\/wp-json\/wp\/v2\/posts\/33635\/revisions"}],"wp:featuredmedia":[{"embeddable":true,"href":"https:\/\/www.europesays.com\/lv\/wp-json\/wp\/v2\/media\/33636"}],"wp:attachment":[{"href":"https:\/\/www.europesays.com\/lv\/wp-json\/wp\/v2\/media?parent=33635"}],"wp:term":[{"taxonomy":"category","embeddable":true,"href":"https:\/\/www.europesays.com\/lv\/wp-json\/wp\/v2\/categories?post=33635"},{"taxonomy":"post_tag","embeddable":true,"href":"https:\/\/www.europesays.com\/lv\/wp-json\/wp\/v2\/tags?post=33635"}],"curies":[{"name":"wp","href":"https:\/\/api.w.org\/{rel}","templated":true}]}}