{"id":33674,"date":"2025-10-28T17:52:14","date_gmt":"2025-10-28T17:52:14","guid":{"rendered":"https:\/\/www.europesays.com\/lv\/33674\/"},"modified":"2025-10-28T17:52:14","modified_gmt":"2025-10-28T17:52:14","slug":"valkas-novada-budzeta-fm-saskata-butiskus-riskus-aicina-veikt-arkartas-reviziju","status":"publish","type":"post","link":"https:\/\/www.europesays.com\/lv\/33674\/","title":{"rendered":"Valkas novada bud\u017eet\u0101 FM saskata b\u016btiskus riskus; aicina veikt \u0101rk\u0101rtas rev\u012bziju"},"content":{"rendered":"<p>Otrdien, 28. oktobr\u012b, <a rel=\"noopener nofollow\" target=\"_blank\" href=\"https:\/\/www.delfi.lv\/temas\/37196705\/finansu-ministrija\" tag-id=\"37196705\">Finan\u0161u ministrija<\/a> (FM) ir aicin\u0101jusi Venta Armanda Krauk\u013ca vad\u012bto <a rel=\"noopener nofollow\" target=\"_blank\" href=\"https:\/\/www.delfi.lv\/temas\/40646927\/valka\" tag-id=\"40646927\">Valkas<\/a> novada pa\u0161vald\u012bbu steidzami uzlabot finan\u0161u vad\u012bbu un izl\u0113m\u012bgi main\u012bt pieeju bud\u017eeta pl\u0101no\u0161anai, lai nov\u0113rstu pieaugo\u0161os maks\u0101jumu kav\u0113jumus, nodok\u013cu par\u0101dus un bud\u017eeta nesabalans\u0113t\u012bbu, port\u0101lu &#8220;Delfi&#8221; inform\u0113ja ministrij\u0101.<\/p>\n<p class=\"western\">FM, izv\u0113rt\u0113jot pa\u0161vald\u012bbas finan\u0161u r\u0101d\u012bt\u0101jus un konstat\u0113jot b\u016btiskus riskus, ir aicin\u0101jusi Valsts kontroli veikt \u0101rk\u0101rtas rev\u012bziju, lai ieg\u016btu piln\u012bgu priek\u0161statu par pa\u0161vald\u012bbas finan\u0161u situ\u0101ciju un t\u0101s r\u012bc\u012bbu ar bud\u017eeta l\u012bdzek\u013ciem.<\/p>\n<p class=\"western\">FM ir secin\u0101jusi, ka kop\u0161 2025. gada j\u016bnija Valkas novada pa\u0161vald\u012bbai atk\u0101rtoti ir izveidoju\u0161ies ilgsto\u0161i kav\u0113ti maks\u0101jumi par siltumener\u0123ijas pakalpojumiem. Uz \u0161\u0101 gada septembra beig\u0101m kav\u0113to maks\u0101jumu kopsumma p\u0101rsniedza 530 000 eiro, tostarp nodok\u013cu par\u0101ds bija vair\u0101k nek\u0101 325 000 eiro, bet par\u0101di par siltumapg\u0101di \u2013 150 000 eiro. Pa\u0161vald\u012bbas debitoru par\u0101di sasniedza vair\u0101k nek\u0101 vienu miljonu eiro, no kuriem puse ir uzkr\u0101jumi \u0161aub\u012bgajiem debitoriem.<\/p>\n<p class=\"western\">&#8220;Lai gan pa\u0161vald\u012bbai ir sava kapit\u0101lsabiedr\u012bba SIA &#8220;Valkas Namsaimnieks&#8221;, t\u0101 pati nodro\u0161ina siltumapg\u0101des pakalpojumu snieg\u0161anu iedz\u012bvot\u0101jiem, iekas\u0113jot maks\u0101jumus un nor\u0113\u0137inoties ar pakalpojuma sniedz\u0113ju. \u0160\u0101da pieeja rada papildu finansi\u0101lu slogu pa\u0161vald\u012bbas bud\u017eetam un palielina riskus t\u0101s maks\u0101tsp\u0113jai,&#8221; nor\u0101da FM.<\/p>\n<p class=\"western\">Ministrij\u0101 uzsver, ka pa\u0161vald\u012bbai b\u016btiski ir turpin\u0101t darbu pie izdevumu efektiviz\u0101cijas un finan\u0161u stabilit\u0101tes nodro\u0161in\u0101\u0161anas ilgtermi\u0146\u0101, k\u0101 ar\u012b izv\u0113rt\u0113t nepiecie\u0161am\u012bbu veikt groz\u012bjumus izdevumu samazin\u0101juma pl\u0101n\u0101, iek\u013caujot jaunus pas\u0101kumus. FM r\u012bc\u012bb\u0101 \u0161obr\u012bd nav inform\u0101cijas, ka \u0161\u0101di groz\u012bjumi b\u016btu veikti. Ja pa\u0161vald\u012bba nesp\u0113s nor\u0113\u0137in\u0101ties ar kreditoriem un nerad\u012bs ilgtermi\u0146a risin\u0101jumus bud\u017eeta sabalans\u0113\u0161anai, FM aicina pa\u0161vald\u012bbas domi izv\u0113rt\u0113t, vai nav iest\u0101jusies situ\u0101cija, kas liecina par finan\u0161u stabiliz\u0101cijas procesa nepiecie\u0161am\u012bbu atbilsto\u0161i likumam par bud\u017eetu un finan\u0161u vad\u012bbu.<\/p>\n<p class=\"western\">Vienlaikus FM ir l\u016bgusi Vied\u0101s administr\u0101cijas un re\u0123ion\u0101l\u0101s att\u012bst\u012bbas ministriju izv\u0113rt\u0113t, vai Valkas novada pa\u0161vald\u012bb\u0101 atbilsto\u0161i likumam tiek nodro\u0161in\u0101ti iedz\u012bvot\u0101jiem nepiecie\u0161amie siltumapg\u0101des un komun\u0101lie pakalpojumi.<\/p>\n<p class=\"western\">T\u0101pat jau zi\u0146ots, ka Korupcijas nov\u0113r\u0161anas un apkaro\u0161anas birojs (KNAB) ir rosin\u0101jis Eiropas Prokurat\u016bru s\u0101kt krimin\u0101lvaj\u0101\u0161anu pret trim Valkas novada pa\u0161vald\u012bbas amatperson\u0101m, tostarp Kraukli, par iesp\u0113jamu kr\u0101p\u0161anu liel\u0101 apm\u0113r\u0101 ra\u017eo\u0161anas teritorijas izveides projekt\u0101, kur ar viltu izkr\u0101pti vair\u0101k nek\u0101 168 t\u016bksto\u0161i eiro no Eiropas Savien\u012bbas un valsts bud\u017eeta l\u012bdzek\u013ciem.<\/p>\n<p>Lasiet ar\u012b<\/p>\n<p><a href=\"https:\/\/www.delfi.lv\/161\/criminal\/120092910\/knab-prasa-apsudzet-valkas-meru-kraukli-un-divus-vina-biedrus-par-iespejamu-krapsanos-ar-es-fondiem-plkst1646\" class=\"headline__image-link\" itemprop=\"url\" rel=\"nofollow noopener\" target=\"_blank\"><img decoding=\"async\" loading=\"lazy\" itemprop=\"image\" src=\"https:\/\/www.europesays.com\/lv\/wp-content\/uploads\/2025\/10\/08adf910-f588-11ed-8817-c3a6a4e506d1.jpg\" alt=\"KNAB prasa aps\u016bdz\u0113t Valkas m\u0113ru Kraukli un divus vi\u0146a biedrus par iesp\u0113jamu kr\u0101p\u0161anos ar ES fondiem (plkst.16.46)\" title=\"KNAB prasa aps\u016bdz\u0113t Valkas m\u0113ru Kraukli un divus vi\u0146a biedrus par iesp\u0113jamu kr\u0101p\u0161anos ar ES fondiem (plkst.16.46)\" class=\"headline__image img-fluid w-100\"\/><\/a><\/p>\n<p class=\"western\">Rev\u012bzijas m\u0113r\u0137is ir noskaidrot, vai pa\u0161vald\u012bbas finan\u0161u l\u012bdzek\u013ci tiek izmantoti tiesiski, ekonomiski un efekt\u012bvi, k\u0101 ar\u012b sniegt rekomend\u0101cijas finan\u0161u situ\u0101cijas sak\u0101rto\u0161anai. FM apliecina gatav\u012bbu cie\u0161i sadarboties ar VK, sniedzot visu nepiecie\u0161amo inform\u0101ciju un atbalstu rev\u012bzijas \u012bsteno\u0161an\u0101.<\/p>\n<p class=\"m-0\">Seko &#8220;Delfi&#8221; ar\u012b  <a target=\"_blank\" href=\"https:\/\/www.instagram.com\/delfi.lv\/\" rel=\"nofollow noopener\">Instagram<\/a>  un <a target=\"_blank\" href=\"https:\/\/www.youtube.com\/channel\/UCw5foWtcJvAbUm64rv7jwUQ\" rel=\"nofollow noopener\">YouTube<\/a>  profil\u0101 \u2013 pievienojies, lai uzzin\u0101tu svar\u012bg\u0101ko un interesant\u0101ko pirmais!<\/p>\n<p>Publik\u0101cijas saturs vai t\u0101s jebk\u0101da apjoma da\u013ca ir aizsarg\u0101ts autorties\u012bbu objekts Autorties\u012bbu likuma izpratn\u0113, un t\u0101 izmanto\u0161ana bez izdev\u0113ja at\u013caujas ir aizliegta. Vair\u0101k lasi  <a target=\"_blank\" href=\"https:\/\/www.delfi.lv\/noteikumi#autortiesibas\" rel=\"nofollow noopener\">\u0161eit<\/a><script async src=\"\/\/www.instagram.com\/embed.js\"><\/script><\/p>\n","protected":false},"excerpt":{"rendered":"Otrdien, 28. oktobr\u012b, Finan\u0161u ministrija (FM) ir aicin\u0101jusi Venta Armanda Krauk\u013ca vad\u012bto Valkas novada pa\u0161vald\u012bbu steidzami uzlabot finan\u0161u&hellip;\n","protected":false},"author":2,"featured_media":33675,"comment_status":"","ping_status":"","sticky":false,"template":"","format":"standard","meta":{"footnotes":""},"categories":[12],"tags":[23,28,29,32,33,438,22,30,31,35,39,38,36,37,34,40,20,26,27,24,25,1007,786,9950,21],"class_list":{"0":"post-33674","1":"post","2":"type-post","3":"status-publish","4":"format-standard","5":"has-post-thumbnail","7":"category-latvija","8":"tag-aktualitates","9":"tag-breaking-news","10":"tag-breakingnews","11":"tag-featured-news","12":"tag-featurednews","13":"tag-finansu-ministrija","14":"tag-headlines","15":"tag-latest-news","16":"tag-latestnews","17":"tag-latvia","18":"tag-latvian","19":"tag-latviesu","20":"tag-latviesu-valoda","21":"tag-latviesuvaloda","22":"tag-latvija","23":"tag-lv","24":"tag-news","25":"tag-popularakas-zinas","26":"tag-popularakaszinas","27":"tag-top-stories","28":"tag-topstories","29":"tag-valka","30":"tag-valsts-kontrole","31":"tag-vents-armands-krauklis","32":"tag-zinas"},"share_on_mastodon":{"url":"https:\/\/pubeurope.com\/@lv\/115453070155182150","error":""},"_links":{"self":[{"href":"https:\/\/www.europesays.com\/lv\/wp-json\/wp\/v2\/posts\/33674","targetHints":{"allow":["GET"]}}],"collection":[{"href":"https:\/\/www.europesays.com\/lv\/wp-json\/wp\/v2\/posts"}],"about":[{"href":"https:\/\/www.europesays.com\/lv\/wp-json\/wp\/v2\/types\/post"}],"author":[{"embeddable":true,"href":"https:\/\/www.europesays.com\/lv\/wp-json\/wp\/v2\/users\/2"}],"replies":[{"embeddable":true,"href":"https:\/\/www.europesays.com\/lv\/wp-json\/wp\/v2\/comments?post=33674"}],"version-history":[{"count":0,"href":"https:\/\/www.europesays.com\/lv\/wp-json\/wp\/v2\/posts\/33674\/revisions"}],"wp:featuredmedia":[{"embeddable":true,"href":"https:\/\/www.europesays.com\/lv\/wp-json\/wp\/v2\/media\/33675"}],"wp:attachment":[{"href":"https:\/\/www.europesays.com\/lv\/wp-json\/wp\/v2\/media?parent=33674"}],"wp:term":[{"taxonomy":"category","embeddable":true,"href":"https:\/\/www.europesays.com\/lv\/wp-json\/wp\/v2\/categories?post=33674"},{"taxonomy":"post_tag","embeddable":true,"href":"https:\/\/www.europesays.com\/lv\/wp-json\/wp\/v2\/tags?post=33674"}],"curies":[{"name":"wp","href":"https:\/\/api.w.org\/{rel}","templated":true}]}}