{"id":33680,"date":"2025-10-28T18:30:06","date_gmt":"2025-10-28T18:30:06","guid":{"rendered":"https:\/\/www.europesays.com\/lv\/33680\/"},"modified":"2025-10-28T18:30:06","modified_gmt":"2025-10-28T18:30:06","slug":"emilija-loze-parsteidz-ar-pirmo-singlu-latviesu-valoda-neizteiktie-sapni-lente-lv","status":"publish","type":"post","link":"https:\/\/www.europesays.com\/lv\/33680\/","title":{"rendered":"Em\u012blija Loze p\u0101rsteidz ar pirmo singlu latvie\u0161u valod\u0101 \u201eNeizteiktie sap\u0146i&#8221;\u00a0\u2014\u00a0Lente.lv"},"content":{"rendered":"<p>Jauns s\u0101kums Em\u012blijas Loze muzik\u0101laj\u0101 pasaul\u0113<\/p>\n<p>Talant\u012bg\u0101 dzied\u0101t\u0101ja un dziesmu autore Em\u012blija Loze ir p\u0101rsteigusi savus klaus\u012bt\u0101jus ar jaunu, aizkustino\u0161u singlu latvie\u0161u valod\u0101, kas saucas \u201eNeizteiktie sap\u0146i\u201c. Tas ir noz\u012bm\u012bgs pagrieziena punkts jaun\u0101s m\u0101kslinieces rado\u0161aj\u0101 ce\u013c\u0101, atkl\u0101jot vi\u0146as sp\u0113ju dzi\u013ci un person\u012bgi paust savas domas dzimtaj\u0101 valod\u0101. \u0160is singls ir k\u0101 dv\u0113seles atv\u0113rums, kas \u013cauj sirdij pukst\u0113t kop\u012bg\u0101 ritm\u0101 ar neizteiktajiem sap\u0146iem.<\/p>\n<p>Emociju un sap\u0146u atspogu\u013cojums<\/p>\n<p>\u201eNeizteiktie sap\u0146i\u201c nav vienk\u0101r\u0161i dziesma; t\u0101 ir Em\u012blijas iek\u0161\u0113j\u0101s pasaules atspogu\u013cojums, kur\u0101 sak\u0146ojas neizteiktas emocijas un klusie sap\u0146i, kas beidzot ir atradu\u0161i savu dzirdamo formu. M\u0101kslinieces st\u0101sts atkl\u0101j trauslas saj\u016btas un cer\u012bbas, kas bie\u017ei paliek starp cilv\u0113kiem, nepiedz\u012bvojot v\u0101rdisk\u0101s izpausmes piln\u012bbu. Em\u012blija pati atz\u012bst, ka \u0161\u012b dziesma ir \u012bpa\u0161a, jo pirmo reizi vi\u0146a dzied latviski, kas \u013cauj vi\u0146ai run\u0101t daudz tie\u0161\u0101k un atkl\u0101t\u0101k par to, kas patiesi m\u012bt vi\u0146as sird\u012b.<\/p>\n<p>Sadarb\u012bba un rado\u0161ais process<\/p>\n<p>Ska\u0146darbs tapis veiksm\u012bg\u0101 sadarb\u012bb\u0101 ar producentu The Ludvig (J\u0113kabu Ludvigu Kalmanu), kura m\u016bsdien\u012bgais un emocion\u0101li pies\u0101tin\u0101tais skan\u0113jums dziesmai pie\u0161\u0137ir \u012bpa\u0161u dzi\u013cumu. Producents ir rad\u012bjis telpu Em\u012blijas balsij un lirikai, lai t\u0101s var\u0113tu piln\u012bb\u0101 atkl\u0101ties, radot iespaidu, ka klaus\u012bt\u0101js non\u0101k tie\u0161i dziesmas v\u0113st\u012bjuma centr\u0101. Tas ir k\u0101 maigs, bet sp\u0113c\u012bgs dv\u0113seles atv\u0113rums, kas liek sirdij pukst\u0113t ritm\u0101 ar neizteiktajiem sap\u0146iem.<\/p>\n<p>Jaunas rado\u0161\u0101s dimensijas atkl\u0101\u0161ana<\/p>\n<p>\u0160is singls iez\u012bm\u0113 noz\u012bm\u012bgu soli Em\u012blijas muzik\u0101laj\u0101 att\u012bst\u012bb\u0101, demonstr\u0113jot gan valodisku, gan muzik\u0101lu briedumu. Dziesm\u0101 \u201eNeizteiktie sap\u0146i\u201d tiek mekl\u0113tas jaunas izpausmes, apvienojot R&amp;B un neo-soula ietekmes ar Em\u012blijas samtaino un emocion\u0101lo vok\u0101lu, kam piem\u012bt \u012bpatn\u0113js un su\u0123est\u0113jo\u0161s tembrs. Vi\u0146as izpild\u012bjum\u0101 lirisks maigums harmoniski savijas ar m\u016bsdien\u012bgu stilistiku, radot unik\u0101lu un aizraujo\u0161u klaus\u012b\u0161an\u0101s pieredzi.<\/p>\n","protected":false},"excerpt":{"rendered":"Jauns s\u0101kums Em\u012blijas Loze muzik\u0101laj\u0101 pasaul\u0113 Talant\u012bg\u0101 dzied\u0101t\u0101ja un dziesmu autore Em\u012blija Loze ir p\u0101rsteigusi savus klaus\u012bt\u0101jus ar&hellip;\n","protected":false},"author":2,"featured_media":33681,"comment_status":"","ping_status":"","sticky":false,"template":"","format":"standard","meta":{"footnotes":""},"categories":[19],"tags":[9931,89,90,440,35,39,38,194,36,37,34,40,9932],"class_list":{"0":"post-33680","1":"post","2":"type-post","3":"status-publish","4":"format-standard","5":"has-post-thumbnail","7":"category-izklaide","8":"tag-emilija-loze","9":"tag-entertainment","10":"tag-izklaide","11":"tag-jauns-singls","12":"tag-latvia","13":"tag-latvian","14":"tag-latviesu","15":"tag-latviesu-muzika","16":"tag-latviesu-valoda","17":"tag-latviesuvaloda","18":"tag-latvija","19":"tag-lv","20":"tag-neizteiktie-sapni"},"share_on_mastodon":{"url":"https:\/\/pubeurope.com\/@lv\/115453219575629184","error":""},"_links":{"self":[{"href":"https:\/\/www.europesays.com\/lv\/wp-json\/wp\/v2\/posts\/33680","targetHints":{"allow":["GET"]}}],"collection":[{"href":"https:\/\/www.europesays.com\/lv\/wp-json\/wp\/v2\/posts"}],"about":[{"href":"https:\/\/www.europesays.com\/lv\/wp-json\/wp\/v2\/types\/post"}],"author":[{"embeddable":true,"href":"https:\/\/www.europesays.com\/lv\/wp-json\/wp\/v2\/users\/2"}],"replies":[{"embeddable":true,"href":"https:\/\/www.europesays.com\/lv\/wp-json\/wp\/v2\/comments?post=33680"}],"version-history":[{"count":0,"href":"https:\/\/www.europesays.com\/lv\/wp-json\/wp\/v2\/posts\/33680\/revisions"}],"wp:featuredmedia":[{"embeddable":true,"href":"https:\/\/www.europesays.com\/lv\/wp-json\/wp\/v2\/media\/33681"}],"wp:attachment":[{"href":"https:\/\/www.europesays.com\/lv\/wp-json\/wp\/v2\/media?parent=33680"}],"wp:term":[{"taxonomy":"category","embeddable":true,"href":"https:\/\/www.europesays.com\/lv\/wp-json\/wp\/v2\/categories?post=33680"},{"taxonomy":"post_tag","embeddable":true,"href":"https:\/\/www.europesays.com\/lv\/wp-json\/wp\/v2\/tags?post=33680"}],"curies":[{"name":"wp","href":"https:\/\/api.w.org\/{rel}","templated":true}]}}