{"id":33704,"date":"2025-10-28T19:06:09","date_gmt":"2025-10-28T19:06:09","guid":{"rendered":"https:\/\/www.europesays.com\/lv\/33704\/"},"modified":"2025-10-28T19:06:09","modified_gmt":"2025-10-28T19:06:09","slug":"e-v-izdod-singlu-un-videoklipu-pasmaidi-456-am","status":"publish","type":"post","link":"https:\/\/www.europesays.com\/lv\/33704\/","title":{"rendered":"E.V. izdod singlu un videoklipu &#8220;Pasmaidi (4:56 AM)&#8221;"},"content":{"rendered":"<p>Repa apvien\u012bbu \u201cKreisais Krasts\u201d un \u201cBr\u012bvrunu Projekts\u201d m\u0101kslinieks E.V. izdod jaunu dziesmu \u201cPasmaidi (4:56 AM)\u201d, kuras muzik\u0101l\u0101 pavad\u012bjuma producents ir viens no \u201cKreis\u0101 Krasta\u201d dibin\u0101t\u0101jiem Pionieris. <\/p>\n<p>Dziesma \u201cPasmaidi (4:56 AM)\u201d ir otrais singls no E.V. n\u0101kam\u0101 liel\u0101 projekta \u201cSavuk\u0101rt\u2026 Miksteips\u201c. K\u0101 nor\u0101da dziesmas autors, jaun\u0101 dziesma izcil\u0101 vair\u0101kus iemeslus, k\u0101d\u0113\u013c b\u016btu v\u0113rts smaid\u012bt, kad dz\u012bve visapk\u0101rt \u0161\u0137iet dr\u016bma, k\u0101 ar\u012b aicina klaus\u012bt\u0101ju dar\u012bt t\u0101pat, par sp\u012bti idejas naivumam. <\/p>\n<blockquote class=\"wp-block-quote\">\n<p>\u0160is bija viens no tiem gad\u012bjumiem, kad dziesma pati atn\u0101ca pie manis. Atceros, k\u0101 p\u0113c naktsmai\u0146\u0101m ar sa\u010dakar\u0113tu miega ciklu pamodos agri no r\u012bta un nesp\u0113ju pagul\u0113t, t\u0101p\u0113c s\u0101ku kaut ko pierakst\u012bt. Non\u0101cu l\u012bdz jaut\u0101jumam \u2013 ko man b\u016btu vissvar\u012bg\u0101k \u0161aj\u0101 br\u012bd\u012b pateikt klaus\u012bt\u0101jam? T\u0101p\u0113c v\u0113rsos uz iek\u0161pusi un mekl\u0113ju v\u0101rdus, kurus es pats grib\u0113tu dzird\u0113t ne tik lab\u0101 dz\u012bves period\u0101. Tas viss atn\u0101ca ar sava veida unik\u0101lu vieglumu,<\/p>\n<p>dziesmu koment\u0113 E.V.<\/p><\/blockquote>\n<p>Dziesmai tapusi ar\u012b videoversija, ar kuras pal\u012bdz\u012bbu veidot\u0101ji atsp\u0113ko stereotipu par latvie\u0161u tautu k\u0101 v\u0113su un reti smaido\u0161u. Video film\u0113ts vair\u0101k\u0101s lok\u0101cij\u0101s, tostarp, Tallinas Kvart\u0101l\u0101 (fon\u0101 redzams ielu m\u0101kslinieka VOUR z\u012bm\u0113jums), Andrejost\u0101 un Kreis\u0101 Krasta studij\u0101. Video film\u0113ja un mont\u0113ja ALCE &amp; MEGI. Vizu\u0101lais noform\u0113jums \u2013 MEGI. Dziesmu \u201cPasmaidi (4:56 AM) produc\u0113ja un ieskre\u010doja Pionieris, ierakstu un p\u0113capstr\u0101di veica Pre\u2019set.<\/p>\n<p>L\u012bdz ar video palai\u0161anu tiek izzi\u0146ota E.V. rado\u0161\u0101s komandas \u201cTimelessR\u201d jaun\u0101 m\u0101jaslapa, kas k\u013c\u016bs pieejama \u0161ogad 11. novembr\u012b. Taj\u0101 var\u0113s iepaz\u012bties ar aktualit\u0101t\u0113m un ieg\u0101d\u0101ties komandas ap\u0123\u0113rbu l\u012bnijas produktus.<\/p>\n<p><img loading=\"lazy\" decoding=\"async\" width=\"1024\" height=\"576\" data-id=\"12603\" src=\"https:\/\/www.europesays.com\/lv\/wp-content\/uploads\/2025\/10\/Pasmaidi-video-TimelessR-2-1024x576.jpg\" alt=\"\" class=\"wp-image-12603 lazyload\"  data- style=\"--smush-placeholder-width: 1024px; --smush-placeholder-aspect-ratio: 1024\/576;\"\/><\/p>\n<p><img loading=\"lazy\" decoding=\"async\" width=\"1024\" height=\"576\" data-id=\"12602\" src=\"https:\/\/www.europesays.com\/lv\/wp-content\/uploads\/2025\/10\/Pasmaidi-video-TimelessR-4-1024x576.jpg\" alt=\"\" class=\"wp-image-12602 lazyload\"  data- style=\"--smush-placeholder-width: 1024px; --smush-placeholder-aspect-ratio: 1024\/576;\"\/><\/p>\n<p><img loading=\"lazy\" decoding=\"async\" width=\"1024\" height=\"576\" data-id=\"12601\" src=\"https:\/\/www.europesays.com\/lv\/wp-content\/uploads\/2025\/10\/Pasmaidi-video-TimelessR-5-1024x576.jpg\" alt=\"\" class=\"wp-image-12601 lazyload\"  data- style=\"--smush-placeholder-width: 1024px; --smush-placeholder-aspect-ratio: 1024\/576;\"\/><\/p>\n<p><img loading=\"lazy\" decoding=\"async\" width=\"1024\" height=\"576\" data-id=\"12600\" src=\"https:\/\/www.europesays.com\/lv\/wp-content\/uploads\/2025\/10\/Pasmaidi-video-TimelessR-1-1024x576.jpg\" alt=\"\" class=\"wp-image-12600 lazyload\"  data- style=\"--smush-placeholder-width: 1024px; --smush-placeholder-aspect-ratio: 1024\/576;\"\/><br \/>\nEkr\u0101n\u0161\u0101vi\u0146i no video: TimelessR<\/p>\n<p>E.V. (\u012bstaj\u0101 v\u0101rd\u0101 \u2013 K\u0101rlis Pauls \u0160\u0113nhofs)\u00a0ir 26 gadus jauns reperis no Ik\u0161\u0137iles\/Ogres, kur\u0161 raksta un izpilda dziesmas gan latvie\u0161u, gan ang\u013cu valod\u0101. Savas gaitas m\u016bzik\u0101 uzs\u0101ka 2016. gad\u0101. Latvijas liel\u0101k\u0101s hiphopa apvien\u012bbas \u201cKreisais Krasts\u201d\u00a0dal\u012bbnieks kop\u0161 2020. gada, k\u0101 ar\u012b pirm\u0101 repa improviz\u0101cijas te\u0101tra\u00a0\u201cBr\u012bvrunu Projekts\u201d\u00a0dal\u012bbnieks kop\u0161 \u0161\u012bs apvien\u012bbas pirms\u0101kumiem 2017. gad\u0101. Ar domubiedriem aizs\u0101cis rado\u0161u apvien\u012bbu\u00a0\u201cTimelessR.\u201d, kas nodarbojas ar m\u016bzikas un pas\u0101kumu mened\u017ementu, PR un vizu\u0101lo materi\u0101lu sagatavo\u0161anu. <\/p>\n<p>2022.gad\u0101 E.V. izdeva konceptalbumu\u00a0<a href=\"https:\/\/hiphops.lv\/e-v-smoke-and-mirrors\/\" rel=\"nofollow noopener\" target=\"_blank\">\u201cSmoke &amp; Mirrors<\/a>\u201d\u00a0(ieraksts \u2013 rolands \u010de). Jaun\u0101kais albums\u00a0<a href=\"https:\/\/hiphops.lv\/jauna-pagride\/\" rel=\"nofollow noopener\" target=\"_blank\">\u201cJAUN\u0100 PAGR\u012aDE\u201d\u00a0<\/a>izdots 2023. gad\u0101 sadarb\u012bb\u0101 ar b\u012btmeikeri VEIDERS (ieraksts \u2013 Kaizers). Kop\u0161 2025. gada E.V. piedal\u0101s \u201cKreis\u0101 Krasta\u201d biedra Denisa koncertprogramm\u0101s.<\/p>\n<p><img loading=\"lazy\" decoding=\"async\" width=\"1024\" height=\"576\" src=\"https:\/\/www.europesays.com\/lv\/wp-content\/uploads\/2025\/10\/EV-foto-Arturs-Vanags-1024x576.jpg\" alt=\"\" class=\"wp-image-12599 lazyload\"  data- style=\"--smush-placeholder-width: 1024px; --smush-placeholder-aspect-ratio: 1024\/576;\"\/>Foto: Art\u016brs Vanags<\/p>\n","protected":false},"excerpt":{"rendered":"Repa apvien\u012bbu \u201cKreisais Krasts\u201d un \u201cBr\u012bvrunu Projekts\u201d m\u0101kslinieks E.V. izdod jaunu dziesmu \u201cPasmaidi (4:56 AM)\u201d, kuras muzik\u0101l\u0101 pavad\u012bjuma&hellip;\n","protected":false},"author":2,"featured_media":33705,"comment_status":"","ping_status":"","sticky":false,"template":"","format":"standard","meta":{"footnotes":""},"categories":[19],"tags":[10060,10061,10062,89,3394,90,10063,10064,35,39,38,36,37,34,40,10065,10066,10067],"class_list":{"0":"post-33704","1":"post","2":"type-post","3":"status-publish","4":"format-standard","5":"has-post-thumbnail","7":"category-izklaide","8":"tag-alce","9":"tag-e-v","10":"tag-e-v-timelessr","11":"tag-entertainment","12":"tag-ev","13":"tag-izklaide","14":"tag-kk","15":"tag-kreisais-krasts","16":"tag-latvia","17":"tag-latvian","18":"tag-latviesu","19":"tag-latviesu-valoda","20":"tag-latviesuvaloda","21":"tag-latvija","22":"tag-lv","23":"tag-megi","24":"tag-pionieris","25":"tag-timelessr"},"share_on_mastodon":{"url":"https:\/\/pubeurope.com\/@lv\/115453361142773860","error":""},"_links":{"self":[{"href":"https:\/\/www.europesays.com\/lv\/wp-json\/wp\/v2\/posts\/33704","targetHints":{"allow":["GET"]}}],"collection":[{"href":"https:\/\/www.europesays.com\/lv\/wp-json\/wp\/v2\/posts"}],"about":[{"href":"https:\/\/www.europesays.com\/lv\/wp-json\/wp\/v2\/types\/post"}],"author":[{"embeddable":true,"href":"https:\/\/www.europesays.com\/lv\/wp-json\/wp\/v2\/users\/2"}],"replies":[{"embeddable":true,"href":"https:\/\/www.europesays.com\/lv\/wp-json\/wp\/v2\/comments?post=33704"}],"version-history":[{"count":0,"href":"https:\/\/www.europesays.com\/lv\/wp-json\/wp\/v2\/posts\/33704\/revisions"}],"wp:featuredmedia":[{"embeddable":true,"href":"https:\/\/www.europesays.com\/lv\/wp-json\/wp\/v2\/media\/33705"}],"wp:attachment":[{"href":"https:\/\/www.europesays.com\/lv\/wp-json\/wp\/v2\/media?parent=33704"}],"wp:term":[{"taxonomy":"category","embeddable":true,"href":"https:\/\/www.europesays.com\/lv\/wp-json\/wp\/v2\/categories?post=33704"},{"taxonomy":"post_tag","embeddable":true,"href":"https:\/\/www.europesays.com\/lv\/wp-json\/wp\/v2\/tags?post=33704"}],"curies":[{"name":"wp","href":"https:\/\/api.w.org\/{rel}","templated":true}]}}