{"id":33774,"date":"2025-10-28T21:29:06","date_gmt":"2025-10-28T21:29:06","guid":{"rendered":"https:\/\/www.europesays.com\/lv\/33774\/"},"modified":"2025-10-28T21:29:06","modified_gmt":"2025-10-28T21:29:06","slug":"netanjahu-devis-rikojumu-izraelas-armijai-nekavejoties-uzbrukt-gazas-joslai-tvnet","status":"publish","type":"post","link":"https:\/\/www.europesays.com\/lv\/33774\/","title":{"rendered":"Netanjahu devis r\u012bkojumu Izra\u0113las armijai nekav\u0113joties uzbrukt Gazas joslai &#8211; TVNET"},"content":{"rendered":"<ol>\n<li><a href=\"https:\/\/news.google.com\/rss\/articles\/CBMipwFBVV95cUxPQXVMVmM0VGNYUjNTU2x3Q1VzUjhua3U1dHZMbnRaejR5alZrLTUyeG9la21hUkhLU1h1cXVTd2lzYUU2S2JRcTFrbndpemtZOXdlUkJmZHhYeDgzM0s0UkN6RklGU0tsdTd2cEVnS1RJSi01MFZ3Vkt0aTR2WUNWV0RoN19rZndhRlNYampZQjNiZ0lJMnhqWFp5Z25uZmxVNUVLREdVWQ?oc=5\" target=\"_blank\" rel=\"nofollow noopener\">Netanjahu devis r\u012bkojumu Izra\u0113las armijai nekav\u0113joties uzbrukt Gazas joslai<\/a>&nbsp;&nbsp;TVNET<\/li>\n<li><a href=\"https:\/\/news.google.com\/rss\/articles\/CBMi5wFBVV95cUxNYkw2WWtMcGNNS21RQW51czBXWUhtSk1HMWVLY2N6bHJQeTRva2hwUEN4UkNUYW5jNkZuS2hqT01YcnpORWg1c0FZdWpYWEhvY0lZSE5VNUhWSGN1V3VtemZLOElZUjJ4eVh0VUFkMnJ2LTM5aGZIcjNycFVUUVNVSEhkdVZHdkxqbExOdmsxZ1ZzVUhUZEtlZHBQOEc3Y01xazgwbDB3RTVDdVZ1R2hFTlJkSGJOYTR1c1NqclpUcEpjTmZlTGVkRGh5NFRtdjZaOEZZVnNJYmhfTnlTSmRXdldSS3dOaEE?oc=5\" target=\"_blank\" rel=\"nofollow noopener\">Izra\u0113las armijai pav\u0113l\u0113ts atkal uzbrukt &#8220;Hamas&#8221; kontrol\u0113tajai Gazas joslai, jo teroristi nepilda pamiera nosac\u012bjumus<\/a>&nbsp;&nbsp;Jauns.lv<\/li>\n<li><a href=\"https:\/\/news.google.com\/rss\/articles\/CBMi1wFBVV95cUxQbndCZUlFLUFweWlocXRvU0g2aHNONTVjaHUwX1Z1ZmRlYjBBZ184TnR1ZXplVGZIYk9KQnh1MGdXLW9lZ1QwRTJ5Z1FTeGVXdnBRT0lYM0hNWW5IWDdQVlZBOW5icVQ5UDFUVWNqSW1rb3RoWjh5RGJRZnIyMmtrOHAzRlo2eDhTaEFCaWxGd0F0R0JFb2JxT0MtX3p4and2c0IxZHMxclRqeENPOFdIQ2dnOXcyMGFEU3Vad2wtVGZSMjE3THRKYms5d1FjcU40WXRSUzl1bw?oc=5\" target=\"_blank\" rel=\"nofollow noopener\">Jord\u0101nijas karalis: K\u0101rt\u012bbas uztur\u0113\u0161anas misija Gaz\u0101 neb\u016btu gatava uzspiest mieru \/ Raksts<\/a>&nbsp;&nbsp;LSM<\/li>\n<li><a href=\"https:\/\/news.google.com\/rss\/articles\/CBMiuAFBVV95cUxNNTZEbUdOTGtYcnE2WkpuRzBEck9GVzBuOHF3R29JenU5MlY5NEJNd3UtNF9YZzVEWERGTVFhOFZoYXpZbFBuVWhJX3RUVGZib3BWM0lYSUJNbjJibHd6OTJiSUJsLTZGd2JRZnIxN1ZNWmVSZVJma0txSlFLa212Z2lGOWo1eGpSNzNsa1FVUEVDMFNuQXBWX0czcjZPek1DamhJa2xHU1dUOXNNZVRKQ2hJclM5bTV3?oc=5\" target=\"_blank\" rel=\"nofollow noopener\">Izra\u0113la ne\u013caus Turcijai piedal\u012bties Gazas josl\u0101 izvietotajos pamiera nov\u0113ro\u0161anas sp\u0113kos<\/a>&nbsp;&nbsp;Apollo.lv<\/li>\n<li><a href=\"https:\/\/news.google.com\/rss\/articles\/CBMiiwFBVV95cUxNNXdacnFuWGRIZlZvT1hrb2hieDNqRHlwTFdGb1VzUm1BWWp1NkNxZUtPMV9YVkNneXplUzRwclVWNnY1aEpUYjZHbE9kMGJWS1c5bDJYLWhZNFd5MWNrWnhRVnNtM2ptU3VhOFFhU3NjR1lLb3RXQm15R1Zna0lfT29jYlVJQlpiSUFF?oc=5\" target=\"_blank\" rel=\"nofollow noopener\">Miers bija \u012bss. Netanjahu devis radik\u0101lu r\u012bkojumu Izra\u0113las armijai \u2013 nekav\u0113joties uzbrukt!<\/a>&nbsp;&nbsp;LA.LV<\/li>\n<\/ol>\n","protected":false},"excerpt":{"rendered":"Netanjahu devis r\u012bkojumu Izra\u0113las armijai nekav\u0113joties uzbrukt Gazas joslai&nbsp;&nbsp;TVNET Izra\u0113las armijai pav\u0113l\u0113ts atkal uzbrukt &#8220;Hamas&#8221; kontrol\u0113tajai Gazas joslai,&hellip;\n","protected":false},"author":2,"featured_media":27452,"comment_status":"","ping_status":"","sticky":false,"template":"","format":"standard","meta":{"footnotes":""},"categories":[14],"tags":[23,57,28,29,32,33,22,30,31,35,39,38,36,37,34,40,20,26,27,24,25,54,55,56,21,58],"class_list":{"0":"post-33774","1":"post","2":"type-post","3":"status-publish","4":"format-standard","5":"has-post-thumbnail","7":"category-zinas-no-arvalstim","8":"tag-aktualitates","9":"tag-arvalstim","10":"tag-breaking-news","11":"tag-breakingnews","12":"tag-featured-news","13":"tag-featurednews","14":"tag-headlines","15":"tag-latest-news","16":"tag-latestnews","17":"tag-latvia","18":"tag-latvian","19":"tag-latviesu","20":"tag-latviesu-valoda","21":"tag-latviesuvaloda","22":"tag-latvija","23":"tag-lv","24":"tag-news","25":"tag-popularakas-zinas","26":"tag-popularakaszinas","27":"tag-top-stories","28":"tag-topstories","29":"tag-world","30":"tag-world-news","31":"tag-worldnews","32":"tag-zinas","33":"tag-zinas-no-arvalstim"},"share_on_mastodon":{"url":"https:\/\/pubeurope.com\/@lv\/115453923338712413","error":""},"_links":{"self":[{"href":"https:\/\/www.europesays.com\/lv\/wp-json\/wp\/v2\/posts\/33774","targetHints":{"allow":["GET"]}}],"collection":[{"href":"https:\/\/www.europesays.com\/lv\/wp-json\/wp\/v2\/posts"}],"about":[{"href":"https:\/\/www.europesays.com\/lv\/wp-json\/wp\/v2\/types\/post"}],"author":[{"embeddable":true,"href":"https:\/\/www.europesays.com\/lv\/wp-json\/wp\/v2\/users\/2"}],"replies":[{"embeddable":true,"href":"https:\/\/www.europesays.com\/lv\/wp-json\/wp\/v2\/comments?post=33774"}],"version-history":[{"count":0,"href":"https:\/\/www.europesays.com\/lv\/wp-json\/wp\/v2\/posts\/33774\/revisions"}],"wp:featuredmedia":[{"embeddable":true,"href":"https:\/\/www.europesays.com\/lv\/wp-json\/wp\/v2\/media\/27452"}],"wp:attachment":[{"href":"https:\/\/www.europesays.com\/lv\/wp-json\/wp\/v2\/media?parent=33774"}],"wp:term":[{"taxonomy":"category","embeddable":true,"href":"https:\/\/www.europesays.com\/lv\/wp-json\/wp\/v2\/categories?post=33774"},{"taxonomy":"post_tag","embeddable":true,"href":"https:\/\/www.europesays.com\/lv\/wp-json\/wp\/v2\/tags?post=33774"}],"curies":[{"name":"wp","href":"https:\/\/api.w.org\/{rel}","templated":true}]}}