{"id":33777,"date":"2025-10-28T21:38:07","date_gmt":"2025-10-28T21:38:07","guid":{"rendered":"https:\/\/www.europesays.com\/lv\/33777\/"},"modified":"2025-10-28T21:38:07","modified_gmt":"2025-10-28T21:38:07","slug":"klaja-nak-raimonda-paula-intara-busula-un-andra-keisa-kopdarbs-lente-lv","status":"publish","type":"post","link":"https:\/\/www.europesays.com\/lv\/33777\/","title":{"rendered":"klaj\u0101 n\u0101k Raimonda Paula, Intara Busu\u013ca un Andra Kei\u0161a kopdarbs\u00a0\u2014\u00a0Lente.lv"},"content":{"rendered":"<p>\u0160eksp\u012bra soneti atdzimst Maestro Paula m\u016bzik\u0101: klaj\u0101 n\u0101k unik\u0101ls albums<\/p>\n<p>Latvijas kult\u016bras ainav\u0101 ien\u0101cis jauns, intri\u0123\u0113jo\u0161s m\u0101kslas baud\u012bjums \u2013 izdots albums \u00abPauls. Busulis. Kei\u0161s. \u0160eksp\u012brs. Soneti\u00bb. \u0160is ambiciozais projekts apvieno le\u0123end\u0101r\u0101 komponista Raimonda Paula jaunradi ar slaven\u0101 britu dramaturga Viljama \u0160eksp\u012bra m\u016b\u017eamajiem sonetiem, tos interpret\u0113jot spo\u017e\u0101 Intara Busu\u013ca un talant\u012bg\u0101 aktiera Andra Kei\u0161a izpild\u012bjum\u0101.<\/p>\n<p>Dzeja un m\u016bzika vienot\u0101 elp\u0101<\/p>\n<p>\u0160is albums, kas tapis Dzejas dienu laik\u0101, pied\u0101v\u0101 svaigu elpu \u0160eksp\u012bra dzejas pasaul\u0113. Maestro Raimonda Paula rad\u012bt\u0101 m\u016bzika, kas iet\u0113rpusi Viljama \u0160eksp\u012bra (1564-1616) dzejas dzi\u013cum\u0101, atkl\u0101jas klaus\u012bt\u0101jiem Intara Busu\u013ca unik\u0101laj\u0101 vok\u0101l\u0101 izpild\u012bjum\u0101 un Andra Kei\u0161a emocion\u0101laj\u0101 skan\u0113jum\u0101. Tas ir drosm\u012bgs solis, kas apliecina, cik sp\u0113c\u012bgi un negaid\u012bti var savijies da\u017e\u0101du laikmetu un m\u0101kslas \u017eanru elementi.<\/p>\n<p>Pieejam\u012bba un form\u0101ti<\/p>\n<p>Albuma \u00ab\u0160eksp\u012brs. Soneti\u00bb klaus\u012bt\u0101jiem pied\u0101v\u0101tas vair\u0101kas iesp\u0113jas baud\u012bt \u0161o unik\u0101lo darbu. Jau \u0161obr\u012bd tas ir pieejams vis\u0101s popul\u0101r\u0101kaj\u0101s straum\u0113\u0161anas un lejupiel\u0101des platform\u0101s. Koncertuzvedumos, kas notiek m\u016bzikas nam\u0101 \u00abDaile\u00bb 20. septembr\u012b un 16. oktobr\u012b, apmekl\u0113t\u0101jiem b\u016bs iesp\u0113ja ieg\u0101d\u0101ties ar\u012b jaun\u0101 albuma CD izdevumu. Papildus, l\u012bdz gada beig\u0101m izdevniec\u012bba \u00abMicRec\u00bb pl\u0101no laist klaj\u0101 ar\u012b vinila ska\u0146uplati, pied\u0101v\u0101jot atgriezties pie klasisk\u0101s ska\u0146as.<\/p>\n<p>Aizkustino\u0161\u0101 rad\u012b\u0161anas procesa deta\u013cas<\/p>\n<p>Albuma ieraksts tapis Latvijas Radio 1. studij\u0101, kur par produc\u0113\u0161anu r\u016bp\u0113jies M\u0101ris Brie\u017ekalns, bet par ierakstu un miks\u0113\u0161anu atbild\u012bgs P\u0101vels Mali\u0161kins. Albuma vizu\u0101lo noform\u0113jumu veidojis m\u0101kslinieks br\u0101lis Y, savuk\u0101rt fotogr\u0101fijas autors ir J\u0101nis Deinats. \u012apa\u0161u uzman\u012bbu v\u0113rts piev\u0113rst dziesmas \u00ab\u0160\u012bs l\u016bpas, kur\u0101s m\u012bla kv\u0113l\u00bb videoversijai, ko rad\u012bjis Kaspars Dvinskis, pie\u0161\u0137irot v\u0113l vienu dimensiju \u0161im m\u0101kslas projektam.<\/p>\n<p>Iedvesma n\u0101kamaj\u0101m paaudz\u0113m un kult\u016bras mantojums<\/p>\n<p>Projekts \u00abPauls. Busulis. Kei\u0161s. \u0160eksp\u012brs. Soneti\u00bb neap\u0161aub\u0101mi atst\u0101s palieko\u0161as p\u0113das Latvijas kult\u016brtelp\u0101. T\u0101 ir iedvesmojo\u0161a liec\u012bba par m\u0101kslas sp\u0113ku, kas sp\u0113j p\u0101rvar\u0113t laika un \u017eanru robe\u017eas, radot dialogu starp pag\u0101tni un tagadni. \u0160is darbs mudina jaun\u0101s m\u0101kslinieku paaudzes mekl\u0113t inovat\u012bvus veidus, k\u0101 interpret\u0113t klasisko mantojumu, pied\u0101v\u0101jot tam jaunas formas un perspekt\u012bvas. Tas ir aicin\u0101jums apst\u0101ties un ieklaus\u012bties laikmetu krustpunkt\u0101, kur cilv\u0113ka balss, m\u016bzika un nemirst\u012bga dzeja sapl\u016bst vien\u0101 harmonij\u0101, aizskarot m\u016b\u017e\u012bgo.<\/p>\n","protected":false},"excerpt":{"rendered":"\u0160eksp\u012bra soneti atdzimst Maestro Paula m\u016bzik\u0101: klaj\u0101 n\u0101k unik\u0101ls albums Latvijas kult\u016bras ainav\u0101 ien\u0101cis jauns, intri\u0123\u0113jo\u0161s m\u0101kslas baud\u012bjums&hellip;\n","protected":false},"author":2,"featured_media":33778,"comment_status":"","ping_status":"","sticky":false,"template":"","format":"standard","meta":{"footnotes":""},"categories":[19],"tags":[5391,89,4322,90,309,35,39,38,36,37,34,40,2672,6473],"class_list":{"0":"post-33777","1":"post","2":"type-post","3":"status-publish","4":"format-standard","5":"has-post-thumbnail","7":"category-izklaide","8":"tag-andris-keiss","9":"tag-entertainment","10":"tag-intars-busulis","11":"tag-izklaide","12":"tag-jauns-albums","13":"tag-latvia","14":"tag-latvian","15":"tag-latviesu","16":"tag-latviesu-valoda","17":"tag-latviesuvaloda","18":"tag-latvija","19":"tag-lv","20":"tag-raimonds-pauls","21":"tag-viljama-sekspira-soneti"},"share_on_mastodon":{"url":"https:\/\/pubeurope.com\/@lv\/115453958723927320","error":""},"_links":{"self":[{"href":"https:\/\/www.europesays.com\/lv\/wp-json\/wp\/v2\/posts\/33777","targetHints":{"allow":["GET"]}}],"collection":[{"href":"https:\/\/www.europesays.com\/lv\/wp-json\/wp\/v2\/posts"}],"about":[{"href":"https:\/\/www.europesays.com\/lv\/wp-json\/wp\/v2\/types\/post"}],"author":[{"embeddable":true,"href":"https:\/\/www.europesays.com\/lv\/wp-json\/wp\/v2\/users\/2"}],"replies":[{"embeddable":true,"href":"https:\/\/www.europesays.com\/lv\/wp-json\/wp\/v2\/comments?post=33777"}],"version-history":[{"count":0,"href":"https:\/\/www.europesays.com\/lv\/wp-json\/wp\/v2\/posts\/33777\/revisions"}],"wp:featuredmedia":[{"embeddable":true,"href":"https:\/\/www.europesays.com\/lv\/wp-json\/wp\/v2\/media\/33778"}],"wp:attachment":[{"href":"https:\/\/www.europesays.com\/lv\/wp-json\/wp\/v2\/media?parent=33777"}],"wp:term":[{"taxonomy":"category","embeddable":true,"href":"https:\/\/www.europesays.com\/lv\/wp-json\/wp\/v2\/categories?post=33777"},{"taxonomy":"post_tag","embeddable":true,"href":"https:\/\/www.europesays.com\/lv\/wp-json\/wp\/v2\/tags?post=33777"}],"curies":[{"name":"wp","href":"https:\/\/api.w.org\/{rel}","templated":true}]}}