{"id":33821,"date":"2025-10-28T23:25:15","date_gmt":"2025-10-28T23:25:15","guid":{"rendered":"https:\/\/www.europesays.com\/lv\/33821\/"},"modified":"2025-10-28T23:25:15","modified_gmt":"2025-10-28T23:25:15","slug":"zime-gatis-sluka-pedejais-baltijas-lasis","status":"publish","type":"post","link":"https:\/\/www.europesays.com\/lv\/33821\/","title":{"rendered":"Z\u012bm\u0113 Gatis \u0160\u013c\u016bka. P\u0113d\u0113jais Baltijas lasis!"},"content":{"rendered":"<p class=\"lead\">\n                                Eiropas Savien\u012bbas Lauksaimniec\u012bbas un zivsaimniec\u012bbas ministru padomes san\u0101ksm\u0113 Luksemburg\u0101 dal\u012bbvalstis \u0161oned\u0113\u013c pie\u0146\u0113mu\u0161as l\u0113mumu par nozvejas kvot\u0101m Baltijas j\u016br\u0101 n\u0101kamajam gadam.\n                            <\/p>\n<p>K\u0101 inform\u0113 Zemkop\u012bbas ministrija, Latvijai 2026. gadam Baltijas j\u016br\u0101 un R\u012bgas l\u012bc\u012b mencu nozvejas apjomi palik\u0161ot nemain\u012bgi \u2013 attiec\u012bgi 10 tonnas un 37 tonnas.<\/p>\n<p>Re\u0146\u0123u nozveja Baltijas j\u016br\u0101 apstiprin\u0101ta 2674 tonnu apjom\u0101, kas ir 15% palielin\u0101jums pret 2025. gadu, bet re\u0146\u0123u nozveja R\u012bgas l\u012bc\u012b apstiprin\u0101ta 18 497 tonnu apm\u0113r\u0101, kas ir 17% samazin\u0101jums. Br\u0113tli\u0146\u0101m Baltijas j\u016br\u0101 apstiprin\u0101ta nozveja 27 942 tonnas (palielin\u0101jums par 45%), bet la\u0161iem Baltijas j\u016br\u0101 nozveja apstiprin\u0101ta 3359 gabalos (27% samazin\u0101jums).<\/p>\n<p>Zemkop\u012bbas ministrija skaidro, ka \u0161obr\u012bd R\u012bgas l\u012b\u010da re\u0146\u0123u kr\u0101jums ir vislab\u0101kaj\u0101 st\u0101vokl\u012b vis\u0101 Baltijas j\u016br\u0101, ta\u010du p\u0113c vair\u0101ku gadu zvejas iesp\u0113ju palielin\u0101jumiem n\u0101kamaj\u0101 gad\u0101 n\u0101ksies saskarties ar 17% samazin\u0101jumu, jo vienu gadu ir bijis v\u0101j\u0101ks n\u0101rsts un slikt\u0101ks jaun\u0101s re\u0146\u0123u paaudzes pieaugums. T\u0101pat lasim Baltijas j\u016br\u0101 zin\u0101tnieki rosina t\u0101l\u0101ku zvejas iesp\u0113ju (tostarp piezvejas) samazin\u0101jumu, jo savva\u013cas la\u0161u popul\u0101cijas da\u017e\u0101daj\u0101s Baltijas j\u016br\u0101 ieteko\u0161aj\u0101s up\u0113s ir gr\u016bt\u0101 st\u0101vokl\u012b un neatjaunojas gana \u0101tri. Citstarp speci\u0101listi min ar\u012b to, ka \u013coti strauji pieaug zivju pl\u0113s\u0113jsugu pel\u0113k\u0101 ro\u0146a un j\u016braskrauk\u013ca (kormor\u0101na) popul\u0101cijas, kas turpina negat\u012bvi ietekm\u0113t apjomu zi\u0146\u0101 \u0161obr\u012bd ierobe\u017eotos v\u0113rt\u012bgo zivju sugu kr\u0101jumus.<\/p>\n<p class=\"paragraph-muted\">Izv\u0113lies savu soct\u012bklu platformu, lai sekotu LASI.LV: <a href=\"https:\/\/www.facebook.com\/portals.lasi.lv\" target=\"_blank\" rel=\"noopener noreferrer nofollow\">Facebook<\/a>, <a href=\"https:\/\/twitter.com\/lasilvportals\" target=\"_blank\" rel=\"noopener noreferrer nofollow\">X<\/a>, <a href=\"https:\/\/bsky.app\/profile\/lasilv.bsky.social\" target=\"_blank\" rel=\"noopener noreferrer nofollow\">Bluesky<\/a>, <a href=\"https:\/\/www.draugiem.lv\/lasilv\/?pg=4\" target=\"_blank\" rel=\"noopener noreferrer nofollow\">Draugiem<\/a> vai ar\u012b <a href=\"https:\/\/www.instagram.com\/lasilv_zinas\/\" target=\"_blank\" rel=\"noopener noreferrer nofollow\">Instagram<\/a>. Pievienojies m\u016bsu las\u012bt\u0101ju pulkam, lai sa\u0146emtu \u012bpa\u0161i tev atlas\u012btu noder\u012bgu, praktisku un aktu\u0101lu saturu.\u00a0<\/p>\n<p><a href=\"https:\/\/lasi.lv\/abonesana\" rel=\"nofollow noopener\" target=\"_blank\">Abon\u0113<\/a>\u00a0LASI.LV gadam\u00a0vai k\u0101du no\u00a0&#8220;Latvijas Mediju&#8221; periodiskajiem izdevumiem 2026. gadam, un laim\u0113 1500 eiro vai Philips kafijas autom\u0101tu. Loterijas at\u013caujas nr. 8744.<\/p>\n<p><img decoding=\"async\" src=\"https:\/\/www.europesays.com\/lv\/wp-content\/uploads\/2025\/10\/1760568371_496_2025100311425268df8c8c1572e.jpg\" alt=\"\" loading=\"lazy\"\/><\/p>\n<p style=\"margin-left:auto;\">Pieraksties LASI.LV redaktora v\u0113stkopai <a href=\"https:\/\/lasi.lv\/vestkopa\/lasi-lv-galvena-redaktora-vestkopa\" rel=\"nofollow noopener\" target=\"_blank\">\u0161eit<\/a>.<\/p>\n<p>Pieraksties v\u0113stkopai un divas reizes ned\u0113\u013c\u0101 sa\u0146em padzi\u013cin\u0101tu LASI.LV galven\u0101 redaktora aktu\u0101lo zi\u0146u, kompetentu viedok\u013cu un interesant\u0101ko interviju apkopojumu.<\/p>\n<p>Ko tu sa\u0146emsi:<\/p>\n<ul>\n<li>Daudzveid\u012bgus koment\u0101rus un kompetentus Latvijas Mediju \u017eurn\u0101listu un autoru viedok\u013cus par aktu\u0101lo<\/li>\n<li>Ekspertu koment\u0101rus par da\u017e\u0101diem praktiskiem, noder\u012bgiem tematiem<\/li>\n<li>Aizraujo\u0161us materi\u0101lus par v\u0113sturi, psiholo\u0123iju, kult\u016bru<\/li>\n<li>Gata \u0160\u013c\u016bkas karikat\u016bru<\/li>\n<li>Tav\u0101 e-pasta kast\u012bt\u0113 katru ceturtdienu<\/li>\n<\/ul>\n<p style=\"margin-left:auto;\">\u00a0<\/p>\n<p><script async src=\"https:\/\/platform.twitter.com\/widgets.js\" charset=\"utf-8\"><\/script><script async src=\"\/\/www.instagram.com\/embed.js\"><\/script><\/p>\n","protected":false},"excerpt":{"rendered":"Eiropas Savien\u012bbas Lauksaimniec\u012bbas un zivsaimniec\u012bbas ministru padomes san\u0101ksm\u0113 Luksemburg\u0101 dal\u012bbvalstis \u0161oned\u0113\u013c pie\u0146\u0113mu\u0161as l\u0113mumu par nozvejas kvot\u0101m Baltijas j\u016br\u0101&hellip;\n","protected":false},"author":2,"featured_media":33822,"comment_status":"","ping_status":"","sticky":false,"template":"","format":"standard","meta":{"footnotes":""},"categories":[5],"tags":[23,28,29,32,33,22,30,31,35,39,38,36,37,34,40,20,26,27,24,25,21],"class_list":{"0":"post-33821","1":"post","2":"type-post","3":"status-publish","4":"format-standard","5":"has-post-thumbnail","7":"category-aktualitates","8":"tag-aktualitates","9":"tag-breaking-news","10":"tag-breakingnews","11":"tag-featured-news","12":"tag-featurednews","13":"tag-headlines","14":"tag-latest-news","15":"tag-latestnews","16":"tag-latvia","17":"tag-latvian","18":"tag-latviesu","19":"tag-latviesu-valoda","20":"tag-latviesuvaloda","21":"tag-latvija","22":"tag-lv","23":"tag-news","24":"tag-popularakas-zinas","25":"tag-popularakaszinas","26":"tag-top-stories","27":"tag-topstories","28":"tag-zinas"},"share_on_mastodon":{"url":"https:\/\/pubeurope.com\/@lv\/115454379529577386","error":""},"_links":{"self":[{"href":"https:\/\/www.europesays.com\/lv\/wp-json\/wp\/v2\/posts\/33821","targetHints":{"allow":["GET"]}}],"collection":[{"href":"https:\/\/www.europesays.com\/lv\/wp-json\/wp\/v2\/posts"}],"about":[{"href":"https:\/\/www.europesays.com\/lv\/wp-json\/wp\/v2\/types\/post"}],"author":[{"embeddable":true,"href":"https:\/\/www.europesays.com\/lv\/wp-json\/wp\/v2\/users\/2"}],"replies":[{"embeddable":true,"href":"https:\/\/www.europesays.com\/lv\/wp-json\/wp\/v2\/comments?post=33821"}],"version-history":[{"count":0,"href":"https:\/\/www.europesays.com\/lv\/wp-json\/wp\/v2\/posts\/33821\/revisions"}],"wp:featuredmedia":[{"embeddable":true,"href":"https:\/\/www.europesays.com\/lv\/wp-json\/wp\/v2\/media\/33822"}],"wp:attachment":[{"href":"https:\/\/www.europesays.com\/lv\/wp-json\/wp\/v2\/media?parent=33821"}],"wp:term":[{"taxonomy":"category","embeddable":true,"href":"https:\/\/www.europesays.com\/lv\/wp-json\/wp\/v2\/categories?post=33821"},{"taxonomy":"post_tag","embeddable":true,"href":"https:\/\/www.europesays.com\/lv\/wp-json\/wp\/v2\/tags?post=33821"}],"curies":[{"name":"wp","href":"https:\/\/api.w.org\/{rel}","templated":true}]}}