{"id":33823,"date":"2025-10-28T23:31:10","date_gmt":"2025-10-28T23:31:10","guid":{"rendered":"https:\/\/www.europesays.com\/lv\/33823\/"},"modified":"2025-10-28T23:31:10","modified_gmt":"2025-10-28T23:31:10","slug":"parize-turpinas-tiesas-prava-par-makrona-sievas-apmelosanu-raksts","status":"publish","type":"post","link":"https:\/\/www.europesays.com\/lv\/33823\/","title":{"rendered":"Par\u012bz\u0113 turpin\u0101s tiesas pr\u0101va par Makrona sievas apmelo\u0161anu \/ Raksts"},"content":{"rendered":"<p>Par\u012bz\u0113 \u0161odien turpin\u0101s tiesved\u012bba liet\u0101 par apzin\u0101tu dezinform\u0101cijas izplat\u012b\u0161anu un apmelo\u0161anu par Francijas pirm\u0101s l\u0113dijas Bri\u017eitas Makronas dzimumu. Uz aps\u016bdz\u0113to sola ir desmit cilv\u0113ki.\u00a0<\/p>\n<p>Francijas prokurat\u016bra uzskata, ka aps\u016bdz\u0113tie ir apzin\u0101ti izplat\u012bju\u0161i nepatiesu inform\u0101ciju, ka Bri\u017eita Makrona esot dzimusi k\u0101 v\u012brietis un v\u0113l\u0101k main\u012bjusi savu dzimumu. T\u0101pat aps\u016bdz\u0113tie soci\u0101lajos t\u012bklos ir paudu\u0161i nicino\u0161us koment\u0101rus par iev\u0113rojamu vecuma at\u0161\u0137ir\u012bbu starp Francijas prezidentu un vi\u0146a sievu, saucot to par pedofiliju.\u00a0<\/p>\n<p>Otrdien ties\u0101 liecin\u0101ja ar\u012b Bri\u017eitas Makronas meita no pirm\u0101s laul\u012bbas.\u00a0<\/p>\n<p>Savuk\u0101rt viens no aizst\u0101v\u012bbas advok\u0101tiem \u017eurn\u0101listiem sac\u012bja, ka \u0161\u0101di izteicieni ir da\u013ca no v\u0101rda br\u012bv\u012bbas:\u00a0<\/p>\n<p>&#8220;T\u0101 nav tiesas pr\u0101va pret sist\u0113mu, konspir\u0101cijas teoriju vai k\u0101du t\u012bklu. Esmu \u0161eit, lai aizst\u0101v\u0113tu konkr\u0113tu cilv\u0113ku, kur\u0161 uzrakst\u012bja tv\u012btus. M\u0113s run\u0101sim par vair\u0101kiem juridiskiem jaut\u0101jumiem, lai noteiktu, ko dr\u012bkst un ko nedr\u012bkst dar\u012bt. Tie ir jaut\u0101jumi par izteiksmes br\u012bv\u012bbu.&#8221;\u00a0<\/p>\n<p>Advok\u0101ts ar\u012b retoriski jaut\u0101ja\u00a0\u2013 cik t\u0101lu iesp\u0113jams iet, lai sevi aizst\u0101v\u0113tu vai ironiz\u0113tu?\u00a0<\/p>\n<p>&#8220;Man ir saj\u016bta, ka mans klients tika izv\u0113l\u0113ts nejau\u0161i. K\u0101p\u0113c vi\u0146\u0161 un nevis k\u0101ds cits? Tas ir jaut\u0101jums par vienl\u012bdz\u012bgu attieksmi un t\u0101s iesp\u0113jamiem p\u0101rk\u0101pumiem,&#8221; turpin\u0101ja aps\u016bdz\u0113t\u0101 aizst\u0101vis.\u00a0<\/p>\n<p>Jau zi\u0146ots, ka par l\u012bdz\u012bgiem apgalvojumiem Francijas prezidents Emanuels Makrons un vi\u0146a sieva Bri\u017eita ies\u016bdz\u0113ju\u0161i ties\u0101 ar\u012b ASV konservat\u012bvo politisko koment\u0113t\u0101ju Kendisu Ouensu.\u00a0\u00a0<\/p>\n<p>Makroni ir prec\u0113ju\u0161ies kop\u0161 2007. gada, un Emanuels Makrons ir Francijas prezidents kop\u0161 2017. gada.\u00a0<\/p>\n<p>P\u0101ris pirmo reizi satik\u0101s vidusskol\u0101, kur vi\u0146\u0161 bija skolnieks, bet vi\u0146a \u2013\u00a0skolot\u0101ja. Toreiz Bri\u017eita Makrona bija Bri\u017eita Ozj\u0113ra, prec\u0113ta tr\u012bs b\u0113rnu m\u0101te.\u00a0<\/p>\n<p>                    Valodas k\u013c\u016bda rakst\u0101?<\/p>\n<p class=\"d-none d-md-block\">Iez\u012bm\u0113jiet tekstu un spiediet Ctrl+Enter, lai nos\u016bt\u012btu labojamo teksta fragmentu redaktoram! Par faktu k\u013c\u016bd\u0101m l\u016bdzam zi\u0146ot e-past\u0101 <a href=\"https:\/\/www.lsm.lv\/cdn-cgi\/l\/email-protection\" class=\"__cf_email__\" data-cfemail=\"67150203060c040e0d06270b140a490b11\" rel=\"nofollow noopener\" target=\"_blank\">[email\u00a0protected]<\/a>.<\/p>\n<p class=\"d-md-none\">Iez\u012bm\u0113jiet tekstu un spiediet uz Zi\u0146ot par k\u013c\u016bdu pogas, lai nos\u016bt\u012btu labojamo teksta fragmentu redaktoram!<\/p>\n<p>\n                    Zi\u0146ot par k\u013c\u016bdu\n                <\/p>\n","protected":false},"excerpt":{"rendered":"Par\u012bz\u0113 \u0161odien turpin\u0101s tiesved\u012bba liet\u0101 par apzin\u0101tu dezinform\u0101cijas izplat\u012b\u0161anu un apmelo\u0161anu par Francijas pirm\u0101s l\u0113dijas Bri\u017eitas Makronas dzimumu.&hellip;\n","protected":false},"author":2,"featured_media":33824,"comment_status":"","ping_status":"","sticky":false,"template":"","format":"standard","meta":{"footnotes":""},"categories":[5],"tags":[23,28,29,32,33,22,30,31,35,39,38,36,37,34,40,20,26,27,24,25,21],"class_list":{"0":"post-33823","1":"post","2":"type-post","3":"status-publish","4":"format-standard","5":"has-post-thumbnail","7":"category-aktualitates","8":"tag-aktualitates","9":"tag-breaking-news","10":"tag-breakingnews","11":"tag-featured-news","12":"tag-featurednews","13":"tag-headlines","14":"tag-latest-news","15":"tag-latestnews","16":"tag-latvia","17":"tag-latvian","18":"tag-latviesu","19":"tag-latviesu-valoda","20":"tag-latviesuvaloda","21":"tag-latvija","22":"tag-lv","23":"tag-news","24":"tag-popularakas-zinas","25":"tag-popularakaszinas","26":"tag-top-stories","27":"tag-topstories","28":"tag-zinas"},"share_on_mastodon":{"url":"https:\/\/pubeurope.com\/@lv\/115454403037785152","error":""},"_links":{"self":[{"href":"https:\/\/www.europesays.com\/lv\/wp-json\/wp\/v2\/posts\/33823","targetHints":{"allow":["GET"]}}],"collection":[{"href":"https:\/\/www.europesays.com\/lv\/wp-json\/wp\/v2\/posts"}],"about":[{"href":"https:\/\/www.europesays.com\/lv\/wp-json\/wp\/v2\/types\/post"}],"author":[{"embeddable":true,"href":"https:\/\/www.europesays.com\/lv\/wp-json\/wp\/v2\/users\/2"}],"replies":[{"embeddable":true,"href":"https:\/\/www.europesays.com\/lv\/wp-json\/wp\/v2\/comments?post=33823"}],"version-history":[{"count":0,"href":"https:\/\/www.europesays.com\/lv\/wp-json\/wp\/v2\/posts\/33823\/revisions"}],"wp:featuredmedia":[{"embeddable":true,"href":"https:\/\/www.europesays.com\/lv\/wp-json\/wp\/v2\/media\/33824"}],"wp:attachment":[{"href":"https:\/\/www.europesays.com\/lv\/wp-json\/wp\/v2\/media?parent=33823"}],"wp:term":[{"taxonomy":"category","embeddable":true,"href":"https:\/\/www.europesays.com\/lv\/wp-json\/wp\/v2\/categories?post=33823"},{"taxonomy":"post_tag","embeddable":true,"href":"https:\/\/www.europesays.com\/lv\/wp-json\/wp\/v2\/tags?post=33823"}],"curies":[{"name":"wp","href":"https:\/\/api.w.org\/{rel}","templated":true}]}}