{"id":33825,"date":"2025-10-28T23:37:17","date_gmt":"2025-10-28T23:37:17","guid":{"rendered":"https:\/\/www.europesays.com\/lv\/33825\/"},"modified":"2025-10-28T23:37:17","modified_gmt":"2025-10-28T23:37:17","slug":"ptac-piemero-sia-ride-naudas-sodu-10-000-eiro-apmera","status":"publish","type":"post","link":"https:\/\/www.europesays.com\/lv\/33825\/","title":{"rendered":"PTAC piem\u0113ro SIA \u201cRide\u201d naudas sodu 10 000 eiro apm\u0113r\u0101"},"content":{"rendered":"<p>\u0160aj\u0101 laika posm\u0101 SIA \u201cRide\u201d ir veikusi korekt\u012bvus pas\u0101kumus, ievie\u0161ot personas identit\u0101tes un vecuma verifik\u0101cijas procesu, kas 24.10.2025. saska\u0146ots ar PTAC. Verifik\u0101cija tiek nodro\u0161in\u0101ta sadarb\u012bb\u0101 ar digit\u0101lu verifik\u0101cijas r\u012bku un ietver dokumentu nolas\u012b\u0161anu, sal\u012bdzin\u0101\u0161anu ar personas pa\u0161portretu, k\u0101 ar\u012b vecuma noteik\u0161anu, pamatojoties uz dokument\u0101 nor\u0101d\u012bto dzim\u0161anas datumu.<\/p>\n","protected":false},"excerpt":{"rendered":"\u0160aj\u0101 laika posm\u0101 SIA \u201cRide\u201d ir veikusi korekt\u012bvus pas\u0101kumus, ievie\u0161ot personas identit\u0101tes un vecuma verifik\u0101cijas procesu, kas 24.10.2025.&hellip;\n","protected":false},"author":2,"featured_media":33826,"comment_status":"","ping_status":"","sticky":false,"template":"","format":"standard","meta":{"footnotes":""},"categories":[5],"tags":[23,28,29,32,33,22,30,31,35,39,38,36,37,34,40,20,26,27,24,25,21],"class_list":{"0":"post-33825","1":"post","2":"type-post","3":"status-publish","4":"format-standard","5":"has-post-thumbnail","7":"category-aktualitates","8":"tag-aktualitates","9":"tag-breaking-news","10":"tag-breakingnews","11":"tag-featured-news","12":"tag-featurednews","13":"tag-headlines","14":"tag-latest-news","15":"tag-latestnews","16":"tag-latvia","17":"tag-latvian","18":"tag-latviesu","19":"tag-latviesu-valoda","20":"tag-latviesuvaloda","21":"tag-latvija","22":"tag-lv","23":"tag-news","24":"tag-popularakas-zinas","25":"tag-popularakaszinas","26":"tag-top-stories","27":"tag-topstories","28":"tag-zinas"},"share_on_mastodon":{"url":"https:\/\/pubeurope.com\/@lv\/115454426710275499","error":""},"_links":{"self":[{"href":"https:\/\/www.europesays.com\/lv\/wp-json\/wp\/v2\/posts\/33825","targetHints":{"allow":["GET"]}}],"collection":[{"href":"https:\/\/www.europesays.com\/lv\/wp-json\/wp\/v2\/posts"}],"about":[{"href":"https:\/\/www.europesays.com\/lv\/wp-json\/wp\/v2\/types\/post"}],"author":[{"embeddable":true,"href":"https:\/\/www.europesays.com\/lv\/wp-json\/wp\/v2\/users\/2"}],"replies":[{"embeddable":true,"href":"https:\/\/www.europesays.com\/lv\/wp-json\/wp\/v2\/comments?post=33825"}],"version-history":[{"count":0,"href":"https:\/\/www.europesays.com\/lv\/wp-json\/wp\/v2\/posts\/33825\/revisions"}],"wp:featuredmedia":[{"embeddable":true,"href":"https:\/\/www.europesays.com\/lv\/wp-json\/wp\/v2\/media\/33826"}],"wp:attachment":[{"href":"https:\/\/www.europesays.com\/lv\/wp-json\/wp\/v2\/media?parent=33825"}],"wp:term":[{"taxonomy":"category","embeddable":true,"href":"https:\/\/www.europesays.com\/lv\/wp-json\/wp\/v2\/categories?post=33825"},{"taxonomy":"post_tag","embeddable":true,"href":"https:\/\/www.europesays.com\/lv\/wp-json\/wp\/v2\/tags?post=33825"}],"curies":[{"name":"wp","href":"https:\/\/api.w.org\/{rel}","templated":true}]}}