{"id":33827,"date":"2025-10-28T23:53:11","date_gmt":"2025-10-28T23:53:11","guid":{"rendered":"https:\/\/www.europesays.com\/lv\/33827\/"},"modified":"2025-10-28T23:53:11","modified_gmt":"2025-10-28T23:53:11","slug":"netalu-no-igaunijas-armijas-bazes-notriekts-nezinams-drons","status":"publish","type":"post","link":"https:\/\/www.europesays.com\/lv\/33827\/","title":{"rendered":"Net\u0101lu no Igaunijas armijas b\u0101zes notriekts nezin\u0101ms drons"},"content":{"rendered":"<p>Igaunijas Aizsardz\u012bbas sp\u0113ku \u0123ener\u0101l\u0161t\u0101ba preses p\u0101rst\u0101ve L\u012bsa Vaksmane &#8220;Postimees&#8221; st\u0101st\u012bja, ka sabiedroto sp\u0113ki 17. oktobr\u012b plkst. 16.30 atkl\u0101ja net\u0101lu no 2. K\u0101jnieku brig\u0101des b\u0101zes lidojo\u0161us dronus. Vienu no tiem notrieca ar pretdronu ieroci.<\/p>\n<p>K\u0101 teica Vaksmane, Igaunijas armija un Policijas un robe\u017esardzes departaments m\u0113\u0123in\u0101ja atrast notriekto dronu, ta\u010du to neatrada viet\u0101, kur tam vajadz\u0113tu b\u016bt nokritu\u0161am.<\/p>\n<p>R\u0113do b\u0101z\u0113 ir disloc\u0113ti ASV karav\u012bri.<\/p>\n<p>Baltijas valst\u012bs biju\u0161i vair\u0101ki incidenti, kad to gaisa telp\u0101 ielido droni no Baltkrievijas vai Krievijas, radot ba\u017eas par dro\u0161\u012bbas riskiem.<\/p>\n","protected":false},"excerpt":{"rendered":"Igaunijas Aizsardz\u012bbas sp\u0113ku \u0123ener\u0101l\u0161t\u0101ba preses p\u0101rst\u0101ve L\u012bsa Vaksmane &#8220;Postimees&#8221; st\u0101st\u012bja, ka sabiedroto sp\u0113ki 17. oktobr\u012b plkst. 16.30 atkl\u0101ja&hellip;\n","protected":false},"author":2,"featured_media":33828,"comment_status":"","ping_status":"","sticky":false,"template":"","format":"standard","meta":{"footnotes":""},"categories":[14],"tags":[1546,23,57,28,29,32,33,22,1571,73,74,30,31,35,39,38,36,37,34,40,20,26,27,24,25,54,55,56,21,58],"class_list":{"0":"post-33827","1":"post","2":"type-post","3":"status-publish","4":"format-standard","5":"has-post-thumbnail","7":"category-zinas-no-arvalstim","8":"tag-aizsardziba","9":"tag-aktualitates","10":"tag-arvalstim","11":"tag-breaking-news","12":"tag-breakingnews","13":"tag-featured-news","14":"tag-featurednews","15":"tag-headlines","16":"tag-hibridkars","17":"tag-igaunija","18":"tag-krievijas-iebrukums-ukraina","19":"tag-latest-news","20":"tag-latestnews","21":"tag-latvia","22":"tag-latvian","23":"tag-latviesu","24":"tag-latviesu-valoda","25":"tag-latviesuvaloda","26":"tag-latvija","27":"tag-lv","28":"tag-news","29":"tag-popularakas-zinas","30":"tag-popularakaszinas","31":"tag-top-stories","32":"tag-topstories","33":"tag-world","34":"tag-world-news","35":"tag-worldnews","36":"tag-zinas","37":"tag-zinas-no-arvalstim"},"share_on_mastodon":{"url":"https:\/\/pubeurope.com\/@lv\/115454489542835751","error":""},"_links":{"self":[{"href":"https:\/\/www.europesays.com\/lv\/wp-json\/wp\/v2\/posts\/33827","targetHints":{"allow":["GET"]}}],"collection":[{"href":"https:\/\/www.europesays.com\/lv\/wp-json\/wp\/v2\/posts"}],"about":[{"href":"https:\/\/www.europesays.com\/lv\/wp-json\/wp\/v2\/types\/post"}],"author":[{"embeddable":true,"href":"https:\/\/www.europesays.com\/lv\/wp-json\/wp\/v2\/users\/2"}],"replies":[{"embeddable":true,"href":"https:\/\/www.europesays.com\/lv\/wp-json\/wp\/v2\/comments?post=33827"}],"version-history":[{"count":0,"href":"https:\/\/www.europesays.com\/lv\/wp-json\/wp\/v2\/posts\/33827\/revisions"}],"wp:featuredmedia":[{"embeddable":true,"href":"https:\/\/www.europesays.com\/lv\/wp-json\/wp\/v2\/media\/33828"}],"wp:attachment":[{"href":"https:\/\/www.europesays.com\/lv\/wp-json\/wp\/v2\/media?parent=33827"}],"wp:term":[{"taxonomy":"category","embeddable":true,"href":"https:\/\/www.europesays.com\/lv\/wp-json\/wp\/v2\/categories?post=33827"},{"taxonomy":"post_tag","embeddable":true,"href":"https:\/\/www.europesays.com\/lv\/wp-json\/wp\/v2\/tags?post=33827"}],"curies":[{"name":"wp","href":"https:\/\/api.w.org\/{rel}","templated":true}]}}