{"id":33835,"date":"2025-10-29T00:18:10","date_gmt":"2025-10-29T00:18:10","guid":{"rendered":"https:\/\/www.europesays.com\/lv\/33835\/"},"modified":"2025-10-29T00:18:10","modified_gmt":"2025-10-29T00:18:10","slug":"valkas-pasvaldibai-uzdots-steidzami-uzlabot-finansu-vadibu","status":"publish","type":"post","link":"https:\/\/www.europesays.com\/lv\/33835\/","title":{"rendered":"Valkas pa\u0161vald\u012bbai uzdots steidzami uzlabot finan\u0161u vad\u012bbu"},"content":{"rendered":"<p class=\"descr\">Finan\u0161u ministrija (FM) otrdien aicin\u0101jusi Valkas novada pa\u0161vald\u012bbu steidzami uzlabot finan\u0161u vad\u012bbu un izl\u0113m\u012bgi main\u012bt pieeju bud\u017eeta pl\u0101no\u0161anai, lai nov\u0113rstu pieaugo\u0161os maks\u0101jumu kav\u0113jumus, nodok\u013cu par\u0101dus un bud\u017eeta nesabalans\u0113t\u012bbu, a\u0123ent\u016bru LETA inform\u0113ja ministrij\u0101.<\/p>\n<p>FM, izv\u0113rt\u0113jot pa\u0161vald\u012bbas finan\u0161u r\u0101d\u012bt\u0101jus un konstat\u0113jot b\u016btiskus riskus, ir aicin\u0101jusi <a href=\"https:\/\/nra.lv\/birka\/valsts-kontrole\/\" target=\"_blank\" rel=\"noopener nofollow\">Valsts kontroli<\/a> (VK) veikt \u0101rk\u0101rtas rev\u012bziju, lai ieg\u016btu piln\u012bgu priek\u0161statu par pa\u0161vald\u012bbas finan\u0161u situ\u0101ciju un t\u0101s r\u012bc\u012bbu ar bud\u017eeta l\u012bdzek\u013ciem.<\/p>\n<p><a href=\"https:\/\/nra.lv\/birka\/finansu-ministrija\/\" target=\"_blank\" rel=\"noopener nofollow\">FM<\/a> ir secin\u0101jusi, ka kop\u0161 2025. gada j\u016bnija Valkas novada pa\u0161vald\u012bbai atk\u0101rtoti ir izveidoju\u0161ies ilgsto\u0161i kav\u0113ti maks\u0101jumi par siltumener\u0123ijas pakalpojumiem. \u0160\u0101 gada septembra beig\u0101s kav\u0113to maks\u0101jumu kopsumma p\u0101rsniedza 530 000 eiro, tostarp nodok\u013cu par\u0101ds bija vair\u0101k nek\u0101 325 000 eiro, bet par\u0101di par siltumapg\u0101di &#8211; 150 000 eiro. Pa\u0161vald\u012bbas debitoru par\u0101di sasniedza vair\u0101k nek\u0101 vienu miljonu eiro, no kuriem puse ir uzkr\u0101jumi \u0161aub\u012bgajiem debitoriem.<\/p>\n<p>Lai gan pa\u0161vald\u012bbai ir sava kapit\u0101lsabiedr\u012bba SIA &#8220;Valkas namsaimnieks&#8221;, t\u0101 pati nodro\u0161ina siltumapg\u0101des pakalpojumu snieg\u0161anu iedz\u012bvot\u0101jiem, iekas\u0113jot maks\u0101jumus un nor\u0113\u0137inoties ar pakalpojuma sniedz\u0113ju. FM nor\u0101da, ka \u0161\u0101da pieeja rada papildu finansi\u0101lu slogu <a href=\"https:\/\/nra.lv\/birka\/pasvaldibas-budzets\/\" target=\"_blank\" rel=\"noopener nofollow\">pa\u0161vald\u012bbas bud\u017eetam<\/a> un palielina riskus t\u0101s maks\u0101tsp\u0113jai.<\/p>\n<p>FM uzsver, ka pa\u0161vald\u012bbai b\u016btiski ir turpin\u0101t darbu pie izdevumu efektiviz\u0101cijas un finan\u0161u stabilit\u0101tes nodro\u0161in\u0101\u0161anas ilgtermi\u0146\u0101, k\u0101 ar\u012b izv\u0113rt\u0113t nepiecie\u0161am\u012bbu veikt groz\u012bjumus <a href=\"https:\/\/nra.lv\/birka\/taupibas-rezims\/\" target=\"_blank\" rel=\"noopener nofollow\">izdevumu samazin\u0101juma<\/a> pl\u0101n\u0101, iek\u013caujot jaunus pas\u0101kumus.<\/p>\n<p>FM r\u012bc\u012bb\u0101 \u0161obr\u012bd nav inform\u0101cijas, ka \u0161\u0101di groz\u012bjumi b\u016btu veikti. Ja pa\u0161vald\u012bba nesp\u0113s nor\u0113\u0137in\u0101ties ar <a href=\"https:\/\/nra.lv\/birka\/kreditori\/\" target=\"_blank\" rel=\"noopener nofollow\">kreditoriem<\/a> un nerad\u012bs ilgtermi\u0146a risin\u0101jumus bud\u017eeta sabalans\u0113\u0161anai, FM aicina pa\u0161vald\u012bbas domi izv\u0113rt\u0113t, vai nav iest\u0101jusies situ\u0101cija, kas liecina par finan\u0161u stabiliz\u0101cijas procesa nepiecie\u0161am\u012bbu atbilsto\u0161i likumam par bud\u017eetu un finan\u0161u vad\u012bbu.<\/p>\n<p>Vienlaikus FM ir l\u016bgusi Vides aizsardz\u012bbas un re\u0123ion\u0101l\u0101s att\u012bst\u012bbas <a href=\"https:\/\/nra.lv\/birka\/varam\/\" target=\"_blank\" rel=\"noopener nofollow\">ministriju<\/a> izv\u0113rt\u0113t, vai Valkas novada pa\u0161vald\u012bb\u0101 atbilsto\u0161i likumam tiek nodro\u0161in\u0101ti iedz\u012bvot\u0101jiem nepiecie\u0161amie siltumapg\u0101des un komun\u0101lie pakalpojumi.<\/p>\n<p>T\u0101pat Korupcijas nov\u0113r\u0161anas un apkaro\u0161anas <a href=\"https:\/\/nra.lv\/birka\/knab\/\" target=\"_blank\" rel=\"noopener nofollow\">birojs<\/a> ir rosin\u0101jis Eiropas Prokurat\u016brai s\u0101kt krimin\u0101lvaj\u0101\u0161anu pret trim Valkas novada pa\u0161vald\u012bbas amatperson\u0101m, tostarp domes priek\u0161s\u0113d\u0113t\u0101ju Ventu Armandu Kraukli (Vidzemes partija), par iesp\u0113jamu kr\u0101p\u0161anu liel\u0101 apm\u0113r\u0101 ra\u017eo\u0161anas teritorijas izveides projekt\u0101, kur ar viltu izkr\u0101pti vair\u0101k nek\u0101 168 000 eiro no Eiropas Savien\u012bbas un valsts bud\u017eeta l\u012bdzek\u013ciem.<\/p>\n<p><a href=\"https:\/\/nra.lv\/birka\/finansu-revizija\/\" target=\"_blank\" rel=\"noopener nofollow\">Rev\u012bzijas<\/a> m\u0113r\u0137is ir noskaidrot, vai pa\u0161vald\u012bbas finan\u0161u l\u012bdzek\u013ci tiek izmantoti tiesiski, ekonomiski un efekt\u012bvi, k\u0101 ar\u012b sniegt rekomend\u0101cijas finan\u0161u situ\u0101cijas sak\u0101rto\u0161anai. FM apliecina gatav\u012bbu cie\u0161i sadarboties ar VK, sniedzot visu nepiecie\u0161amo inform\u0101ciju un atbalstu rev\u012bzijas \u012bsteno\u0161an\u0101.<\/p>\n<p>Plkst. 18:06 pievienots Krauk\u013ca koment\u0101rs:<\/p>\n<p>L\u016bgts koment\u0113t FM nor\u0101d\u012bjumus, Krauklis vien pauda, ka &#8220;tas ir apzin\u0101ts trieciens&#8221;, jo vi\u0146\u0161 esot &#8220;aizsk\u0101ris FM ier\u0113d\u0146us un vi\u0146u algas&#8221;.<\/p>\n<p>Jau zi\u0146ots, ka Valkas novada pa\u0161vald\u012bbu satrauc FM ier\u0113d\u0146u izpratnes tr\u016bkums par novada finan\u0161u situ\u0101cijas ra\u0161an\u0101s iemesliem, t\u0101d\u0113\u013c Valkas novada domes priek\u0161s\u0113d\u0113t\u0101js <a href=\"https:\/\/nra.lv\/latvija\/regionos\/505265-valkas-mers-krauklis-un-amatpersonas-apsudzeti-es-fondu-krapsana.htm\" data-item-link=\"true\" data-item-id=\"505265\" rel=\"nofollow noopener\" target=\"_blank\">Vents Armands Krauklis<\/a> (Vidzemes partija) bija aicin\u0101jis premjerministri apmekl\u0113t Valkas novadu. Savuk\u0101rt premjere uzdeva ar Valkas novada domes priek\u0161s\u0113d\u0113t\u0101ju tikties vied\u0101s administr\u0101cijas un re\u0123ion\u0101l\u0101s att\u012bst\u012bbas ministram Raimondam \u010cudaram (JV).<\/p>\n<p>Krauklis uzskata, ka gan publiskaj\u0101 telp\u0101, gan sarun\u0101s ar FM ier\u0113d\u0146iem izskan nepamatoti apgalvojumi par Valkas novada finan\u0161u situ\u0101cijas c\u0113lo\u0146iem, k\u0101 ar\u012b pras\u012bbas, kas apdraud kvalitat\u012bvu pa\u0161vald\u012bbas funkciju veik\u0161anu.<\/p>\n<p>Zi\u0146ots ar\u012b, ka Valkas novada pa\u0161vald\u012bbas finan\u0161u situ\u0101ciju negat\u012bvi ietekm\u0113 vair\u0101k nek\u0101 1000 Igaunij\u0101 deklar\u0113tu Valkas iedz\u012bvot\u0101ju.<\/p>\n<p>M\u0113rs nor\u0101da, ka bud\u017eeta situ\u0101cija ir saspringta. Pa\u0161vald\u012bbai ir nodok\u013cu par\u0101ds un kav\u0113ti nor\u0113\u0137ini ar pieg\u0101d\u0101t\u0101jiem, tostarp siltumra\u017eot\u0101ju. Probl\u0113mas esot mantotas no iepriek\u0161\u0113jiem gadiem.<\/p>\n<p>Krauklis galveno iemeslu saskata administrat\u012bvi teritori\u0101laj\u0101 reform\u0101. Vides aizsardz\u012bbas un re\u0123ion\u0101l\u0101s att\u012bst\u012bbas ministrija (VARAM) s\u0101kotn\u0113ji pied\u0101v\u0101ja Valku apvienot ar Nauk\u0161\u0113niem, Stren\u010diem un R\u016bjienu. Tas nenotika, bet netika atrisin\u0101ts ar\u012b jaut\u0101jums par Valk\u0101 dz\u012bvojo\u0161iem, ta\u010du Igaunij\u0101 deklar\u0113tiem valstspieder\u012bgajiem. Vi\u0146u neiek\u013cau\u0161ana apr\u0113\u0137inos ik gadu bud\u017eetam at\u0146em ap 400 000 l\u012bdz 500 000 eiro, lai gan \u0161ie cilv\u0113ki izmanto Valkas infrastrukt\u016bru un pakalpojumus. Pa\u0161vald\u012bba risin\u0101jumu pras\u012bjusi katru gadu, ta\u010du bez rezult\u0101ta.<\/p>\n<p>\t\t\t\t\t\tinfo<\/p>\n<p>Uzzini pirmais<br \/>kas interesants noticis Latvij\u0101 un pasaul\u0113,<br \/>pievienojoties mums <a href=\"https:\/\/t.me\/neatkariga\" rel=\"nofollow\">Telegram<\/a> vai <a href=\"https:\/\/whatsapp.com\/channel\/0029VaMLFUH5K3zLU5s4wm3y\" rel=\"nofollow noopener\" target=\"_blank\">Whatsapp<\/a> kan\u0101l\u0101<\/p>\n","protected":false},"excerpt":{"rendered":"Finan\u0161u ministrija (FM) otrdien aicin\u0101jusi Valkas novada pa\u0161vald\u012bbu steidzami uzlabot finan\u0161u vad\u012bbu un izl\u0113m\u012bgi main\u012bt pieeju bud\u017eeta pl\u0101no\u0161anai,&hellip;\n","protected":false},"author":2,"featured_media":33836,"comment_status":"","ping_status":"","sticky":false,"template":"","format":"standard","meta":{"footnotes":""},"categories":[12],"tags":[23,28,29,32,33,22,30,31,35,39,38,36,37,34,40,20,26,27,24,25,21],"class_list":{"0":"post-33835","1":"post","2":"type-post","3":"status-publish","4":"format-standard","5":"has-post-thumbnail","7":"category-latvija","8":"tag-aktualitates","9":"tag-breaking-news","10":"tag-breakingnews","11":"tag-featured-news","12":"tag-featurednews","13":"tag-headlines","14":"tag-latest-news","15":"tag-latestnews","16":"tag-latvia","17":"tag-latvian","18":"tag-latviesu","19":"tag-latviesu-valoda","20":"tag-latviesuvaloda","21":"tag-latvija","22":"tag-lv","23":"tag-news","24":"tag-popularakas-zinas","25":"tag-popularakaszinas","26":"tag-top-stories","27":"tag-topstories","28":"tag-zinas"},"share_on_mastodon":{"url":"https:\/\/pubeurope.com\/@lv\/115454587936324914","error":""},"_links":{"self":[{"href":"https:\/\/www.europesays.com\/lv\/wp-json\/wp\/v2\/posts\/33835","targetHints":{"allow":["GET"]}}],"collection":[{"href":"https:\/\/www.europesays.com\/lv\/wp-json\/wp\/v2\/posts"}],"about":[{"href":"https:\/\/www.europesays.com\/lv\/wp-json\/wp\/v2\/types\/post"}],"author":[{"embeddable":true,"href":"https:\/\/www.europesays.com\/lv\/wp-json\/wp\/v2\/users\/2"}],"replies":[{"embeddable":true,"href":"https:\/\/www.europesays.com\/lv\/wp-json\/wp\/v2\/comments?post=33835"}],"version-history":[{"count":0,"href":"https:\/\/www.europesays.com\/lv\/wp-json\/wp\/v2\/posts\/33835\/revisions"}],"wp:featuredmedia":[{"embeddable":true,"href":"https:\/\/www.europesays.com\/lv\/wp-json\/wp\/v2\/media\/33836"}],"wp:attachment":[{"href":"https:\/\/www.europesays.com\/lv\/wp-json\/wp\/v2\/media?parent=33835"}],"wp:term":[{"taxonomy":"category","embeddable":true,"href":"https:\/\/www.europesays.com\/lv\/wp-json\/wp\/v2\/categories?post=33835"},{"taxonomy":"post_tag","embeddable":true,"href":"https:\/\/www.europesays.com\/lv\/wp-json\/wp\/v2\/tags?post=33835"}],"curies":[{"name":"wp","href":"https:\/\/api.w.org\/{rel}","templated":true}]}}