{"id":33850,"date":"2025-10-29T02:05:09","date_gmt":"2025-10-29T02:05:09","guid":{"rendered":"https:\/\/www.europesays.com\/lv\/33850\/"},"modified":"2025-10-29T02:05:09","modified_gmt":"2025-10-29T02:05:09","slug":"polijas-prokuratura-prasa-aizturet-bijuso-tieslietu-ministru-zbignevu-zjobro-kurs-aizbedzis-uz-ungariju","status":"publish","type":"post","link":"https:\/\/www.europesays.com\/lv\/33850\/","title":{"rendered":"Polijas prokurat\u016bra prasa aiztur\u0113t biju\u0161o tieslietu ministru Zbig\u0146evu Zjobro, kur\u0161 aizb\u0113dzis uz Ung\u0101riju"},"content":{"rendered":"<p>Aps\u016bdz\u012bbu centr\u0101 ir Tieslietu fonds, ko p\u0101rrauga Tieslietu ministrija un kas paredz\u0113ts noziegumos cietu\u0161o atbalstam. B\u016bdams tieslietu ministrs, Zjobro devis r\u012bkojumus padotajiem novirz\u012bt fonda naudu projektiem, kas var\u0113tu dot politisku labumu vi\u0146a p\u0101rst\u0101v\u0113tajai partijai.\u00a0&#8220;Pamatojoties uz pier\u0101d\u012bjumiem, nav \u0161aubu, ka Zbig\u0146evs Zjobro zin\u0101ja par p\u0101rk\u0101pumiem Tieslietu fonda dot\u0101ciju pie\u0161\u0137ir\u0161an\u0101,&#8221; nor\u0101d\u012bja prokurat\u016bras preses p\u0101rst\u0101ve.<\/p>\n","protected":false},"excerpt":{"rendered":"Aps\u016bdz\u012bbu centr\u0101 ir Tieslietu fonds, ko p\u0101rrauga Tieslietu ministrija un kas paredz\u0113ts noziegumos cietu\u0161o atbalstam. B\u016bdams tieslietu ministrs,&hellip;\n","protected":false},"author":2,"featured_media":33851,"comment_status":"","ping_status":"","sticky":false,"template":"","format":"standard","meta":{"footnotes":""},"categories":[14],"tags":[23,57,28,29,32,33,22,30,31,35,39,38,36,37,34,40,20,26,27,24,25,54,55,56,21,58],"class_list":{"0":"post-33850","1":"post","2":"type-post","3":"status-publish","4":"format-standard","5":"has-post-thumbnail","7":"category-zinas-no-arvalstim","8":"tag-aktualitates","9":"tag-arvalstim","10":"tag-breaking-news","11":"tag-breakingnews","12":"tag-featured-news","13":"tag-featurednews","14":"tag-headlines","15":"tag-latest-news","16":"tag-latestnews","17":"tag-latvia","18":"tag-latvian","19":"tag-latviesu","20":"tag-latviesu-valoda","21":"tag-latviesuvaloda","22":"tag-latvija","23":"tag-lv","24":"tag-news","25":"tag-popularakas-zinas","26":"tag-popularakaszinas","27":"tag-top-stories","28":"tag-topstories","29":"tag-world","30":"tag-world-news","31":"tag-worldnews","32":"tag-zinas","33":"tag-zinas-no-arvalstim"},"share_on_mastodon":{"url":"https:\/\/pubeurope.com\/@lv\/115455008634351978","error":""},"_links":{"self":[{"href":"https:\/\/www.europesays.com\/lv\/wp-json\/wp\/v2\/posts\/33850","targetHints":{"allow":["GET"]}}],"collection":[{"href":"https:\/\/www.europesays.com\/lv\/wp-json\/wp\/v2\/posts"}],"about":[{"href":"https:\/\/www.europesays.com\/lv\/wp-json\/wp\/v2\/types\/post"}],"author":[{"embeddable":true,"href":"https:\/\/www.europesays.com\/lv\/wp-json\/wp\/v2\/users\/2"}],"replies":[{"embeddable":true,"href":"https:\/\/www.europesays.com\/lv\/wp-json\/wp\/v2\/comments?post=33850"}],"version-history":[{"count":0,"href":"https:\/\/www.europesays.com\/lv\/wp-json\/wp\/v2\/posts\/33850\/revisions"}],"wp:featuredmedia":[{"embeddable":true,"href":"https:\/\/www.europesays.com\/lv\/wp-json\/wp\/v2\/media\/33851"}],"wp:attachment":[{"href":"https:\/\/www.europesays.com\/lv\/wp-json\/wp\/v2\/media?parent=33850"}],"wp:term":[{"taxonomy":"category","embeddable":true,"href":"https:\/\/www.europesays.com\/lv\/wp-json\/wp\/v2\/categories?post=33850"},{"taxonomy":"post_tag","embeddable":true,"href":"https:\/\/www.europesays.com\/lv\/wp-json\/wp\/v2\/tags?post=33850"}],"curies":[{"name":"wp","href":"https:\/\/api.w.org\/{rel}","templated":true}]}}