{"id":33866,"date":"2025-10-29T03:00:08","date_gmt":"2025-10-29T03:00:08","guid":{"rendered":"https:\/\/www.europesays.com\/lv\/33866\/"},"modified":"2025-10-29T03:00:08","modified_gmt":"2025-10-29T03:00:08","slug":"meram-krauklim-ir-plans-esoso-valkas-novada-paradu-segsanai-nakamgad-bez-papildu-finansejuma-neiztiksot-raksts","status":"publish","type":"post","link":"https:\/\/www.europesays.com\/lv\/33866\/","title":{"rendered":"M\u0113ram Krauklim ir pl\u0101ns eso\u0161o Valkas novada par\u0101du seg\u0161anai, n\u0101kamgad bez papildu finans\u0113juma neiztik\u0161ot \/ Raksts"},"content":{"rendered":"<p>Valkas novada pa\u0161vald\u012bbai pa\u0161laik ir finan\u0161u gr\u016bt\u012bbas, bet l\u012bdz \u0161im iekav\u0113tos maks\u0101jumus l\u012bdz gada beig\u0101m var\u0113tu izdoties atrisin\u0101t. Pa\u0161reiz\u0113j\u0101m probl\u0113m\u0101m finans\u0113jumu pa\u0161vald\u012bba neprasa, ta\u010du n\u0101kamgad papildu l\u012bdzek\u013ci vietvarai ir neizb\u0113gami nepiecie\u0161ami. T\u0101 intervij\u0101 Latvijas Telev\u012bzijas raid\u012bjum\u0101 &#8220;Viens pret vienu&#8221; izteic\u0101s Valkas novada m\u0113rs Vents Armands Krauklis (&#8220;Vidzemes partija&#8221;).<\/p>\n<p>Valkas novada finan\u0161u probl\u0113mas<\/p>\n<p>\u0160\u0101 gada kav\u0113jumus \u0161ogad Valkas novads var atrisin\u0101t, jau laikus apzinoties, k\u0101a \u0161\u012bs gr\u016bt\u012bbas radu\u0161\u0101s vietvaras iepriek\u0161\u0113j\u0101s vad\u012bbas saimnieko\u0161anas rezult\u0101t\u0101, intervij\u0101 apgalvoja Krauklis. Vair\u0101kus gadus pa\u0161vald\u012bba neko nedar\u012bja par\u0101du piedzi\u0146as jom\u0101 un pa\u0161laik Valkas novada pa\u0161vald\u012bba ir zaud\u0113t\u0101jos. \u0160o situ\u0101ciju \u0161ogad var atrisin\u0101t, ta\u010du ar iztr\u016bkumu bud\u017eet\u0101 n\u0101kamgad neizdo\u0161oties tikt gal\u0101, v\u0113rt\u0113ja Valkas novada m\u0113rs.<\/p>\n<blockquote>\n<p>&#8220;Ir iepriek\u0161\u0113jo gadu prakse, ka pa\u0161vald\u012bb\u0101m ar maz\u0101ku bud\u017eeta pieaugumu &#8220;pievilka&#8221; l\u012bdz n\u0101kamaj\u0101m maz\u0101kaj\u0101m. Tom\u0113r sa\u0146\u0113m\u0101m atbildi, ka mums j\u0101c\u012bn\u0101s pa\u0161iem,&#8221;<\/p>\n<\/blockquote>\n<p>pauda Krauklis.<\/p>\n<p>N\u0101kamgad nepiecie\u0161ami vismaz\u00a0ap 300 000 eiro, v\u0113rt\u0113ja Krauklis, ta\u010du \u0161oned\u0113\u013c sa\u0146\u0113ma pa\u0161vald\u012bbu darbu p\u0101rraugo\u0161\u0101 ministra Raimonda \u010cudara (&#8220;Jaun\u0101 Vienot\u012bba&#8221;) atbildi, ka papildu finans\u0113juma neb\u016bs.\u00a0<\/p>\n<p>&#8220;Ja mums viss pieaugums b\u016bs j\u0101atdod soci\u0101lajiem pabalstiem, mums visam naudas nepietiks,&#8221; pauda Krauklis.<\/p>\n<p>Bez papildu finans\u0113juma nodro\u0161in\u0101t pakalpojumus \u0161\u0101 gada l\u012bmen\u012b un izveidot n\u0101kam\u0101 gada bud\u017eetu neizdo\u0161oties. Uz jaut\u0101jumu, vai iedz\u012bvot\u0101ji izjut\u012bs k\u0101das probl\u0113mas, Valkas novada m\u0113rs uzsv\u0113ra, ka siltumapg\u0101des tarifs nemain\u012bsies, ta\u010du neizsl\u0113dza, ka\u00a0var rasties probl\u0113mas ce\u013cu uztur\u0113\u0161an\u0101. T\u0101p\u0113c temats par papildu finans\u0113juma nepiecie\u0161am\u012bbu n\u0101kamaj\u0101 gad\u0101 nezud\u012b\u0161ot.<\/p>\n<p>Valkas novad\u0101 samilzu\u0161as gan finan\u0161u probl\u0113mas, gan ar\u012b pret pa\u0161vald\u012bbas vad\u012bt\u0101ju Kraukli Korupcijas nov\u0113r\u0161anas un apkaro\u0161anas birojs rosin\u0101jis Eiropas Prokurat\u016brai s\u0101kt krimin\u0101lvaj\u0101\u0161anu par iesp\u0113jamu kr\u0101p\u0161anu liel\u0101 apm\u0113r\u0101, kas \u012bstenota ra\u017eo\u0161anas teritorijas izveides projekt\u0101. Taj\u0101 pat laik\u0101 novad\u0101 ar ba\u017e\u0101m gaida n\u0101kamo gadu, jo novadam prognoz\u0113ts zem\u0101kais iedz\u012bvot\u0101ju ien\u0101kumu nodok\u013ca pieaugums, vien 0,9%.<\/p>\n<p>Valka ir vien\u012bgais novads, kur ie\u0146\u0113mumu pieaugums ir maz\u0101ks nek\u0101 citviet valst\u012b, t\u0101p\u0113c divu stundu sarun\u0101 ar ministru novada pa\u0161vald\u012bbas vad\u012bba m\u0113\u0123in\u0101ja pamatot, k\u0101p\u0113c b\u016btu nepiecie\u0161ama dot\u0101cija no valsts. Pirmais no argumentiem min\u0113ts tas, ka jau savulaik, veicot novadu reformu un Valkas novads palika vismaz\u0101kais, bija skaidrs, ka tas negat\u012bvi atsp\u0113l\u0113sies. Pa\u0161vald\u012bbas finan\u0161u situ\u0101ciju negat\u012bvi ietekm\u0113 ar\u012b tas, ka ap 1200 iedz\u012bvot\u0101ji, prec\u012bzu datu gan nav, ir deklar\u0113ju\u0161ies Igaunijas Valg\u0101, \u0161o cilv\u0113ku neiek\u013cau\u0161ana apr\u0113\u0137inos, k\u0101 v\u0113rt\u0113 Valkas novad\u0101, ik gadu bud\u017eetam at\u0146em ap pusmiljona eiro, bet pakalpojumus Igaunij\u0101 deklar\u0113tie izmanto Valk\u0101, ar\u012b skolas.<\/p>\n<p>Ministrs\u00a0\u010cudars gan sol\u012bja vismaz skol\u0113nu jaut\u0101jumam mekl\u0113t risin\u0101jumu.<\/p>\n<p>&#8220;\u0160eit, protams, ir j\u0101preciz\u0113, cik liels skaits skol\u0113nu, kuri ir deklar\u0113ti Valg\u0101, cit\u0101 valst\u012b, bet sa\u0146em izgl\u012bt\u012bbas pakalpojumu Latvij\u0101, cik lielu iesp\u0113ju tas atst\u0101j uz bud\u017eetu, vai ir iesp\u0113jami kompens\u0113jo\u0161i meh\u0101nismi, \u0161eit mums ir noruna, ka m\u0113s skat\u012bsimies \u0161o statistiku un to risin\u0101sim,&#8221; vi\u0146\u0161 teica.<\/p>\n<p>Ir ar\u012b probl\u0113mas, kas mantotas no iepriek\u0161\u0113jiem gadiem, piem\u0113ram, iedz\u012bvot\u0101ju par\u0101ds ap miljons eiro par siltumu.\u00a0Krauklis skaidroja, ka par\u0101da piedzi\u0146a notiks, bet \u0161obr\u012bd ir svar\u012bg\u0101k, lai iedz\u012bvot\u0101ji sp\u0113tu un nor\u0113\u0137in\u0101tos par \u0161\u012b br\u012b\u017ea komun\u0101lajiem maks\u0101jumiem. T\u0101pat novad\u0101 veikti daudzi taup\u012bbas pas\u0101kumi, lai samazin\u0101tu izdevumus.<\/p>\n<p>Liel\u0101k\u0101s ba\u017eas ir par n\u0101kamo gadu, kad novada bud\u017eeta pieaugums b\u016bs nedaudz vair\u0101k par 800 t\u016bksto\u0161iem eiro, bet izdevumu, lai pild\u012btu valsts uzliktos uzdevumus, b\u016bs ap 300 t\u016bksto\u0161iem eiro. T\u0101d\u0113\u013c ar\u012b l\u016bgums pie\u0161\u0137irt dot\u0101ciju no valsts, bet ministrs Raimonds \u010cudars uzsv\u0113ra \u2013 iz\u0146\u0113mumu neb\u016bs.<\/p>\n<p>&#8220;\u0160eit man ir j\u0101saka, ka nav paredz\u0113ta \u012bpa\u0161a dot\u0101cija, \u0146emot v\u0113r\u0101 finan\u0161u apr\u0113\u0137inu pa\u0161vald\u012bb\u0101m, bet tas, ka ir izaicin\u0101jums pie relat\u012bvi mazas pa\u0161vald\u012bbas nodro\u0161in\u0101t pilnv\u0113rt\u012bgu pakalpojumu, tas ar\u012b ir fakts, bet m\u0113s nevaram v\u0113lreiz main\u012bt finan\u0161u pl\u0101nu \u0161aj\u0101 br\u012bd\u012b, v\u0113l jo vair\u0101k, \u0146emot v\u0113r\u0101 kop\u0113jos samazin\u0101jumus,&#8221; teica ministrs.<\/p>\n<p>Summa, kas b\u016btu vajadz\u012bga Valkas novadam, neb\u016bt nav t\u0101, ko nevar\u0113tu atv\u0113l\u0113t.<\/p>\n<p>&#8220;\u0160\u012b bija \u013coti spilgta birokr\u0101tisk\u0101s dom\u0101\u0161anas izpausme, t\u0101, ka tas paragr\u0101fs ir svar\u012bg\u0101ks par cilv\u0113kiem. M\u0113s pras\u0101m tikai pa\u0161u nieku, tas ir apm\u0113ram 300 t\u016bksto\u0161i eiro, \u0161ie 300 t\u016bksto\u0161i eiro ir viens &#8220;Bolt&#8221; p\u0113t\u012bjums, vai maz\u0101k k\u0101 tr\u012bs Finan\u0161u ministrijas vado\u0161o ier\u0113d\u0146u algas gad\u0101. Ministrs jau atbrauca ar viedokli, ka neko nemain\u012bs un ar\u012b faktiski jau piektdien m\u0113s sa\u0146\u0113m\u0101m v\u0113stuli, kas ir t\u0101ds ar\u012b absol\u016btas birokr\u0101tisk\u0101s dom\u0101\u0161anas paraugs no VARAM, kur faktiski jau tas tika pateikts, nu kulieties pa\u0161i, bet pirmdien es pie jums aizbrauk\u0161u. Ja m\u0113s paskat\u012bsimies otr\u0101 pus\u0113 robe\u017eai \u2013 Tirvas novads, \u013coti sp\u0113c\u012bgs, \u013coti labs novads, 5000 iedz\u012bvot\u0101ju, Karksi novads \u2013 3000 iedz\u012bvot\u0101ju, un tur visur ir liel\u0101ka valsts dot\u0101cija, jo valsts saprot, ka mazapdz\u012bvot\u0101k\u0101 teritorij\u0101 , lai pa\u0161vald\u012bba var\u0113tu funkcion\u0113t, ir j\u0101b\u016bt liel\u0101ks atbalsts.&#8221;<\/p>\n<p>Valkas novad\u0101 tiks turpin\u0101ts mekl\u0113t risin\u0101jumu, galvenok\u0101rt jau taup\u012bbas zi\u0146\u0101, bet tas rada ba\u017eas, k\u0101 tas atsauksies, dom\u0101jot par novada att\u012bst\u012bbu.<\/p>\n<p>KONTEKSTS:<\/p>\n<p>Valkas novada pa\u0161vald\u012bba nor\u0101d\u012bjusi uz Finan\u0161u ministrijas (FM) ier\u0113d\u0146u izpratnes tr\u016bkumu par novada finan\u0161u situ\u0101cijas ra\u0161an\u0101s iemesliem, t\u0101d\u0113\u013c Krauklis bija aicin\u0101jis premjerministri apmekl\u0113t Valkas novadu. Savuk\u0101rt premjere uzdeva ar Valkas novada domes priek\u0161s\u0113d\u0113t\u0101ju tikties vied\u0101s aizsardz\u012bbas un re\u0123ion\u0101l\u0101s att\u012bst\u012bbam ministram Raimondam \u010cudaram (&#8220;Jaun\u0101 Vienot\u012bba&#8221;).<\/p>\n<p>Krauklis uzskata, ka gan publiskaj\u0101 telp\u0101, gan sarun\u0101s ar FM ier\u0113d\u0146iem izskan nepamatoti apgalvojumi par Valkas novada finan\u0161u situ\u0101cijas c\u0113lo\u0146iem, k\u0101 ar\u012b pras\u012bbas, kas apdraud kvalitat\u012bvu pa\u0161vald\u012bbas funkciju veik\u0161anu.<\/p>\n<p>Valkas novada pa\u0161vald\u012bbas finan\u0161u situ\u0101ciju negat\u012bvi ietekm\u0113 ar\u012b vair\u0101k nek\u0101 1000 Igaunij\u0101 deklar\u0113tu Valkas iedz\u012bvot\u0101ju.<\/p>\n<p>M\u0113rs nor\u0101d\u012bjis, ka pa\u0161vald\u012bbai ir nodok\u013cu par\u0101ds un kav\u0113ti nor\u0113\u0137ini ar pieg\u0101d\u0101t\u0101jiem, tostarp siltumra\u017eot\u0101ju. Probl\u0113mas esot mantotas no iepriek\u0161\u0113jiem gadiem.<\/p>\n<p>Krauklis galveno iemeslu saskata administrat\u012bvi teritori\u0101laj\u0101 reform\u0101. S\u0101kotn\u0113ji reform\u0101\u00a0pied\u0101v\u0101ja Valku apvienot ar Nauk\u0161\u0113niem, Stren\u010diem un R\u016bjienu. Tas nenotika, bet netika atrisin\u0101ts ar\u012b jaut\u0101jums par Valk\u0101 dz\u012bvojo\u0161iem, ta\u010du Igaunij\u0101 deklar\u0113tiem valstspieder\u012bgajiem.<\/p>\n<blockquote>\n<p>Vi\u0146u neiek\u013cau\u0161ana apr\u0113\u0137inos ik gadu bud\u017eetam at\u0146em ap 400 000 l\u012bdz 500 000 eiro, lai gan \u0161ie cilv\u0113ki izmanto Valkas infrastrukt\u016bru un pakalpojumus.<\/p>\n<\/blockquote>\n<p>Pa\u0161vald\u012bba risin\u0101jumu pras\u012bjusi katru gadu, ta\u010du bez rezult\u0101ta.<\/p>\n","protected":false},"excerpt":{"rendered":"Valkas novada pa\u0161vald\u012bbai pa\u0161laik ir finan\u0161u gr\u016bt\u012bbas, bet l\u012bdz \u0161im iekav\u0113tos maks\u0101jumus l\u012bdz gada beig\u0101m var\u0113tu izdoties atrisin\u0101t.&hellip;\n","protected":false},"author":2,"featured_media":33867,"comment_status":"","ping_status":"","sticky":false,"template":"","format":"standard","meta":{"footnotes":""},"categories":[12],"tags":[23,28,29,32,33,22,30,31,35,39,38,36,37,34,40,20,26,27,24,25,21],"class_list":{"0":"post-33866","1":"post","2":"type-post","3":"status-publish","4":"format-standard","5":"has-post-thumbnail","7":"category-latvija","8":"tag-aktualitates","9":"tag-breaking-news","10":"tag-breakingnews","11":"tag-featured-news","12":"tag-featurednews","13":"tag-headlines","14":"tag-latest-news","15":"tag-latestnews","16":"tag-latvia","17":"tag-latvian","18":"tag-latviesu","19":"tag-latviesu-valoda","20":"tag-latviesuvaloda","21":"tag-latvija","22":"tag-lv","23":"tag-news","24":"tag-popularakas-zinas","25":"tag-popularakaszinas","26":"tag-top-stories","27":"tag-topstories","28":"tag-zinas"},"share_on_mastodon":{"url":"https:\/\/pubeurope.com\/@lv\/115455224893329033","error":""},"_links":{"self":[{"href":"https:\/\/www.europesays.com\/lv\/wp-json\/wp\/v2\/posts\/33866","targetHints":{"allow":["GET"]}}],"collection":[{"href":"https:\/\/www.europesays.com\/lv\/wp-json\/wp\/v2\/posts"}],"about":[{"href":"https:\/\/www.europesays.com\/lv\/wp-json\/wp\/v2\/types\/post"}],"author":[{"embeddable":true,"href":"https:\/\/www.europesays.com\/lv\/wp-json\/wp\/v2\/users\/2"}],"replies":[{"embeddable":true,"href":"https:\/\/www.europesays.com\/lv\/wp-json\/wp\/v2\/comments?post=33866"}],"version-history":[{"count":0,"href":"https:\/\/www.europesays.com\/lv\/wp-json\/wp\/v2\/posts\/33866\/revisions"}],"wp:featuredmedia":[{"embeddable":true,"href":"https:\/\/www.europesays.com\/lv\/wp-json\/wp\/v2\/media\/33867"}],"wp:attachment":[{"href":"https:\/\/www.europesays.com\/lv\/wp-json\/wp\/v2\/media?parent=33866"}],"wp:term":[{"taxonomy":"category","embeddable":true,"href":"https:\/\/www.europesays.com\/lv\/wp-json\/wp\/v2\/categories?post=33866"},{"taxonomy":"post_tag","embeddable":true,"href":"https:\/\/www.europesays.com\/lv\/wp-json\/wp\/v2\/tags?post=33866"}],"curies":[{"name":"wp","href":"https:\/\/api.w.org\/{rel}","templated":true}]}}