{"id":33874,"date":"2025-10-29T03:24:08","date_gmt":"2025-10-29T03:24:08","guid":{"rendered":"https:\/\/www.europesays.com\/lv\/33874\/"},"modified":"2025-10-29T03:24:08","modified_gmt":"2025-10-29T03:24:08","slug":"foto-ogre-bernudarza-darbiniekus-no-rita-parnem-liels-izbilis","status":"publish","type":"post","link":"https:\/\/www.europesays.com\/lv\/33874\/","title":{"rendered":"FOTO. Ogr\u0113 b\u0113rnud\u0101rza darbiniekus no r\u012bta p\u0101r\u0146em liels izb\u012blis"},"content":{"rendered":"<p>            Ogres PII &#8220;Strauti\u0146\u0161&#8221;<\/p>\n<p>\u201c\u0160or\u012bt, atn\u0101kot uz darbu, \u201cStrauti\u0146a\u201d darbiniekiem bija liels izb\u012blis un satraukums, jo vien\u0101 no grupi\u0146\u0101m bija pl\u012bsusi silt\u0101 \u016bdens caurule. Nekav\u0113joties tika izsaukti elektri\u0137i, lai atsl\u0113gtu elektr\u012bbas padevi pl\u016bdu skartaj\u0101s telp\u0101s un izv\u0113rt\u0113tu dro\u0161\u012bbu,\u201d \u0161\u0101da zi\u0146a ar uzskates materi\u0101liem no r\u012bta tika public\u0113ta Ogres pirmsskolas izgl\u012bt\u012bbas iest\u0101des \u201cStrauti\u0146\u0161\u201d \u201cFacebook\u201d kont\u0101. <\/p>\n<p>        Las\u012bt\u0101kie<br \/>\n        <a data-imagesrc=\"{&quot;300&quot;:&quot;https:\\\/\\\/lastatic.ams3.cdn.digitaloceanspaces.com\\\/2025\\\/10\\\/pexels-magda-ehlers-pexels-1329295-300x200.jpg&quot;,&quot;1024&quot;:&quot;https:\\\/\\\/lastatic.ams3.cdn.digitaloceanspaces.com\\\/2025\\\/10\\\/pexels-magda-ehlers-pexels-1329295-1024x683.jpg&quot;,&quot;1536&quot;:&quot;https:\\\/\\\/lastatic.ams3.cdn.digitaloceanspaces.com\\\/2025\\\/10\\\/pexels-magda-ehlers-pexels-1329295-1536x1024.jpg&quot;,&quot;500&quot;:&quot;https:\\\/\\\/lastatic.ams3.cdn.digitaloceanspaces.com\\\/2025\\\/10\\\/pexels-magda-ehlers-pexels-1329295-500x333.jpg&quot;,&quot;800&quot;:&quot;https:\\\/\\\/lastatic.ams3.cdn.digitaloceanspaces.com\\\/2025\\\/10\\\/pexels-magda-ehlers-pexels-1329295-800x533.jpg&quot;,&quot;2560&quot;:&quot;https:\\\/\\\/lastatic.ams3.cdn.digitaloceanspaces.com\\\/2025\\\/10\\\/pexels-magda-ehlers-pexels-1329295-scaled.jpg&quot;}\" data-focuspoint=\"&quot;&quot;\" data-p=\"2456926\" href=\"https:\/\/www.la.lv\/bagatiba-milestiba-vientuliba-atklaj-ko-tiesi-tava-telefona-numura-cipari-piesaista\" class=\"content-item lazy-load\" wp_automatic_readability=\"2\" rel=\"nofollow noopener\" target=\"_blank\"><\/p>\n<p>                                <img decoding=\"async\" src=\"\" alt=\"\" style=\"\" data-imageid=\"\"\/><\/p>\n<p>                                Kokteilis<\/p>\n<p>\n                                                Atkl\u0101j, ko tie\u0161i tava telefona numura cipari piesaista \u2013 bag\u0101t\u012bbu, m\u012blest\u012bbu vai prieku\n                            <\/p>\n<p><\/a><a data-imagesrc=\"{&quot;300&quot;:&quot;https:\\\/\\\/lastatic.ams3.cdn.digitaloceanspaces.com\\\/2025\\\/10\\\/Untitled-design-2-2-300x198.png&quot;,&quot;1024&quot;:&quot;https:\\\/\\\/lastatic.ams3.cdn.digitaloceanspaces.com\\\/2025\\\/10\\\/Untitled-design-2-2-1024x677.png&quot;,&quot;500&quot;:&quot;https:\\\/\\\/lastatic.ams3.cdn.digitaloceanspaces.com\\\/2025\\\/10\\\/Untitled-design-2-2-500x330.png&quot;,&quot;800&quot;:&quot;https:\\\/\\\/lastatic.ams3.cdn.digitaloceanspaces.com\\\/2025\\\/10\\\/Untitled-design-2-2-800x529.png&quot;,&quot;1342&quot;:&quot;https:\\\/\\\/lastatic.ams3.cdn.digitaloceanspaces.com\\\/2025\\\/10\\\/Untitled-design-2-2.png&quot;}\" data-focuspoint=\"&quot;&quot;\" data-p=\"2456965\" href=\"https:\/\/www.la.lv\/teica-kundzite-kura-brauca-bucoties-ar-putinu-vairas-vikes-freibergas-sacitais-par-stambulas-konvenciju-izraisa-viedoklu-viesulvetru\" class=\"content-item lazy-load\" wp_automatic_readability=\"2\" rel=\"nofollow noopener\" target=\"_blank\"><\/p>\n<p>                                <img decoding=\"async\" src=\"\" alt=\"\" style=\"\" data-imageid=\"\"\/><\/p>\n<p>                                            \u201cTeica kundz\u012bte, kura brauca bu\u010doties ar Putinu!\u201d Vairas V\u012b\u0137es-Freibergas sac\u012btais par Stambulas konvenciju izraisa viedok\u013cu viesu\u013cv\u0113tru<br \/>\n                                    3\n                            <\/p>\n<p><\/a><a data-imagesrc=\"{&quot;300&quot;:&quot;https:\\\/\\\/lastatic.ams3.cdn.digitaloceanspaces.com\\\/2025\\\/04\\\/numerology-concept-with-woman-fu-300x224.jpg&quot;,&quot;1024&quot;:&quot;https:\\\/\\\/lastatic.ams3.cdn.digitaloceanspaces.com\\\/2025\\\/04\\\/numerology-concept-with-woman-fu-1024x764.jpg&quot;,&quot;768&quot;:&quot;https:\\\/\\\/lastatic.ams3.cdn.digitaloceanspaces.com\\\/2025\\\/04\\\/numerology-concept-with-woman-fu-768x573.jpg&quot;,&quot;1536&quot;:&quot;https:\\\/\\\/lastatic.ams3.cdn.digitaloceanspaces.com\\\/2025\\\/04\\\/numerology-concept-with-woman-fu-1536x1145.jpg&quot;,&quot;2048&quot;:&quot;https:\\\/\\\/lastatic.ams3.cdn.digitaloceanspaces.com\\\/2025\\\/04\\\/numerology-concept-with-woman-fu-2048x1527.jpg&quot;,&quot;200&quot;:&quot;https:\\\/\\\/lastatic.ams3.cdn.digitaloceanspaces.com\\\/2025\\\/04\\\/numerology-concept-with-woman-fu-200x149.jpg&quot;,&quot;400&quot;:&quot;https:\\\/\\\/lastatic.ams3.cdn.digitaloceanspaces.com\\\/2025\\\/04\\\/numerology-concept-with-woman-fu-400x298.jpg&quot;,&quot;500&quot;:&quot;https:\\\/\\\/lastatic.ams3.cdn.digitaloceanspaces.com\\\/2025\\\/04\\\/numerology-concept-with-woman-fu-500x373.jpg&quot;,&quot;800&quot;:&quot;https:\\\/\\\/lastatic.ams3.cdn.digitaloceanspaces.com\\\/2025\\\/04\\\/numerology-concept-with-woman-fu-800x597.jpg&quot;,&quot;1000&quot;:&quot;https:\\\/\\\/lastatic.ams3.cdn.digitaloceanspaces.com\\\/2025\\\/04\\\/numerology-concept-with-woman-fu-1000x746.jpg&quot;,&quot;2560&quot;:&quot;https:\\\/\\\/lastatic.ams3.cdn.digitaloceanspaces.com\\\/2025\\\/04\\\/numerology-concept-with-woman-fu-scaled.jpg&quot;}\" data-focuspoint=\"&quot;&quot;\" data-p=\"2455147\" href=\"https:\/\/www.la.lv\/saja-vecuma-jusu-dzive-mainisies-uz-visiem-laikiem-numerologi-atklajusi-formulu-ka-aprekinat-savu-liktenigo-bridi\" class=\"content-item lazy-load\" wp_automatic_readability=\"2\" rel=\"nofollow noopener\" target=\"_blank\"><\/p>\n<p>                                <img decoding=\"async\" src=\"\" alt=\"\" style=\"\" data-imageid=\"\"\/><\/p>\n<p>                                Kokteilis<\/p>\n<p>\n                                                \u0160aj\u0101 vecum\u0101 j\u016bsu dz\u012bve main\u012bsies uz visiem laikiem: numerologi atkl\u0101ju\u0161i formulu, k\u0101 apr\u0113\u0137in\u0101t savu likten\u012bgo br\u012bdi\n                            <\/p>\n<p><\/a><br \/>\n        <a class=\"read-more\" href=\"https:\/\/www.la.lv\/top\" rel=\"nofollow noopener\" target=\"_blank\">Las\u012bt citas zi\u0146as<\/a><\/p>\n<p>Tur tika l\u016bgts b\u0113rnu vec\u0101kiem, kuriem ir iesp\u0113ja, patur\u0113t b\u0113rni\u0146us m\u0101j\u0101s. P\u0101r\u0113jie b\u0113rni tika pie\u0146emti un izvietoti grupi\u0146\u0101s, kuras pl\u016bdi nebija sk\u0101ru\u0161i. \u016adens nopl\u016bdes rezult\u0101t\u0101 cietusi Lapu ielas \u0113kas aktu z\u0101le un vad\u012bt\u0101jas kabinets, v\u0113st\u012bts publik\u0101cij\u0101. <\/p>\n<p>\u201cDienas gait\u0101 iest\u0101di apsekoja Ogres novada b\u016bvvaldes eksperti, lai konstat\u0113tu, vai b\u0113rnu uztur\u0113\u0161an\u0101s appl\u016bdu\u0161aj\u0101 grupas telp\u0101 ir dro\u0161a. T\u0101 secin\u0101ja, ka grupas telp\u0101 mitrums ir likvid\u0113ts, un b\u0113rnu uztur\u0113\u0161an\u0101s taj\u0101 ir dro\u0161a. Vissmag\u0101k cietu\u0161aj\u0101s telp\u0101s \u2013 z\u0101l\u0113 un vad\u012bt\u0101jas kabinet\u0101 \u2013 ir izvietoti mitruma sav\u0101c\u0113ji.\u201d<\/p>\n<p>    CITI \u0160OBR\u012aD LASA<\/p>\n<p>K\u0101du laiku b\u0113rni muzic\u0113s cit\u0101s telp\u0101s. Ar\u012b vad\u012bt\u0101jas darbs b\u016bs apgr\u016btin\u0101ts. Izgl\u012bt\u012bbas iest\u0101de pateikusies visiem darbiniekiem par pal\u012bdz\u012bbu telpu sakop\u0161an\u0101, slapjo pakl\u0101ju p\u0101rvieto\u0161an\u0101, k\u0101 ar\u012b vec\u0101kiem par sapratni!<\/p>\n<p>T\u0113mas<\/p>\n<p>    SAIST\u012aTIE RAKSTI<\/p>\n","protected":false},"excerpt":{"rendered":"Ogres PII &#8220;Strauti\u0146\u0161&#8221; \u201c\u0160or\u012bt, atn\u0101kot uz darbu, \u201cStrauti\u0146a\u201d darbiniekiem bija liels izb\u012blis un satraukums, jo vien\u0101 no grupi\u0146\u0101m&hellip;\n","protected":false},"author":2,"featured_media":33875,"comment_status":"","ping_status":"","sticky":false,"template":"","format":"standard","meta":{"footnotes":""},"categories":[12],"tags":[23,28,29,32,33,22,30,31,35,39,38,36,37,34,40,20,26,27,24,25,21],"class_list":{"0":"post-33874","1":"post","2":"type-post","3":"status-publish","4":"format-standard","5":"has-post-thumbnail","7":"category-latvija","8":"tag-aktualitates","9":"tag-breaking-news","10":"tag-breakingnews","11":"tag-featured-news","12":"tag-featurednews","13":"tag-headlines","14":"tag-latest-news","15":"tag-latestnews","16":"tag-latvia","17":"tag-latvian","18":"tag-latviesu","19":"tag-latviesu-valoda","20":"tag-latviesuvaloda","21":"tag-latvija","22":"tag-lv","23":"tag-news","24":"tag-popularakas-zinas","25":"tag-popularakaszinas","26":"tag-top-stories","27":"tag-topstories","28":"tag-zinas"},"share_on_mastodon":{"url":"https:\/\/pubeurope.com\/@lv\/115455319249377666","error":""},"_links":{"self":[{"href":"https:\/\/www.europesays.com\/lv\/wp-json\/wp\/v2\/posts\/33874","targetHints":{"allow":["GET"]}}],"collection":[{"href":"https:\/\/www.europesays.com\/lv\/wp-json\/wp\/v2\/posts"}],"about":[{"href":"https:\/\/www.europesays.com\/lv\/wp-json\/wp\/v2\/types\/post"}],"author":[{"embeddable":true,"href":"https:\/\/www.europesays.com\/lv\/wp-json\/wp\/v2\/users\/2"}],"replies":[{"embeddable":true,"href":"https:\/\/www.europesays.com\/lv\/wp-json\/wp\/v2\/comments?post=33874"}],"version-history":[{"count":0,"href":"https:\/\/www.europesays.com\/lv\/wp-json\/wp\/v2\/posts\/33874\/revisions"}],"wp:featuredmedia":[{"embeddable":true,"href":"https:\/\/www.europesays.com\/lv\/wp-json\/wp\/v2\/media\/33875"}],"wp:attachment":[{"href":"https:\/\/www.europesays.com\/lv\/wp-json\/wp\/v2\/media?parent=33874"}],"wp:term":[{"taxonomy":"category","embeddable":true,"href":"https:\/\/www.europesays.com\/lv\/wp-json\/wp\/v2\/categories?post=33874"},{"taxonomy":"post_tag","embeddable":true,"href":"https:\/\/www.europesays.com\/lv\/wp-json\/wp\/v2\/tags?post=33874"}],"curies":[{"name":"wp","href":"https:\/\/api.w.org\/{rel}","templated":true}]}}