{"id":33999,"date":"2025-10-29T06:48:10","date_gmt":"2025-10-29T06:48:10","guid":{"rendered":"https:\/\/www.europesays.com\/lv\/33999\/"},"modified":"2025-10-29T06:48:10","modified_gmt":"2025-10-29T06:48:10","slug":"peksni-vairs-nav-situacija-pie-satses-zabaka-ir-mieriga-bet-robezsargiem-raizes-dara-kaut-kas-cits","status":"publish","type":"post","link":"https:\/\/www.europesays.com\/lv\/33999\/","title":{"rendered":"&#8220;P\u0113k\u0161\u0146i vairs nav.&#8221; Situ\u0101cija pie S\u0101tses z\u0101baka ir mier\u012bga, bet robe\u017esargiem raizes dara kaut kas cits"},"content":{"rendered":"<p>S\u0101rep\u016b apstiprin\u0101ja, ka Krievijas vien\u012bba nerun\u0101ja ar Igaunijas robe\u017esargiem, kuri atrad\u0101s da\u017eu desmitu metru att\u0101lum\u0101 no vi\u0146iem, k\u0101 ar\u012b neizrais\u012bja konfliktu. Ta\u010du vi\u0146i prec\u012bzi saprata, kur atrodas.<\/p>\n<p>&#8220;S\u0101tses z\u0101baks&#8221; ir Krievijas teritorijas izvirz\u012bjums, kas iesniedzas Igaunijas Veru apri\u0146\u0137\u012b. To \u0161\u0137\u0113rso kilometru gar\u0161 ce\u013ca posms, ko igau\u0146i izmanto, lai neb\u016btu j\u0101veic apk\u0101rtce\u013c\u0161.<\/p>\n<p>Aptuveni 800 metru gar\u0161 ce\u013ca posms, ko p\u0101rsvar\u0101 izmanto viet\u0113jie iedz\u012bvot\u0101ji, \u0161\u0137\u0113rso Krievijai piedero\u0161o S\u0101tses z\u0101baku. \u0160o posmu var \u0161\u0137\u0113rsot tikai ar transportl\u012bdzekli un bez apst\u0101\u0161an\u0101s. Attiec\u012bg\u0101 vieno\u0161an\u0101s ar Krieviju tika nosl\u0113gta pirms agresijas kara s\u0101kuma Ukrain\u0101.<\/p>\n<p>Policijas un robe\u017esardzes departaments 10. oktobr\u012b sl\u0113dza \u0161os ce\u013ca posmus p\u0113c tam, kad &#8220;S\u0101tses z\u0101bak\u0101&#8221; tika nov\u0113rota Krievijas bru\u0146ota vien\u012bba.<\/p>\n<p>Vai papildsp\u0113ki, kas 10. oktobr\u012b tika izvietoti S\u0101tses z\u0101baka apgabal\u0101, joproj\u0101m tur atrodas?<\/p>\n","protected":false},"excerpt":{"rendered":"S\u0101rep\u016b apstiprin\u0101ja, ka Krievijas vien\u012bba nerun\u0101ja ar Igaunijas robe\u017esargiem, kuri atrad\u0101s da\u017eu desmitu metru att\u0101lum\u0101 no vi\u0146iem, k\u0101&hellip;\n","protected":false},"author":2,"featured_media":34000,"comment_status":"","ping_status":"","sticky":false,"template":"","format":"standard","meta":{"footnotes":""},"categories":[14],"tags":[23,57,28,29,32,33,22,73,234,30,31,35,39,38,36,37,34,40,71,20,26,27,6542,10132,10133,1529,6050,24,25,2238,1994,54,55,56,21,58],"class_list":{"0":"post-33999","1":"post","2":"type-post","3":"status-publish","4":"format-standard","5":"has-post-thumbnail","7":"category-zinas-no-arvalstim","8":"tag-aktualitates","9":"tag-arvalstim","10":"tag-breaking-news","11":"tag-breakingnews","12":"tag-featured-news","13":"tag-featurednews","14":"tag-headlines","15":"tag-igaunija","16":"tag-krievija","17":"tag-latest-news","18":"tag-latestnews","19":"tag-latvia","20":"tag-latvian","21":"tag-latviesu","22":"tag-latviesu-valoda","23":"tag-latviesuvaloda","24":"tag-latvija","25":"tag-lv","26":"tag-nato","27":"tag-news","28":"tag-popularakas-zinas","29":"tag-popularakaszinas","30":"tag-robezsardze","31":"tag-robezsargi","32":"tag-robezsargs","33":"tag-satiksme","34":"tag-satses-zabaks","35":"tag-top-stories","36":"tag-topstories","37":"tag-tvnet-arvalstis","38":"tag-video","39":"tag-world","40":"tag-world-news","41":"tag-worldnews","42":"tag-zinas","43":"tag-zinas-no-arvalstim"},"share_on_mastodon":{"url":"","error":"Validation failed: Text character limit of 500 exceeded"},"_links":{"self":[{"href":"https:\/\/www.europesays.com\/lv\/wp-json\/wp\/v2\/posts\/33999","targetHints":{"allow":["GET"]}}],"collection":[{"href":"https:\/\/www.europesays.com\/lv\/wp-json\/wp\/v2\/posts"}],"about":[{"href":"https:\/\/www.europesays.com\/lv\/wp-json\/wp\/v2\/types\/post"}],"author":[{"embeddable":true,"href":"https:\/\/www.europesays.com\/lv\/wp-json\/wp\/v2\/users\/2"}],"replies":[{"embeddable":true,"href":"https:\/\/www.europesays.com\/lv\/wp-json\/wp\/v2\/comments?post=33999"}],"version-history":[{"count":0,"href":"https:\/\/www.europesays.com\/lv\/wp-json\/wp\/v2\/posts\/33999\/revisions"}],"wp:featuredmedia":[{"embeddable":true,"href":"https:\/\/www.europesays.com\/lv\/wp-json\/wp\/v2\/media\/34000"}],"wp:attachment":[{"href":"https:\/\/www.europesays.com\/lv\/wp-json\/wp\/v2\/media?parent=33999"}],"wp:term":[{"taxonomy":"category","embeddable":true,"href":"https:\/\/www.europesays.com\/lv\/wp-json\/wp\/v2\/categories?post=33999"},{"taxonomy":"post_tag","embeddable":true,"href":"https:\/\/www.europesays.com\/lv\/wp-json\/wp\/v2\/tags?post=33999"}],"curies":[{"name":"wp","href":"https:\/\/api.w.org\/{rel}","templated":true}]}}