{"id":3400,"date":"2025-09-24T04:05:07","date_gmt":"2025-09-24T04:05:07","guid":{"rendered":"https:\/\/www.europesays.com\/lv\/3400\/"},"modified":"2025-09-24T04:05:07","modified_gmt":"2025-09-24T04:05:07","slug":"latvija-dzestrakais-rits-kops-pavasara-diena-gaidami-islaicigi-nokrisni","status":"publish","type":"post","link":"https:\/\/www.europesays.com\/lv\/3400\/","title":{"rendered":"Latvij\u0101 dzestr\u0101kais r\u012bts kop\u0161 pavasara. Dien\u0101 gaid\u0101mi \u012bslaic\u012bgi nokri\u0161\u0146i"},"content":{"rendered":"<p>Iepriek\u0161 tik zema gaisa temperat\u016bra bija maij\u0101. Nov\u0113rojumu stacij\u0101s temperat\u016bru m\u0113ra divu metru augstum\u0101, un z\u0101les virsk\u0101rt\u0101 t\u0101 m\u0113dz b\u016bt vair\u0101kus gr\u0101dus zem\u0101ka.<\/p>\n<p>M\u0101ko\u0146u maz, no zieme\u013ciem to k\u013c\u016bst vair\u0101k. Da\u017eviet \u012bslaic\u012bgi l\u012bst, vair\u0101k nokri\u0161\u0146u ir Vidzem\u0113.<\/p>\n<p>P\u016b\u0161 l\u0113ns l\u012bdz m\u0113rens rietumu v\u0113j\u0161, Vidzemes piekrast\u0113 tas pastiprin\u0101s, Aina\u017eos re\u0123istr\u0113tas br\u0101zmas l\u012bdz 15,5 metriem sekund\u0113. Gaisa kvalit\u0101te saglab\u0101jas laba.<\/p>\n<p>R\u012bg\u0101 r\u012bta agrum\u0101 neliels m\u0101ko\u0146u daudzums, p\u016b\u0161 l\u0113ns v\u0113j\u0161, pie j\u016bras &#8211; stipr\u0101ks rietumu, zieme\u013crietumu v\u0113j\u0161 ar br\u0101zm\u0101m l\u012bdz 13 metriem sekund\u0113. Gaisa temperat\u016bra no +7 gr\u0101diem lidost\u0101 l\u012bdz +12 gr\u0101diem Daugavgr\u012bv\u0101.<\/p>\n<p>Maksim\u0101l\u0101 gaisa temperat\u016bra otrdien Latvijas Vides, \u0123eolo\u0123ijas un meteorolo\u0123ijas centra nov\u0113rojumu t\u012bkl\u0101 bija no +14,0 gr\u0101diem Zos\u0113nos l\u012bdz +16,2 gr\u0101diem Daugavpil\u012b un Sta\u013c\u0123en\u0113.<\/p>\n<p>Augst\u0101k\u0101 gaisa temperat\u016bra Eirop\u0101 23.septembr\u012b bija +33..+34 gr\u0101di Balk\u0101nos un Krievijas dienvidos, k\u0101 ar\u012b +37 gr\u0101di Kipr\u0101. Zem\u0101k\u0101 gaisa temperat\u016bra nakt\u012b uz tre\u0161dienu -8 gr\u0101di Alpu kalnos.<\/p>\n","protected":false},"excerpt":{"rendered":"Iepriek\u0161 tik zema gaisa temperat\u016bra bija maij\u0101. Nov\u0113rojumu stacij\u0101s temperat\u016bru m\u0113ra divu metru augstum\u0101, un z\u0101les virsk\u0101rt\u0101 t\u0101&hellip;\n","protected":false},"author":2,"featured_media":3401,"comment_status":"","ping_status":"","sticky":false,"template":"","format":"standard","meta":{"footnotes":""},"categories":[5],"tags":[23,28,29,32,33,22,396,397,30,31,35,39,38,36,37,34,40,20,26,27,24,25,21],"class_list":{"0":"post-3400","1":"post","2":"type-post","3":"status-publish","4":"format-standard","5":"has-post-thumbnail","7":"category-aktualitates","8":"tag-aktualitates","9":"tag-breaking-news","10":"tag-breakingnews","11":"tag-featured-news","12":"tag-featurednews","13":"tag-headlines","14":"tag-laika-zinas","15":"tag-laikapstakli","16":"tag-latest-news","17":"tag-latestnews","18":"tag-latvia","19":"tag-latvian","20":"tag-latviesu","21":"tag-latviesu-valoda","22":"tag-latviesuvaloda","23":"tag-latvija","24":"tag-lv","25":"tag-news","26":"tag-popularakas-zinas","27":"tag-popularakaszinas","28":"tag-top-stories","29":"tag-topstories","30":"tag-zinas"},"share_on_mastodon":{"url":"","error":""},"_links":{"self":[{"href":"https:\/\/www.europesays.com\/lv\/wp-json\/wp\/v2\/posts\/3400","targetHints":{"allow":["GET"]}}],"collection":[{"href":"https:\/\/www.europesays.com\/lv\/wp-json\/wp\/v2\/posts"}],"about":[{"href":"https:\/\/www.europesays.com\/lv\/wp-json\/wp\/v2\/types\/post"}],"author":[{"embeddable":true,"href":"https:\/\/www.europesays.com\/lv\/wp-json\/wp\/v2\/users\/2"}],"replies":[{"embeddable":true,"href":"https:\/\/www.europesays.com\/lv\/wp-json\/wp\/v2\/comments?post=3400"}],"version-history":[{"count":0,"href":"https:\/\/www.europesays.com\/lv\/wp-json\/wp\/v2\/posts\/3400\/revisions"}],"wp:featuredmedia":[{"embeddable":true,"href":"https:\/\/www.europesays.com\/lv\/wp-json\/wp\/v2\/media\/3401"}],"wp:attachment":[{"href":"https:\/\/www.europesays.com\/lv\/wp-json\/wp\/v2\/media?parent=3400"}],"wp:term":[{"taxonomy":"category","embeddable":true,"href":"https:\/\/www.europesays.com\/lv\/wp-json\/wp\/v2\/categories?post=3400"},{"taxonomy":"post_tag","embeddable":true,"href":"https:\/\/www.europesays.com\/lv\/wp-json\/wp\/v2\/tags?post=3400"}],"curies":[{"name":"wp","href":"https:\/\/api.w.org\/{rel}","templated":true}]}}