{"id":34018,"date":"2025-10-29T07:07:08","date_gmt":"2025-10-29T07:07:08","guid":{"rendered":"https:\/\/www.europesays.com\/lv\/34018\/"},"modified":"2025-10-29T07:07:08","modified_gmt":"2025-10-29T07:07:08","slug":"tresdien-gaidams-nedaudz-saulainaks-laiks-diena","status":"publish","type":"post","link":"https:\/\/www.europesays.com\/lv\/34018\/","title":{"rendered":"Tre\u0161dien gaid\u0101ms nedaudz saulain\u0101ks laiks \/ Diena"},"content":{"rendered":"<p>Nakts b\u016bs p\u0101rsvar\u0101 m\u0101ko\u0146aina, daudzviet \u012bslaic\u012bgi l\u012bs. Viet\u0101m veidosies migla. P\u016b\u0161ot l\u0113nam dienvidu, dienvidrietumu v\u0113jam, gaisa temperat\u016bra pazemin\u0101sies l\u012bdz +3..+8 gr\u0101diem.<\/p>\n<p>&#13;<br \/>\n&#13;<\/p>\n<p>Dien\u0101, s\u0101kot no valsts rietumiem, m\u0101ko\u0146u k\u013c\u016bs maz\u0101k. Da\u017eviet Latvij\u0101 \u012bslaic\u012bgi l\u012bs. P\u016bt\u012bs l\u0113ns l\u012bdz m\u0113rens dienvidrietumu v\u0113j\u0161. Maksim\u0101l\u0101 gaisa temperat\u016bra b\u016bs +7..+11 gr\u0101di.<\/p>\n<p>&#13;<br \/>\n&#13;<\/p>\n<p>R\u012bg\u0101 tre\u0161dien nav gaid\u0101mi b\u016btiski nokri\u0161\u0146i un palaikam sp\u012bd\u0113s saule. P\u016bt\u012bs neliels dienvidu, dienvidrietumu v\u0113j\u0161. Gaisa temperat\u016bra nakt\u012b nosl\u012bd\u0113s l\u012bdz +5 gr\u0101diem, dien\u0101 termometra stabi\u0146\u0161 pak\u0101psies l\u012bdz +10 gr\u0101diem.<\/p>\n<p>&#13;<\/p>\n","protected":false},"excerpt":{"rendered":"Nakts b\u016bs p\u0101rsvar\u0101 m\u0101ko\u0146aina, daudzviet \u012bslaic\u012bgi l\u012bs. Viet\u0101m veidosies migla. P\u016b\u0161ot l\u0113nam dienvidu, dienvidrietumu v\u0113jam, gaisa temperat\u016bra pazemin\u0101sies&hellip;\n","protected":false},"author":2,"featured_media":34019,"comment_status":"","ping_status":"","sticky":false,"template":"","format":"standard","meta":{"footnotes":""},"categories":[12],"tags":[23,28,29,32,33,22,30,31,35,39,38,36,37,34,40,20,26,27,24,25,21],"class_list":{"0":"post-34018","1":"post","2":"type-post","3":"status-publish","4":"format-standard","5":"has-post-thumbnail","7":"category-latvija","8":"tag-aktualitates","9":"tag-breaking-news","10":"tag-breakingnews","11":"tag-featured-news","12":"tag-featurednews","13":"tag-headlines","14":"tag-latest-news","15":"tag-latestnews","16":"tag-latvia","17":"tag-latvian","18":"tag-latviesu","19":"tag-latviesu-valoda","20":"tag-latviesuvaloda","21":"tag-latvija","22":"tag-lv","23":"tag-news","24":"tag-popularakas-zinas","25":"tag-popularakaszinas","26":"tag-top-stories","27":"tag-topstories","28":"tag-zinas"},"share_on_mastodon":{"url":"https:\/\/pubeurope.com\/@lv\/115456196319936421","error":""},"_links":{"self":[{"href":"https:\/\/www.europesays.com\/lv\/wp-json\/wp\/v2\/posts\/34018","targetHints":{"allow":["GET"]}}],"collection":[{"href":"https:\/\/www.europesays.com\/lv\/wp-json\/wp\/v2\/posts"}],"about":[{"href":"https:\/\/www.europesays.com\/lv\/wp-json\/wp\/v2\/types\/post"}],"author":[{"embeddable":true,"href":"https:\/\/www.europesays.com\/lv\/wp-json\/wp\/v2\/users\/2"}],"replies":[{"embeddable":true,"href":"https:\/\/www.europesays.com\/lv\/wp-json\/wp\/v2\/comments?post=34018"}],"version-history":[{"count":0,"href":"https:\/\/www.europesays.com\/lv\/wp-json\/wp\/v2\/posts\/34018\/revisions"}],"wp:featuredmedia":[{"embeddable":true,"href":"https:\/\/www.europesays.com\/lv\/wp-json\/wp\/v2\/media\/34019"}],"wp:attachment":[{"href":"https:\/\/www.europesays.com\/lv\/wp-json\/wp\/v2\/media?parent=34018"}],"wp:term":[{"taxonomy":"category","embeddable":true,"href":"https:\/\/www.europesays.com\/lv\/wp-json\/wp\/v2\/categories?post=34018"},{"taxonomy":"post_tag","embeddable":true,"href":"https:\/\/www.europesays.com\/lv\/wp-json\/wp\/v2\/tags?post=34018"}],"curies":[{"name":"wp","href":"https:\/\/api.w.org\/{rel}","templated":true}]}}