{"id":34022,"date":"2025-10-29T07:13:13","date_gmt":"2025-10-29T07:13:13","guid":{"rendered":"https:\/\/www.europesays.com\/lv\/34022\/"},"modified":"2025-10-29T07:13:13","modified_gmt":"2025-10-29T07:13:13","slug":"kapec-ar-alinu-lastovsku-pulksten-12-intervija-ar-jrt-maksliniecisko-vaditaju-alvi-hermani","status":"publish","type":"post","link":"https:\/\/www.europesays.com\/lv\/34022\/","title":{"rendered":"&#8220;K\u0101p\u0113c&#8221; ar Alinu Lastovsku pulksten 12 \u2013 intervija ar JRT m\u0101ksliniecisko vad\u012bt\u0101ju Alvi Hermani"},"content":{"rendered":"<p>Jaun\u0101 R\u012bgas te\u0101tra (JRT) m\u0101kslinieciskais vad\u012bt\u0101js <a rel=\"noopener nofollow\" target=\"_blank\" href=\"https:\/\/www.delfi.lv\/temas\/40410413\/alvis-hermanis\" tag-id=\"40410413\">Alvis Hermanis<\/a> vienm\u0113r bijis akt\u012bvs viedok\u013ca paud\u0113js par da\u017e\u0101d\u0101m aktualit\u0101t\u0113m lok\u0101l\u0101 un glob\u0101l\u0101 m\u0113rog\u0101. Nu re\u017eisors nol\u0113mis piev\u0113rsties politikai un kop\u0101 ar domubiedriem rad\u012bjis jaunu politisku kust\u012bbu\/partiju &#8220;Bez partij\u0101m&#8221; ar m\u0113r\u0137i main\u012bt v\u0113l\u0113\u0161anu sist\u0113mu Latvij\u0101. Tre\u0161dien, 29. oktobr\u012b, pulksten 12 &#8220;Delfi TV&#8221; raid\u012bjum\u0101 <a rel=\"noopener nofollow\" target=\"_blank\" href=\"https:\/\/www.delfi.lv\/temas\/44185431\/kapec\" tag-id=\"44185431\">&#8220;K\u0101p\u0113c&#8221;<\/a> par te\u0101tri un politiku Hermani interv\u0113s \u017eurn\u0101liste Alina Lastovska.  <\/p>\n<p>Oktobr\u012b Hermanis pazi\u0146oja, ka kop\u0101 ar uz\u0146\u0113m\u0113ju <a rel=\"noopener nofollow\" target=\"_blank\" href=\"https:\/\/www.lsm.lv\/raksts\/zinas\/latvija\/23.02.2025-latvijas-doge-virzitajs-broks-vel-nav-sanemis-visu-naudu-par-krievija-pardotajiem-mikrokreditu-uznemumiem.a588958\/\" data-rel-date-range=\"[]\">Armandu Broku<\/a>, ekonomistu Guntaru V\u012btolu, Saeimas deput\u0101tu <a rel=\"noopener nofollow\" target=\"_blank\" href=\"https:\/\/www.delfi.lv\/temas\/50363563\/didzis-smits\" data-rel-date-range=\"[]\">Didzi \u0160mitu<\/a>, un gar\u012bdznieku, k\u0101dreiz\u0113jo &#8220;Saska\u0146as&#8221; Valsts prezidenta amata kandid\u0101tu P\u0113teri Spro\u0123i apvienoju\u0161ies ar nodomu rad\u012bt jaunu politisku kust\u012bbu\/partiju &#8220;Bez partij\u0101m&#8221;. Vi\u0146u m\u0113r\u0137is \u2013 main\u012bt v\u0113l\u0113\u0161anu sist\u0113mu un pan\u0101ktu, ka v\u0113l\u0113t\u0101ji balso par konkr\u0113tiem cilv\u0113kiem, nevis partiju sarakstiem. <\/p>\n<p class=\"m-0\">Seko &#8220;Delfi&#8221; ar\u012b  <a target=\"_blank\" href=\"https:\/\/www.instagram.com\/delfi.lv\/\" rel=\"nofollow noopener\">Instagram<\/a>  un <a target=\"_blank\" href=\"https:\/\/www.youtube.com\/channel\/UCw5foWtcJvAbUm64rv7jwUQ\" rel=\"nofollow noopener\">YouTube<\/a>  profil\u0101 \u2013 pievienojies, lai uzzin\u0101tu svar\u012bg\u0101ko un interesant\u0101ko pirmais!<\/p>\n<p>Publik\u0101cijas saturs vai t\u0101s jebk\u0101da apjoma da\u013ca ir aizsarg\u0101ts autorties\u012bbu objekts Autorties\u012bbu likuma izpratn\u0113, un t\u0101 izmanto\u0161ana bez izdev\u0113ja at\u013caujas ir aizliegta. Vair\u0101k lasi  <a target=\"_blank\" href=\"https:\/\/www.delfi.lv\/noteikumi#autortiesibas\" rel=\"nofollow noopener\">\u0161eit<\/a><script async src=\"\/\/www.instagram.com\/embed.js\"><\/script><\/p>\n","protected":false},"excerpt":{"rendered":"Jaun\u0101 R\u012bgas te\u0101tra (JRT) m\u0101kslinieciskais vad\u012bt\u0101js Alvis Hermanis vienm\u0113r bijis akt\u012bvs viedok\u013ca paud\u0113js par da\u017e\u0101d\u0101m aktualit\u0101t\u0113m lok\u0101l\u0101 un&hellip;\n","protected":false},"author":2,"featured_media":34023,"comment_status":"","ping_status":"","sticky":false,"template":"","format":"standard","meta":{"footnotes":""},"categories":[12],"tags":[23,5992,28,29,8665,32,33,22,5272,10137,30,31,35,39,38,36,37,34,40,20,4955,26,27,24,25,21],"class_list":{"0":"post-34022","1":"post","2":"type-post","3":"status-publish","4":"format-standard","5":"has-post-thumbnail","7":"category-latvija","8":"tag-aktualitates","9":"tag-alvis-hermanis","10":"tag-breaking-news","11":"tag-breakingnews","12":"tag-didzis-smits","13":"tag-featured-news","14":"tag-featurednews","15":"tag-headlines","16":"tag-jaunais-rigas-teatris","17":"tag-kapec","18":"tag-latest-news","19":"tag-latestnews","20":"tag-latvia","21":"tag-latvian","22":"tag-latviesu","23":"tag-latviesu-valoda","24":"tag-latviesuvaloda","25":"tag-latvija","26":"tag-lv","27":"tag-news","28":"tag-par-aktualo","29":"tag-popularakas-zinas","30":"tag-popularakaszinas","31":"tag-top-stories","32":"tag-topstories","33":"tag-zinas"},"share_on_mastodon":{"url":"https:\/\/pubeurope.com\/@lv\/115456219795826123","error":""},"_links":{"self":[{"href":"https:\/\/www.europesays.com\/lv\/wp-json\/wp\/v2\/posts\/34022","targetHints":{"allow":["GET"]}}],"collection":[{"href":"https:\/\/www.europesays.com\/lv\/wp-json\/wp\/v2\/posts"}],"about":[{"href":"https:\/\/www.europesays.com\/lv\/wp-json\/wp\/v2\/types\/post"}],"author":[{"embeddable":true,"href":"https:\/\/www.europesays.com\/lv\/wp-json\/wp\/v2\/users\/2"}],"replies":[{"embeddable":true,"href":"https:\/\/www.europesays.com\/lv\/wp-json\/wp\/v2\/comments?post=34022"}],"version-history":[{"count":0,"href":"https:\/\/www.europesays.com\/lv\/wp-json\/wp\/v2\/posts\/34022\/revisions"}],"wp:featuredmedia":[{"embeddable":true,"href":"https:\/\/www.europesays.com\/lv\/wp-json\/wp\/v2\/media\/34023"}],"wp:attachment":[{"href":"https:\/\/www.europesays.com\/lv\/wp-json\/wp\/v2\/media?parent=34022"}],"wp:term":[{"taxonomy":"category","embeddable":true,"href":"https:\/\/www.europesays.com\/lv\/wp-json\/wp\/v2\/categories?post=34022"},{"taxonomy":"post_tag","embeddable":true,"href":"https:\/\/www.europesays.com\/lv\/wp-json\/wp\/v2\/tags?post=34022"}],"curies":[{"name":"wp","href":"https:\/\/api.w.org\/{rel}","templated":true}]}}