{"id":34024,"date":"2025-10-29T07:14:07","date_gmt":"2025-10-29T07:14:07","guid":{"rendered":"https:\/\/www.europesays.com\/lv\/34024\/"},"modified":"2025-10-29T07:14:07","modified_gmt":"2025-10-29T07:14:07","slug":"butiski-ierobezo-krievijas-naftas-eksportu-diena","status":"publish","type":"post","link":"https:\/\/www.europesays.com\/lv\/34024\/","title":{"rendered":"B\u016btiski ierobe\u017eo Krievijas naftas eksportu \/ Diena"},"content":{"rendered":"<p>\t\t&#13;<\/p>\n<p>Pag\u0101ju\u0161aj\u0101 ned\u0113\u013c\u0101, 22. oktobr\u012b, ASV prezidents Donalds Tramps pazi\u0146oja par jaun\u0101m, pla\u0161\u0101m sankcij\u0101m pret div\u0101m no liel\u0101kaj\u0101m Krievijas naftas komp\u0101nij\u0101m\u00a0Ros\u0146eftj\u00a0un\u00a0Lukoil, cen\u0161oties piespiest Maskavu izbeigt karu Ukrain\u0101. L\u012bdz\u012bgas sankcijas pret ab\u0101m komp\u0101nij\u0101m jau noteikusi Lielbrit\u0101nija.<\/p>\n<p>&#13;<br \/>\n&#13;<\/p>\n<p>Sankcijas noteiktas dienu p\u0113c D. Trampa pazi\u0146ojuma, ka vi\u0146a iepriek\u0161 pl\u0101not\u0101 tik\u0161an\u0101s ar Krievijas diktatoru Vladimiru Putinu Budape\u0161t\u0101 tiek atlikta uz nenoteiktu laiku. P\u0113c \u0161\u0101 pazi\u0146ojuma strauji pieauga naftas cena \u2013 proti,\u00a0Brent\u00a0j\u0113lnaftas cena palielin\u0101j\u0101s par 3,5% \u2013 l\u012bdz 64,53 ASV dol\u0101riem (54,46 eiro) par barelu.<\/p>\n<p>&#13;<br \/>\n&#13;<\/p>\n<p>Rietumu ekonomisti un starptautisk\u0101s domn\u012bcas nor\u0101da, ka jaun\u0101s sankcijas ir absol\u016bti pareizas un t\u0101m var\u0113tu b\u016bt noz\u012bm\u012bga ietekme uz Krievijas ekonomiku. Vai t\u0101s izbeigs asi\u0146aino karu Ukrain\u0101, gan nav zin\u0101ms.<\/p>\n<p>&#13;<br \/>\n&#13;<\/p>\n<p>\u00a0<\/p>\n<p>&#13;<\/p>\n<p>Visu rakstu lasiet av\u012bzes Diena tre\u0161dienas, 29. oktobra, numur\u0101! Ja v\u0113laties laikraksta saturu turpm\u0101k las\u012bt druk\u0101t\u0101 form\u0101t\u0101, to iesp\u0113jams abon\u0113t <a href=\"https:\/&lt;b&gt;+&lt;\/strong&gt;&lt;\/p&gt;&#9;&#13;&#10;&#9;&#9;&#9;&lt;footer&gt;&#13;&#10;&#9;&#9;&lt;p&gt;&#13;&#10;&#9;&#9;&#9;&lt;strong&gt;&#13;&#10;&#9;&#9;&#9;&#9;Raksta pilno versiju var ieg\u0101d\u0101ties ar\u012b port\u0101l\u0101 Diena.lv - autoriz\u0113jies,  &lt;a href=\" https:=\"\" onclick=\"Diena.user.showLogin()\">klik\u0161\u0137inot \u0161eit!<\/a>&#13;<br \/>\n\t\t\t&#13;\n\t\t<\/p>\n<p class=\"paid-article-text__price\">&#13;<br \/>\n\t\t\tRaksta cena: \u20ac0.40&#13;\n\t\t<\/p>\n<p class=\"more\">&#13;<br \/>\n\t\t\t&#13;<br \/>\n\t\t\t<a target=\"_blank\" href=\"https:\/\/www.diena.lv\/maksas-saturs\" rel=\"nofollow noopener\">Vair\u0101k inform\u0101cijas<\/a>&#13;\n\t\t<\/p>\n","protected":false},"excerpt":{"rendered":"&#13; Pag\u0101ju\u0161aj\u0101 ned\u0113\u013c\u0101, 22. oktobr\u012b, ASV prezidents Donalds Tramps pazi\u0146oja par jaun\u0101m, pla\u0161\u0101m sankcij\u0101m pret div\u0101m no liel\u0101kaj\u0101m&hellip;\n","protected":false},"author":2,"featured_media":34025,"comment_status":"","ping_status":"","sticky":false,"template":"","format":"standard","meta":{"footnotes":""},"categories":[5],"tags":[23,28,29,32,33,22,30,31,35,39,38,36,37,34,40,20,26,27,24,25,21],"class_list":{"0":"post-34024","1":"post","2":"type-post","3":"status-publish","4":"format-standard","5":"has-post-thumbnail","7":"category-aktualitates","8":"tag-aktualitates","9":"tag-breaking-news","10":"tag-breakingnews","11":"tag-featured-news","12":"tag-featurednews","13":"tag-headlines","14":"tag-latest-news","15":"tag-latestnews","16":"tag-latvia","17":"tag-latvian","18":"tag-latviesu","19":"tag-latviesu-valoda","20":"tag-latviesuvaloda","21":"tag-latvija","22":"tag-lv","23":"tag-news","24":"tag-popularakas-zinas","25":"tag-popularakaszinas","26":"tag-top-stories","27":"tag-topstories","28":"tag-zinas"},"share_on_mastodon":{"url":"https:\/\/pubeurope.com\/@lv\/115456223682936958","error":""},"_links":{"self":[{"href":"https:\/\/www.europesays.com\/lv\/wp-json\/wp\/v2\/posts\/34024","targetHints":{"allow":["GET"]}}],"collection":[{"href":"https:\/\/www.europesays.com\/lv\/wp-json\/wp\/v2\/posts"}],"about":[{"href":"https:\/\/www.europesays.com\/lv\/wp-json\/wp\/v2\/types\/post"}],"author":[{"embeddable":true,"href":"https:\/\/www.europesays.com\/lv\/wp-json\/wp\/v2\/users\/2"}],"replies":[{"embeddable":true,"href":"https:\/\/www.europesays.com\/lv\/wp-json\/wp\/v2\/comments?post=34024"}],"version-history":[{"count":0,"href":"https:\/\/www.europesays.com\/lv\/wp-json\/wp\/v2\/posts\/34024\/revisions"}],"wp:featuredmedia":[{"embeddable":true,"href":"https:\/\/www.europesays.com\/lv\/wp-json\/wp\/v2\/media\/34025"}],"wp:attachment":[{"href":"https:\/\/www.europesays.com\/lv\/wp-json\/wp\/v2\/media?parent=34024"}],"wp:term":[{"taxonomy":"category","embeddable":true,"href":"https:\/\/www.europesays.com\/lv\/wp-json\/wp\/v2\/categories?post=34024"},{"taxonomy":"post_tag","embeddable":true,"href":"https:\/\/www.europesays.com\/lv\/wp-json\/wp\/v2\/tags?post=34024"}],"curies":[{"name":"wp","href":"https:\/\/api.w.org\/{rel}","templated":true}]}}