{"id":34042,"date":"2025-10-29T07:43:07","date_gmt":"2025-10-29T07:43:07","guid":{"rendered":"https:\/\/www.europesays.com\/lv\/34042\/"},"modified":"2025-10-29T07:43:07","modified_gmt":"2025-10-29T07:43:07","slug":"nevalstiskas-organizacijas-gatavas-turpinat-cinu-pret-izstasanos-no-stambulas-konvencijas","status":"publish","type":"post","link":"https:\/\/www.europesays.com\/lv\/34042\/","title":{"rendered":"Nevalstisk\u0101s organiz\u0101cijas gatavas turpin\u0101t c\u012b\u0146u pret izst\u0101\u0161anos no Stambulas konvencijas"},"content":{"rendered":"<p>Jon\u012bte atzina, ka pa\u0161laik nav lielu cer\u012bbu, ka nevalstisk\u0101s organiz\u0101cijas, kas iest\u0101jas pret izst\u0101\u0161anos no konvencijas, tiks uzklaus\u012btas, bet vi\u0146a cer, ka \u0161ovakar uz protesta akciju atn\u0101ks gana daudz cilv\u0113ku, lai uz politi\u0137iem tom\u0113r rad\u012btu zin\u0101mu spiedienu, lai vi\u0146i nesolidariz\u0113tos ar populismu un dezinform\u0101ciju.<\/p>\n<p>Pa\u0161laik politi\u0137i sabiedr\u012bbas p\u0101rst\u0101vju un ekspertu viedokl\u012b par Stambulas konvenciju neieklaus\u0101s un dialogs neveidojas, atzina &#8220;Martas&#8221; p\u0101rst\u0101ve, pieminot ar\u012b opoz\u012bcijas politi\u0137es Ramonas Petravi\u010das r\u012bc\u012bbu vien\u0101 no protesta akcij\u0101m, speci\u0101li provoc\u0113jot san\u0101ku\u0161os cilv\u0113kus uz asumiem, t\u0101 viet\u0101, lai veidotu dialogu.<\/p>\n<p>Saist\u012bb\u0101 ar izst\u0101\u0161an\u0101s procesu Jon\u012bti uztrauc ar\u012b virziens, kurp virz\u0101s valsts politika, tostarp veids, k\u0101 parlamenta san\u0101ksm\u0113s tiek lemts par \u0161o jaut\u0101jumu, jo tas neesot demokr\u0101tisks.<\/p>\n<p>&#8220;Martas&#8221; p\u0101rst\u0101ve uzsv\u0113ra, ka Latvijas Rietumu sabiedrotie potenci\u0101lo izst\u0101\u0161anos no starptautisk\u0101 dokumenta skat\u012bs k\u0101 Latvijas nepiekri\u0161anu konvencijas m\u0113r\u0137im, kas ir tikai un vien\u012bgi apkarot vardarb\u012bbu, nevis virkn\u0113 inform\u0101cijas burbu\u013cu izplat\u012bt\u0101s mu\u013c\u0137\u012bbas par &#8220;d\u017eenderiem&#8221; u.tml.<\/p>\n<p>Jon\u012bte atz\u012bm\u0113ja &#8211; ja ar vardarb\u012bbas problem\u0101tiku str\u0101d\u0101jo\u0161\u0101s organiz\u0101cijas netiks uzklaus\u012btas, t\u0101s arvien turpin\u0101s iest\u0101ties pret izst\u0101\u0161anos no konvencijas, iesp\u0113jams, r\u012bkos v\u0113l k\u0101dus protestus, tiks apsv\u0113rta iesp\u0113ja v\u0113rsties Satversmes ties\u0101 un tiks gaid\u012bts, k\u0101 \u0161aj\u0101 jaut\u0101jum\u0101 r\u012bkosies Valsts prezidents Edgars Rink\u0113vi\u010ds, pie kura akt\u012bvisti gras\u0101s v\u0113rsties.<\/p>\n<p>Tikm\u0113r eksprezidente Vaira V\u012b\u0137e-Freiberga soci\u0101lajos t\u012bklos ir uzsv\u0113rusi, ka jebkuru Saeimas deput\u0101tu, kur\u0161 balsos par Stambulas konvencijas denons\u0113\u0161anu, nov\u0113rt\u0113s k\u0101 Putina propagandas iespaidotu. &#8220;Te absol\u016bti sen vairs nav runa par \u0161\u012bs konvencijas saturisko b\u016bt\u012bbu. Nedr\u012bkstam krist lauk\u0101 no Eiropas v\u0113rt\u012bbu kodola,&#8221; pauda bijus\u012b prezidente.<\/p>\n<p>K\u0101 zi\u0146ots, opoz\u012bcija kop\u0101 ar Za\u013co un zemnieku savien\u012bbu Saeim\u0101 virza likumprojektu par Latvijas izst\u0101\u0161anos no Eiropas Padomes konvencijas par vardarb\u012bbas pret sieviet\u0113m un vardarb\u012bbas \u0123imen\u0113 nov\u0113r\u0161anu un apkaro\u0161anu jeb t\u0101 saukt\u0101s Stambulas konvencijas.<\/p>\n<p>Pie Saeimas \u0161odien plkst. 18 notiks protests pret Latvijas izst\u0101\u0161anos no Stambulas konvencijas.<\/p>\n","protected":false},"excerpt":{"rendered":"Jon\u012bte atzina, ka pa\u0161laik nav lielu cer\u012bbu, ka nevalstisk\u0101s organiz\u0101cijas, kas iest\u0101jas pret izst\u0101\u0161anos no konvencijas, tiks uzklaus\u012btas,&hellip;\n","protected":false},"author":2,"featured_media":34043,"comment_status":"","ping_status":"","sticky":false,"template":"","format":"standard","meta":{"footnotes":""},"categories":[12],"tags":[23,28,29,32,33,22,30,31,35,39,38,36,37,34,40,20,26,27,2023,24,25,21],"class_list":{"0":"post-34042","1":"post","2":"type-post","3":"status-publish","4":"format-standard","5":"has-post-thumbnail","7":"category-latvija","8":"tag-aktualitates","9":"tag-breaking-news","10":"tag-breakingnews","11":"tag-featured-news","12":"tag-featurednews","13":"tag-headlines","14":"tag-latest-news","15":"tag-latestnews","16":"tag-latvia","17":"tag-latvian","18":"tag-latviesu","19":"tag-latviesu-valoda","20":"tag-latviesuvaloda","21":"tag-latvija","22":"tag-lv","23":"tag-news","24":"tag-popularakas-zinas","25":"tag-popularakaszinas","26":"tag-stambulas-konvencija","27":"tag-top-stories","28":"tag-topstories","29":"tag-zinas"},"share_on_mastodon":{"url":"https:\/\/pubeurope.com\/@lv\/115456337745292266","error":""},"_links":{"self":[{"href":"https:\/\/www.europesays.com\/lv\/wp-json\/wp\/v2\/posts\/34042","targetHints":{"allow":["GET"]}}],"collection":[{"href":"https:\/\/www.europesays.com\/lv\/wp-json\/wp\/v2\/posts"}],"about":[{"href":"https:\/\/www.europesays.com\/lv\/wp-json\/wp\/v2\/types\/post"}],"author":[{"embeddable":true,"href":"https:\/\/www.europesays.com\/lv\/wp-json\/wp\/v2\/users\/2"}],"replies":[{"embeddable":true,"href":"https:\/\/www.europesays.com\/lv\/wp-json\/wp\/v2\/comments?post=34042"}],"version-history":[{"count":0,"href":"https:\/\/www.europesays.com\/lv\/wp-json\/wp\/v2\/posts\/34042\/revisions"}],"wp:featuredmedia":[{"embeddable":true,"href":"https:\/\/www.europesays.com\/lv\/wp-json\/wp\/v2\/media\/34043"}],"wp:attachment":[{"href":"https:\/\/www.europesays.com\/lv\/wp-json\/wp\/v2\/media?parent=34042"}],"wp:term":[{"taxonomy":"category","embeddable":true,"href":"https:\/\/www.europesays.com\/lv\/wp-json\/wp\/v2\/categories?post=34042"},{"taxonomy":"post_tag","embeddable":true,"href":"https:\/\/www.europesays.com\/lv\/wp-json\/wp\/v2\/tags?post=34042"}],"curies":[{"name":"wp","href":"https:\/\/api.w.org\/{rel}","templated":true}]}}