{"id":34074,"date":"2025-10-29T08:20:11","date_gmt":"2025-10-29T08:20:11","guid":{"rendered":"https:\/\/www.europesays.com\/lv\/34074\/"},"modified":"2025-10-29T08:20:11","modified_gmt":"2025-10-29T08:20:11","slug":"ar-kadiem-laikapstakliem-saksies-novembris-tvnet-laika-zinas","status":"publish","type":"post","link":"https:\/\/www.europesays.com\/lv\/34074\/","title":{"rendered":"Ar k\u0101diem laikapst\u0101k\u013ciem s\u0101ksies novembris? &#8211; TVNET &#8211; Laika zi\u0146as"},"content":{"rendered":"<ol>\n<li><a href=\"https:\/\/news.google.com\/rss\/articles\/CBMigAFBVV95cUxPZ3lSeGd0dkZFcjJ5NGJfX19iYlBpMWM5c2VWTGdkQ2phQzUyblk5OU53QWY0NVpHRzhFQkQ4WG1ndDVnVmQ1MVc5NFdRaW9WQldtLUVwY2NEN0V2Nng4NnJxUWdOWEcxcUpIWUthQ2RGbnlDSk5rMXdTYnNUZ0NjUg?oc=5\" target=\"_blank\" rel=\"nofollow noopener\">Ar k\u0101diem laikapst\u0101k\u013ciem s\u0101ksies novembris?<\/a>&nbsp;&nbsp;TVNET &#8211; Laika zi\u0146as<\/li>\n<li><a href=\"https:\/\/news.google.com\/rss\/articles\/CBMiuwFBVV95cUxPWE85Q2FZY1pMaDdOM3dGN09HYXhmcVBhczNNdTM4WkdIV1lRcnR6bDFwYXA2S0lSaFN1X0ZWbjlPQlVQUUJLcGxDTVdNV3JSSDBfc1d0cFJjVTBxYjd0azFFcWxla0VoZmo3ZmhBOU5LY0xfYlZSY09fdEF6VXBvWHMtdE5palZHMlBHbDNMXzJma3BsNlVfNzVHaWpJeWVLLUlKcWc1d1RLclRLTmtBTVc5eEtGR3Q4dHhZ?oc=5\" target=\"_blank\" rel=\"nofollow noopener\">Silts laiks turpin\u0101sies ar\u012b novembra pirmaj\u0101 pus\u0113 \/ Raksts<\/a>&nbsp;&nbsp;LSM<\/li>\n<li><a href=\"https:\/\/news.google.com\/rss\/articles\/CBMilwFBVV95cUxQNHBhQWZBRmNSOGpkTUU1TWQ0UXhiOUNlbUpmSDQ3ZXFsZHRRS3NGTHA1ODJKcG5OeXVMcTN0cHpRYi04cW5zeDhqd0ZwaXRxRlRnS0MxZzJiek5Ka0tJMDEwd1R5QTA5eDNJNnlObnl6S3ozNk9oTE8wQVVPQlYwQWx3RlQ1SnA0dDhpWDJ5TDB6Z0ZaNmVr?oc=5\" target=\"_blank\" rel=\"nofollow noopener\">Novembra s\u0101kum\u0101 gaid\u0101ms silts un br\u012b\u017eiem lietains laiks<\/a>&nbsp;&nbsp;Jauns.lv<\/li>\n<li><a href=\"https:\/\/news.google.com\/rss\/articles\/CBMi1gFBVV95cUxPU2tQNk9xV3BqU2JHdW1MaWRlZlQtTkdnSmtvakZxUEl2MFB4U3VMTmdqNUdsbG5yelU5TUJZcFpYaEgtXy1xWXEydlF5UVRFQ09RMjVzd0NKWGhLQkRJc3ZpYUpWMWhZSjB0TFU3MkdoeWJSVXlKdnh3ejlYQjlhaTRFODJCcjdmYzZveHdvc3hPT2FWRlcwWXhnejBocFBFZjE3UzlQQ3NsLTJHNWlSMTNyWGxlMktrSnljTy1FM3Jra0l0ZkRUSWtUb010NmtXYm5LN1d3?oc=5\" target=\"_blank\" rel=\"nofollow noopener\">&#8220;Oktobra beig\u0101s sniega stihijas ir biju\u0161as bie\u017ei!&#8221;: meteorologs Toms Bricis prognoz\u0113 laika apst\u0101k\u013cus \u0161ai ned\u0113\u013cai<\/a>&nbsp;&nbsp;Dzentlmenis.lv<\/li>\n<li><a href=\"https:\/\/news.google.com\/rss\/articles\/CBMiugFBVV95cUxPY3BSTnhXdHc0Y0J6dG1IWlFxODh0c1pzTnNLSVRJMXZBNFdXNjg5OElWODlfZkEyOUtFR001Qi1Ba2NrYkFkR1h0NjFvMWd2ZFpTemZDQXlaMU1COTMyWGw5WGlNMDFmQ1g3WWZ6UHVhaFJQYWdkcGFtQXlUWmQ5cUxtTnByTkxIcnBSbm9oYk9BdEFvc05vSUJMdFBsdjZreW1ERjdhc3ByS3hvcGdNbjd5OWY3S29xYWc?oc=5\" target=\"_blank\" rel=\"nofollow noopener\">Reiz\u0113m jau oktobr\u012b sniegs paraliz\u0113jis ikdienas dz\u012bvi Latvij\u0101<\/a>&nbsp;&nbsp;Latvijas Radio 1<\/li>\n<\/ol>\n","protected":false},"excerpt":{"rendered":"Ar k\u0101diem laikapst\u0101k\u013ciem s\u0101ksies novembris?&nbsp;&nbsp;TVNET &#8211; Laika zi\u0146as Silts laiks turpin\u0101sies ar\u012b novembra pirmaj\u0101 pus\u0113 \/ Raksts&nbsp;&nbsp;LSM Novembra&hellip;\n","protected":false},"author":2,"featured_media":31406,"comment_status":"","ping_status":"","sticky":false,"template":"","format":"standard","meta":{"footnotes":""},"categories":[5],"tags":[23,28,29,32,33,22,396,397,30,31,35,39,38,36,37,34,40,20,26,27,24,25,21],"class_list":{"0":"post-34074","1":"post","2":"type-post","3":"status-publish","4":"format-standard","5":"has-post-thumbnail","7":"category-aktualitates","8":"tag-aktualitates","9":"tag-breaking-news","10":"tag-breakingnews","11":"tag-featured-news","12":"tag-featurednews","13":"tag-headlines","14":"tag-laika-zinas","15":"tag-laikapstakli","16":"tag-latest-news","17":"tag-latestnews","18":"tag-latvia","19":"tag-latvian","20":"tag-latviesu","21":"tag-latviesu-valoda","22":"tag-latviesuvaloda","23":"tag-latvija","24":"tag-lv","25":"tag-news","26":"tag-popularakas-zinas","27":"tag-popularakaszinas","28":"tag-top-stories","29":"tag-topstories","30":"tag-zinas"},"share_on_mastodon":{"url":"https:\/\/pubeurope.com\/@lv\/115456483214556291","error":""},"_links":{"self":[{"href":"https:\/\/www.europesays.com\/lv\/wp-json\/wp\/v2\/posts\/34074","targetHints":{"allow":["GET"]}}],"collection":[{"href":"https:\/\/www.europesays.com\/lv\/wp-json\/wp\/v2\/posts"}],"about":[{"href":"https:\/\/www.europesays.com\/lv\/wp-json\/wp\/v2\/types\/post"}],"author":[{"embeddable":true,"href":"https:\/\/www.europesays.com\/lv\/wp-json\/wp\/v2\/users\/2"}],"replies":[{"embeddable":true,"href":"https:\/\/www.europesays.com\/lv\/wp-json\/wp\/v2\/comments?post=34074"}],"version-history":[{"count":0,"href":"https:\/\/www.europesays.com\/lv\/wp-json\/wp\/v2\/posts\/34074\/revisions"}],"wp:featuredmedia":[{"embeddable":true,"href":"https:\/\/www.europesays.com\/lv\/wp-json\/wp\/v2\/media\/31406"}],"wp:attachment":[{"href":"https:\/\/www.europesays.com\/lv\/wp-json\/wp\/v2\/media?parent=34074"}],"wp:term":[{"taxonomy":"category","embeddable":true,"href":"https:\/\/www.europesays.com\/lv\/wp-json\/wp\/v2\/categories?post=34074"},{"taxonomy":"post_tag","embeddable":true,"href":"https:\/\/www.europesays.com\/lv\/wp-json\/wp\/v2\/tags?post=34074"}],"curies":[{"name":"wp","href":"https:\/\/api.w.org\/{rel}","templated":true}]}}