{"id":34094,"date":"2025-10-29T08:41:06","date_gmt":"2025-10-29T08:41:06","guid":{"rendered":"https:\/\/www.europesays.com\/lv\/34094\/"},"modified":"2025-10-29T08:41:06","modified_gmt":"2025-10-29T08:41:06","slug":"degvielas-tirgus-latvija-saskaras-ar-nezinu-lente-lv","status":"publish","type":"post","link":"https:\/\/www.europesays.com\/lv\/34094\/","title":{"rendered":"degvielas tirgus Latvij\u0101 saskaras ar nezi\u0146u\u00a0\u2014\u00a0Lente.lv"},"content":{"rendered":"<p>Degvielas tirgus satricin\u0101jumi Latvij\u0101: sarunas par &#8220;Astarte-nafta&#8221; p\u0101rdo\u0161anu aptur\u0113tas<\/p>\n<p>Latvijas degvielas tirg\u016b \u0161obr\u012bd valda nezi\u0146a, jo viens no iev\u0113rojam\u0101kajiem sp\u0113l\u0113t\u0101jiem, SIA &#8220;Astarte-nafta&#8221;, ir pazi\u0146ojis par sarunu aptur\u0113\u0161anu ar &#8220;Circle K Latvia&#8221; attiec\u012bb\u0101 uz degvielas staciju t\u012bkla p\u0101rdo\u0161anu. \u0160\u012b zi\u0146a, ko izplat\u012bjis &#8220;Astarte-nafta&#8221; valdes priek\u0161s\u0113d\u0113t\u0101js Oj\u0101rs Kar\u010devskis, rada jaut\u0101jumus par turpm\u0101kajiem notikumiem degvielas nozar\u0113 un t\u0101s stabilit\u0101ti.<\/p>\n<p>Neveiksm\u012bg\u0101s p\u0101rrunas rada jaut\u0101jumus<\/p>\n<p>Lai gan ofici\u0101li nav sniegti detaliz\u0113ti iemesli sarunu p\u0101rtrauk\u0161anai, \u0161\u0101ds l\u0113mums liecina par nopietn\u0101m nesaska\u0146\u0101m vai izmai\u0146\u0101m dar\u012bjuma nosac\u012bjumos. Tiek pie\u013cauts, ka sarunas var\u0113tu b\u016bt izg\u0101zu\u0161\u0101s finansi\u0101lu jaut\u0101jumu d\u0113\u013c, vai ar\u012b k\u0101dai no pus\u0113m radu\u0161ies jauni strat\u0113\u0123iski apsv\u0113rumi, kas ne\u013cauj dar\u012bjumam virz\u012bties uz priek\u0161u. &#8220;Astarte-nafta&#8221; darb\u012bbas turpin\u0101\u0161ana neatkar\u012bgi no \u0161\u012b dar\u012bjuma ir skaidra zi\u0146a tirgum, ta\u010du joproj\u0101m paliek neatbild\u0113ts jaut\u0101jums par &#8220;Astarte-nafta&#8221; n\u0101kotnes strat\u0113\u0123iju un potenci\u0101lajiem dar\u012bjumiem citu tirgus dal\u012bbnieku vid\u016b.<\/p>\n<p>Ietekme uz degvielas tirgu un pat\u0113r\u0113t\u0101jiem<\/p>\n<p>\u0160\u0101ds pav\u0113rsiens degvielas tirg\u016b var\u0113tu rad\u012bt zin\u0101mu satraukumu gan konkurentu, gan ar\u012b galapat\u0113r\u0113t\u0101ju vid\u016b. &#8220;Astarte-nafta&#8221; ir sp\u0113c\u012bgs sp\u0113l\u0113t\u0101js, kura potenci\u0101l\u0101 p\u0101rdo\u0161ana vai strat\u0113\u0123isk\u0101s izmai\u0146as vienm\u0113r tiek uztvertas ar lielu interesi. Tirgus dal\u012bbnieki tagad uzman\u012bgi v\u0113ros, k\u0101 att\u012bst\u012bsies situ\u0101cija un vai tas ietekm\u0113s degvielas cenas vai pieejam\u012bbu Latvij\u0101. &#8220;Circle K Latvia&#8221; gan pagaid\u0101m nav sniedzis pla\u0161\u0101kus koment\u0101rus par \u0161o situ\u0101ciju, ta\u010du ir skaidrs, ka \u0161\u012b zi\u0146a nav bez sek\u0101m.<\/p>\n<p>Konkurences dinamika un n\u0101kotnes prognozes<\/p>\n<p>Degvielas tirgus Latvij\u0101 ir \u013coti konkur\u0113tsp\u0113j\u012bgs, un jebkuras izmai\u0146as taj\u0101 tiek r\u016bp\u012bgi analiz\u0113tas. &#8220;Astarte-nafta&#8221; darb\u012bbas p\u0101rtrauk\u0161ana sarun\u0101s ar &#8220;Circle K Latvia&#8221; var\u0113tu noz\u012bm\u0113t, ka uz\u0146\u0113mums mekl\u0113s citus att\u012bst\u012bbas ce\u013cus vai sadarb\u012bbas partnerus. Varb\u016bt uz\u0146\u0113mums piev\u0113rs\u012bsies iek\u0161\u0113jai izaugsmei, vai ar\u012bdosies citu strat\u0113\u0123isku so\u013cu virzien\u0101. Tirgus anal\u012bti\u0137i nor\u0101da, ka \u0161\u0101das neskaidr\u012bbas var rad\u012bt \u012bslaic\u012bgu nestabilit\u0101ti, bet kopum\u0101 degvielas pieg\u0101des \u0137\u0113dei nevajadz\u0113tu ciest. Tom\u0113r pat\u0113r\u0113t\u0101jiem ieteicams sekot l\u012bdzi degvielas cenu izmai\u0146\u0101m un izv\u0113rt\u0113t savus pirk\u0161anas paradumus.<\/p>\n<p>Papildu inform\u0101cija un anal\u012bze<\/p>\n<p>Lai gan oj\u0101rs Kar\u010devskis ir sniedzis s\u0101kotn\u0113jo inform\u0101ciju par sarunu aptur\u0113\u0161anu, joproj\u0101m past\u0101v daudz neatbild\u0113tu jaut\u0101jumu. K\u0101di ir tie konkr\u0113tie faktori, kas lika &#8220;Astarte-nafta&#8221; pie\u0146emt \u0161\u0101du l\u0113mumu? Vai ir iesp\u0113jams, ka sarunas tiks ats\u0101ktas n\u0101kotn\u0113, un k\u0101di nosac\u012bjumi tad var\u0113tu b\u016bt sp\u0113k\u0101? &#8220;Astarte-nafta&#8221; vad\u012bba sola sniegt pla\u0161\u0101ku inform\u0101ciju, kad t\u0101 b\u016bs pieejama, ta\u010du pagaid\u0101m tirgum n\u0101kas vien pie\u0146emt \u0161o negaid\u012bto pav\u0113rsienu k\u0101 da\u013cu no dinamisk\u0101s degvielas nozares att\u012bst\u012bbas.<\/p>\n","protected":false},"excerpt":{"rendered":"Degvielas tirgus satricin\u0101jumi Latvij\u0101: sarunas par &#8220;Astarte-nafta&#8221; p\u0101rdo\u0161anu aptur\u0113tas Latvijas degvielas tirg\u016b \u0161obr\u012bd valda nezi\u0146a, jo viens no&hellip;\n","protected":false},"author":2,"featured_media":34095,"comment_status":"","ping_status":"","sticky":false,"template":"","format":"standard","meta":{"footnotes":""},"categories":[16],"tags":[9736,77,76,10150,10151,5839,35,39,38,36,37,34,40],"class_list":{"0":"post-34094","1":"post","2":"type-post","3":"status-publish","4":"format-standard","5":"has-post-thumbnail","7":"category-bizness","8":"tag-astarte-nafta","9":"tag-bizness","10":"tag-business","11":"tag-circle-k-latvia","12":"tag-darijums","13":"tag-degvielas-tirgus","14":"tag-latvia","15":"tag-latvian","16":"tag-latviesu","17":"tag-latviesu-valoda","18":"tag-latviesuvaloda","19":"tag-latvija","20":"tag-lv"},"share_on_mastodon":{"url":"https:\/\/pubeurope.com\/@lv\/115456565801914163","error":""},"_links":{"self":[{"href":"https:\/\/www.europesays.com\/lv\/wp-json\/wp\/v2\/posts\/34094","targetHints":{"allow":["GET"]}}],"collection":[{"href":"https:\/\/www.europesays.com\/lv\/wp-json\/wp\/v2\/posts"}],"about":[{"href":"https:\/\/www.europesays.com\/lv\/wp-json\/wp\/v2\/types\/post"}],"author":[{"embeddable":true,"href":"https:\/\/www.europesays.com\/lv\/wp-json\/wp\/v2\/users\/2"}],"replies":[{"embeddable":true,"href":"https:\/\/www.europesays.com\/lv\/wp-json\/wp\/v2\/comments?post=34094"}],"version-history":[{"count":0,"href":"https:\/\/www.europesays.com\/lv\/wp-json\/wp\/v2\/posts\/34094\/revisions"}],"wp:featuredmedia":[{"embeddable":true,"href":"https:\/\/www.europesays.com\/lv\/wp-json\/wp\/v2\/media\/34095"}],"wp:attachment":[{"href":"https:\/\/www.europesays.com\/lv\/wp-json\/wp\/v2\/media?parent=34094"}],"wp:term":[{"taxonomy":"category","embeddable":true,"href":"https:\/\/www.europesays.com\/lv\/wp-json\/wp\/v2\/categories?post=34094"},{"taxonomy":"post_tag","embeddable":true,"href":"https:\/\/www.europesays.com\/lv\/wp-json\/wp\/v2\/tags?post=34094"}],"curies":[{"name":"wp","href":"https:\/\/api.w.org\/{rel}","templated":true}]}}