{"id":34104,"date":"2025-10-29T08:48:14","date_gmt":"2025-10-29T08:48:14","guid":{"rendered":"https:\/\/www.europesays.com\/lv\/34104\/"},"modified":"2025-10-29T08:48:14","modified_gmt":"2025-10-29T08:48:14","slug":"polija-pievienojas-saprasanas-memorandam-par-regionalo-sadarbibu-civilaja-aizsardziba","status":"publish","type":"post","link":"https:\/\/www.europesays.com\/lv\/34104\/","title":{"rendered":"Polija pievienojas Sapra\u0161an\u0101s memorandam par re\u0123ion\u0101lo sadarb\u012bbu civilaj\u0101 aizsardz\u012bb\u0101"},"content":{"rendered":"<p>Otrdien, 28. oktobr\u012b, Gda\u0146sk\u0101 Iek\u0161lietu ministrijas valsts sekret\u0101rs Dimitrijs Trofimovs, Igaunijas iek\u0161lietu ministrs Igors Taro, Lietuvas iek\u0161lietu viceministrs Gintaras Aliksandravi\u010dius un Polijas iek\u0161lietu un administr\u0101cijas ministrs Mar\u010dins Kervinskis (Marcin Kierwi\u0144ski) parakst\u012bja vieno\u0161anos par Polijas pievieno\u0161anos Sapra\u0161an\u0101s memorandam par re\u0123ion\u0101lo sadarb\u012bbu civilaj\u0101 aizsardz\u012bb\u0101. <\/p>\n<p>Iek\u0161lietu ministrijas valsts sekret\u0101rs Dimitrijs Trofimovs: \u201cBaltijas j\u016bras re\u0123iona valstu cie\u0161a sadarb\u012bba civil\u0101s aizsardz\u012bbas jom\u0101 ir noz\u012bm\u012bgs solis m\u016bsu iedz\u012bvot\u0101ju dro\u0161\u012bb\u0101.\u00a0 Polijas pievieno\u0161an\u0101s memorandam papla\u0161in\u0101s sadarb\u012bbas re\u0123ion\u0101lo tv\u0113rumu p\u0101rrobe\u017eu masveida evaku\u0101cijas pl\u0101no\u0161an\u0101 un p\u0101rvald\u012bb\u0101, k\u0101 ar\u012b citos civil\u0101s aizsardz\u012bbas jaut\u0101jumos\u201d.<\/p>\n<p>Sapra\u0161an\u0101s memorandu par re\u0123ion\u0101lo sadarb\u012bbu civilaj\u0101 aizsardz\u012bb\u0101 Latvijas, Igaunijas un Lietuvas iek\u0161lietu ministri parakst\u012bja \u0161ogad, 13. j\u016bnij\u0101, Luksemburg\u0101. Memoranda m\u0113r\u0137is ir veicin\u0101t re\u0123ion\u0101lo sadarb\u012bbu iek\u0161\u0113j\u0101s un p\u0101rrobe\u017eu masveida evaku\u0101cijas p\u0101rvald\u012bb\u0101, atbalstot kop\u012bgu masveida evaku\u0101cijas pl\u0101no\u0161anu un inform\u0101cijas apmai\u0146u.<\/p>\n<p>Sapra\u0161an\u0101s memorands paredz re\u0123ion\u0101l\u0101s koordin\u0101cijas sist\u0113mas att\u012bst\u012bbu, k\u0101 ar\u012b dal\u012b\u0161anos ar inform\u0101ciju par resursiem un sp\u0113j\u0101m, kas vajadz\u012bgas masveida evaku\u0101cijas nodro\u0161in\u0101\u0161anai. Apkopoto inform\u0101ciju pl\u0101nots iek\u013caut kop\u012bgi lietojam\u0101 inform\u0101cijas apmai\u0146as platform\u0101.<\/p>\n<p>Re\u0123ion\u0101l\u0101 sadarb\u012bba civil\u0101s aizsardz\u012bbas jaut\u0101jumos ir augsta priorit\u0101te, jo Eiropa saskaras ar jaunu realit\u0101ti, ko iez\u012bm\u0113 Krievijas neprovoc\u0113tais agresijas kar\u0161 pret Ukrainu, k\u0101 ar\u012b paaugstin\u0101ti riski, hibr\u012bddraudi un konvencion\u0101lie draudi.<\/p>\n<p>\u0100trai inform\u0101cijas apmai\u0146ai ir iz\u0161\u0137iro\u0161a noz\u012bme ne tikai kr\u012b\u017eu laik\u0101, bet ar\u012b gatavojoties iesp\u0113jam\u0101m kr\u012bz\u0113m, lai efekt\u012bvi \u012bstenotu prevent\u012bvus pas\u0101kumus un koordin\u0113tu inform\u0101cijas snieg\u0161anu sabiedr\u012bbai gan gatavojoties kr\u012bzei, gan t\u0101s laik\u0101.<\/p>\n<p>          <img decoding=\"async\" src=\"https:\/\/www.europesays.com\/lv\/wp-content\/uploads\/2025\/10\/1761133806_557_logo-lv.png\" alt=\"\"\/><\/p>\n<p>                  \u0160\u012b inform\u0101cija ir publisks pazi\u0146ojums un neatspogu\u013co LV port\u0101la viedokli. Par t\u0101s saturu atbild ies\u016bt\u012bt\u0101js. <a data-popup=\"rules\">Public\u0113\u0161anas noteikumi<\/a><\/p>\n","protected":false},"excerpt":{"rendered":"Otrdien, 28. oktobr\u012b, Gda\u0146sk\u0101 Iek\u0161lietu ministrijas valsts sekret\u0101rs Dimitrijs Trofimovs, Igaunijas iek\u0161lietu ministrs Igors Taro, Lietuvas iek\u0161lietu viceministrs&hellip;\n","protected":false},"author":2,"featured_media":29760,"comment_status":"","ping_status":"","sticky":false,"template":"","format":"standard","meta":{"footnotes":""},"categories":[14],"tags":[23,57,28,29,32,33,22,30,31,35,39,38,36,37,34,40,20,26,27,24,25,54,55,56,21,58],"class_list":{"0":"post-34104","1":"post","2":"type-post","3":"status-publish","4":"format-standard","5":"has-post-thumbnail","7":"category-zinas-no-arvalstim","8":"tag-aktualitates","9":"tag-arvalstim","10":"tag-breaking-news","11":"tag-breakingnews","12":"tag-featured-news","13":"tag-featurednews","14":"tag-headlines","15":"tag-latest-news","16":"tag-latestnews","17":"tag-latvia","18":"tag-latvian","19":"tag-latviesu","20":"tag-latviesu-valoda","21":"tag-latviesuvaloda","22":"tag-latvija","23":"tag-lv","24":"tag-news","25":"tag-popularakas-zinas","26":"tag-popularakaszinas","27":"tag-top-stories","28":"tag-topstories","29":"tag-world","30":"tag-world-news","31":"tag-worldnews","32":"tag-zinas","33":"tag-zinas-no-arvalstim"},"share_on_mastodon":{"url":"https:\/\/pubeurope.com\/@lv\/115456593425408278","error":""},"_links":{"self":[{"href":"https:\/\/www.europesays.com\/lv\/wp-json\/wp\/v2\/posts\/34104","targetHints":{"allow":["GET"]}}],"collection":[{"href":"https:\/\/www.europesays.com\/lv\/wp-json\/wp\/v2\/posts"}],"about":[{"href":"https:\/\/www.europesays.com\/lv\/wp-json\/wp\/v2\/types\/post"}],"author":[{"embeddable":true,"href":"https:\/\/www.europesays.com\/lv\/wp-json\/wp\/v2\/users\/2"}],"replies":[{"embeddable":true,"href":"https:\/\/www.europesays.com\/lv\/wp-json\/wp\/v2\/comments?post=34104"}],"version-history":[{"count":0,"href":"https:\/\/www.europesays.com\/lv\/wp-json\/wp\/v2\/posts\/34104\/revisions"}],"wp:featuredmedia":[{"embeddable":true,"href":"https:\/\/www.europesays.com\/lv\/wp-json\/wp\/v2\/media\/29760"}],"wp:attachment":[{"href":"https:\/\/www.europesays.com\/lv\/wp-json\/wp\/v2\/media?parent=34104"}],"wp:term":[{"taxonomy":"category","embeddable":true,"href":"https:\/\/www.europesays.com\/lv\/wp-json\/wp\/v2\/categories?post=34104"},{"taxonomy":"post_tag","embeddable":true,"href":"https:\/\/www.europesays.com\/lv\/wp-json\/wp\/v2\/tags?post=34104"}],"curies":[{"name":"wp","href":"https:\/\/api.w.org\/{rel}","templated":true}]}}