{"id":34105,"date":"2025-10-29T08:49:06","date_gmt":"2025-10-29T08:49:06","guid":{"rendered":"https:\/\/www.europesays.com\/lv\/34105\/"},"modified":"2025-10-29T08:49:06","modified_gmt":"2025-10-29T08:49:06","slug":"reformas-puscela-nepieciesama-politiska-griba-un-merktieciga-istenosana","status":"publish","type":"post","link":"https:\/\/www.europesays.com\/lv\/34105\/","title":{"rendered":"Reformas pusce\u013c\u0101: nepiecie\u0161ama politisk\u0101 griba un m\u0113r\u0137tiec\u012bga \u012bsteno\u0161ana"},"content":{"rendered":"<p>\u0100rvalstu investori nov\u0113rt\u0113 atkl\u0101tu dialogu ar vald\u012bbu un man\u0101mu reformu progresu, ta\u010du atz\u012bm\u0113, ka reformas bie\u017ei norit p\u0101r\u0101k l\u0113ni un progress nereti apst\u0101jas pusce\u013c\u0101. Turkl\u0101t investorus satrauc efekt\u012bvas p\u0101rvald\u012bbas tr\u016bkums un nepietiekami god\u012bgas konkurences nodro\u0161in\u0101\u0161ana, kas kav\u0113 invest\u012bciju piesaisti. \u0160ie un citi valsts konkur\u0113tsp\u0113ju un invest\u012bciju vidi ietekm\u0113jo\u0161i jaut\u0101jumi b\u016bs centr\u0101 \u0161\u012b gada FICIL 29. augsta l\u012bme\u0146a san\u0101ksm\u0113, kuras m\u0113r\u0137is ir kop\u012bgi rast risin\u0101jumus un stiprin\u0101t Latvijas konkur\u0113tsp\u0113ju re\u0123ion\u0101.<\/p>\n<p>\u0160ogad, 30. un 31. oktobr\u012b \u0100rvalstu investoru padome Latvij\u0101 (FICIL) r\u012bko 29. augsta l\u012bme\u0146a san\u0101ksmi starp investoriem un vald\u012bbu, kas Latvij\u0101 notiek kop\u0161 1999. gada un tiek organiz\u0113ta sadarb\u012bb\u0101 ar Latvijas Invest\u012bciju un att\u012bst\u012bbas a\u0123ent\u016bru (LIAA). \u0160oreiz uzman\u012bbas centr\u0101 t\u0113ma \u201cEfekt\u012bva p\u0101rvald\u012bba un god\u012bga konkurence: atsl\u0113ga invest\u012bciju piesaistei\u201d, kas nor\u0101da uz \u0101rvalstu investoru ba\u017e\u0101m par god\u012bgu konkurenci, publisko iepirkumu sist\u0113mas efektivit\u0101ti un labas p\u0101rvald\u012bbas principu ievie\u0161anu valsts p\u0101rvald\u0113. Par \u0161\u012bm t\u0113m\u0101m pirmaj\u0101 pas\u0101kuma dien\u0101 run\u0101s Ekonomikas ministrs \u2013 Viktors Valainis un Konkurences padomes loceklis \u2013 K\u0101rlis Pi\u0123\u0113ns, diskusijai pievienosies ar\u012b 30 citi augsta l\u012bme\u0146a valsts p\u0101rvaldes p\u0101rst\u0101vji. Diskusiju rezult\u0101ti tiks prezent\u0113ti Ministru kabinet\u0101 31. oktobr\u012b, kop\u0101 ar FICIL jaunajiem nost\u0101jas zi\u0146ojumiem, kas \u0161ogad sev\u012b ietver rekomend\u0101cijas \u010detr\u0101s jom\u0101s \u2013 cilv\u0113kkapit\u0101ls, valsts p\u0101rvaldes moderniz\u0101cija, \u0113nu ekonomikas apkaro\u0161ana un invest\u012bciju aizsardz\u012bba.<\/p>\n<p>Kop\u0161 p\u0113rn\u0101 gada Augsta l\u012bme\u0146a san\u0101ksmes starp FICIL un Latvijas vald\u012bbu, da\u013c\u0113ji ir izpild\u012btas 39 FICIL rekomend\u0101cijas un tikai 3 ir izpild\u012btas piln\u012bb\u0101. Neraugoties uz iev\u0113rojamu progresu un pan\u0101kumiem, \u0101rvalstu investori nov\u0113ro, ka bie\u017ei uzs\u0101kt\u0101s iniciat\u012bvas apst\u0101jas pusce\u013c\u0101. Izstr\u0101d\u0101t\u0101s strat\u0113\u0123ijas un izvirz\u012btie uzdevumi netiek izpild\u012bti, jo pietr\u016bkst konsekventas politisk\u0101s gribas, efekt\u012bvas un caurskat\u0101mas p\u0101rvald\u012bbas, un atbild\u012bgo instit\u016bciju r\u012bc\u012bbas. Tas rada sign\u0101lu investoriem, ka Latvija kav\u0113jas izmantot savu ekonomisko potenci\u0101lu, t\u0101dej\u0101di risk\u0113jot zaud\u0113t konkur\u0113tsp\u0113ju Baltijas re\u0123ion\u0101. Zem\u0101k sniegts \u012bss kopsavilkums par progresu FICIL rekomend\u0101ciju izpild\u0113 aktu\u0101laj\u0101s jom\u0101s.<\/p>\n<p>Cilv\u0113kkapit\u0101ls un p\u0101rkvalifik\u0101cija: Kop\u0161 iepriek\u0161\u0113j\u0101s Augsta l\u012bme\u0146a san\u0101ksmes tikai 2 rekomend\u0101cijas par\u0101d\u012bju\u0161as progresu, kas ir zem\u0101kais rad\u012bt\u0101js no vis\u0101m jom\u0101m. \u0160\u0101ds ierobe\u017eots progress ir \u013coti satrauco\u0161s, \u0146emot v\u0113r\u0101 cilv\u0113kkapit\u0101la noz\u012bmi ekonomik\u0101. T\u0101p\u0113c ir steidzami nepiecie\u0161ama liel\u0101ka izl\u0113m\u012bba un ilgtermi\u0146a invest\u012bcijas cilv\u0113kkapit\u0101l\u0101. Viena no centr\u0101laj\u0101m atzi\u0146\u0101m no FICIL Sentiment Index p\u0113t\u012bjuma \u2013 ja nav cilv\u0113ku, neb\u016bs ar\u012b ekonomikas. \u201cL\u0113nais progress cilv\u0113kkapit\u0101la att\u012bst\u012bb\u0101 r\u0101da, ka tas joproj\u0101m ir zema valsts strat\u0113\u0123isk\u0101 priorit\u0101te, neskatoties uz vald\u012bbas deklar\u0113taj\u0101m amb\u012bcij\u0101m valsts izaugsm\u0113,\u201d uzsver Claudio Rivera (FICIL Darbasp\u0113ka un p\u0101rkvalifik\u0101cijas darba grupas vad\u012bt\u0101js, RBS bakalaura programmu dibin\u0101t\u0101js un direktors). <\/p>\n<p> Valsts p\u0101rvaldes moderniz\u0101cija un digitaliz\u0101cija: Vald\u012bba p\u0113d\u0113j\u0101 gada laik\u0101 ir sp\u0113rusi vair\u0101kus so\u013cus moderniz\u0101cijas virzien\u0101, tostarp digitaliz\u0101cij\u0101, koppakalpojumu ievie\u0161an\u0101, administrat\u012bv\u0101s sist\u0113mas optimiz\u0101cij\u0101, instit\u016bciju koordin\u0101cijas uzlabo\u0161an\u0101 un uz rezult\u0101tu v\u0113rsta bud\u017eeta ievie\u0161an\u0101. FICIL atzin\u012bgi v\u0113rt\u0113 \u0161os centienus, tom\u0113r bie\u017ei \u012bstenotie pas\u0101kumi nerada praktisku p\u0101rmai\u0146u vai virz\u0101s p\u0101r\u0101k l\u0113ni. \u201cPublisk\u0101s p\u0101rvald\u012bbas reforma joproj\u0101m cie\u0161 no v\u0101ja vad\u012bbas atbalsta, \u0146emot v\u0113r\u0101 politikas veidot\u0101ju ierobe\u017eoto v\u0113lmi un gatav\u012bbu ieviest sist\u0113miskas un nepiecie\u0161amas p\u0101rmai\u0146as. No \u0101rvalstu investoru skatupunkta, uz rezult\u0101tu v\u0113rsta bud\u017eeta ievie\u0161ana ir absol\u016bti kritiska, lai paaugstin\u0101tu publisk\u0101 sektora efektivit\u0101ti, produktivit\u0101ti, atbild\u012bbu un caursp\u012bd\u012bgumu,\u201d nor\u0101da Reinis \u0100zis (FICIL Valsts p\u0101rvaldes moderniz\u0101cijas un digitaliz\u0101cijas darba grupas vad\u012bt\u0101js). <\/p>\n<p> \u0112nu ekonomikas apkaro\u0161ana: Ir sperti noz\u012bm\u012bgi so\u013ci, lai stiprin\u0101tu prokurat\u016bras atbild\u012bbu sare\u017e\u0123\u012btu izmekl\u0113\u0161anu gad\u012bjumos, paaugstin\u0101tu pas\u0101kumu efektivit\u0101ti naudas atmazg\u0101\u0161anas nov\u0113r\u0161an\u0101 un uzlabotu tehnolo\u0123iskos risin\u0101jumus, kas atbalsta datu apmai\u0146u starp izmekl\u0113\u0161anas instit\u016bcij\u0101m. Tom\u0113r \u201c\u0112nu ekonomikas ierobe\u017eo\u0161anas pl\u0101na 2024.\u20132027.\u201d \u012bsteno\u0161ana, kas paredz struktur\u0113tu ietvaru \u0113nu ekonomikas apkaro\u0161anai, nodok\u013cu administr\u0101cijas stiprin\u0101\u0161anai un nodok\u013cu atbilst\u012bbas veicin\u0101\u0161anai, notiek l\u0113ni. \u201cPl\u0101ns ir uzs\u0101kts, ta\u010du m\u0113s joproj\u0101m gaid\u0101m t\u0101 re\u0101lu iedz\u012bvin\u0101\u0161anu. Ar pl\u0101nu vien nepietiek &#8211; iz\u0161\u0137iro\u0161a ir koordin\u0113ta r\u012bc\u012bba un politisk\u0101 griba pan\u0101kt rezult\u0101tus,\u201d uzsver Evita Go\u0161a (FICIL \u0112nu ekonomikas apkaro\u0161anas darba grupas vad\u012bt\u0101ja, SCHWENK<br \/>Latvija vides un juridisko jaut\u0101jumu direktore). <\/p>\n<p> Invest\u012bciju aizsardz\u012bba: Ir iev\u0113rojams progress da\u017eu rekomend\u0101ciju izpild\u0113. Starp noz\u012bm\u012bg\u0101kajiem sasniegumiem j\u0101min priek\u0161likums par publisko iepirkumu reformu, k\u0101 ar\u012b Civillikuma groz\u012bjumi, kas papla\u0161ina Ekonomisk\u0101s tiesas kompetenci. Tom\u0113r jaut\u0101jumi par likumdo\u0161anas kvalit\u0101ti un valsts kapit\u0101lsabiedr\u012bbu p\u0101rvald\u012bbu joproj\u0101m paliek \u0101rpus politisk\u0101 fokusa, neskatoties uz investoru pieaugo\u0161aj\u0101m ba\u017e\u0101m par valsts kapit\u0101lisma paz\u012bm\u0113m. \u201cNodro\u0161in\u0101t vienl\u012bdz\u012bgas iesp\u0113jas starp priv\u0101tajiem investoriem un valsts vai pa\u0161vald\u012bbu kapit\u0101lsabiedr\u012bb\u0101m jau ilgsto\u0161i tiek uzskat\u012bts par b\u016btisku vesel\u012bgas invest\u012bciju vides elementu,\u201d nor\u0101da M\u0101ris Vainovskis (FICIL Invest\u012bciju aizsardz\u012bbas darba grupas vad\u012bt\u0101js, vec\u0101kais partneris Eversheds Sutherland Bit\u0101ns). <\/p>\n<p> Ener\u0123\u0113tika un ilgtsp\u0113ja: Klimata un ener\u0123\u0113tikas ministrija kop\u0161 2024. gada ir virz\u012bjusi vair\u0101kas noz\u012bm\u012bgas likumdo\u0161anas iniciat\u012bvas, ko investori augstu nov\u0113rt\u0113. Tom\u0113r virkne jaut\u0101jumu joproj\u0101m paliek neatrisin\u0101ti, jo pa\u0161reiz\u0113j\u0101s politisk\u0101s diskusijas par za\u013c\u0101s p\u0101rejas apjomu un tempu ir iesald\u0113ju\u0161as darbu ener\u0123\u0113tikas, vides aizsardz\u012bbas, dabas resursu apsaimnieko\u0161anas, CO\u2082 uztver\u0161anas, transport\u0113\u0161anas un uzglab\u0101\u0161anas jom\u0101s. Potenci\u0101la politisk\u0101 kursa mai\u0146a un neskaidr\u012bba negat\u012bvi ietekm\u0113 \u0101rvalstu investoru uztic\u012bbu un kav\u0113 pl\u0101notas invest\u012bcijas. L\u012bdz ar to, \u0161ogad ir pirm\u0101 reize, kad FICIL nesniegs nost\u0101jas zi\u0146ojumu vald\u012bbai \u0161aj\u0101 jom\u0101. Dace C\u012brule (FICIL Ener\u0123\u0113tikas un ilgtsp\u0113jas darba grupas vad\u012bt\u0101ja, partnere LarkLaw) uzsver, ka, lai gan \u0101rvalstu investori nerada \u0161aubas par aprites un za\u013c\u0101s ekonomikas p\u0101rejas nepiecie\u0161am\u012bbu, FICIL gaid\u012bs vald\u012bbas nost\u0101ju<br \/>par \u0161\u012bs p\u0101rejas priorit\u0101t\u0113m. <\/p>\n<p> Lai nodro\u0161in\u0101tu uzticamu un uz izaugsmi orient\u0113tu invest\u012bciju vidi, FICIL aicina vald\u012bbu prioritiz\u0113t ne tikai jaunu politisko dokumentu izstr\u0101di, bet ar\u012b jau pie\u0146emto likumu un strat\u0113\u0123isko dokumentu praktisku \u012bsteno\u0161anu. \u0100rvalstu investori apzin\u0101s, ka ce\u013c\u0161 uz noz\u012bm\u012bg\u0101m reform\u0101m nav viegls, un ir gatavi atbalst\u012bt vald\u012bbu, sniedzot savu ekspert\u012bzi un akt\u012bvi piedaloties risin\u0101jumu izstr\u0101d\u0113. Iz\u0161\u0137iro\u0161ais jaut\u0101jums ir \u2013 vai vald\u012bba ir gatava nepiecie\u0161amaj\u0101m reform\u0101m? <\/p>\n","protected":false},"excerpt":{"rendered":"\u0100rvalstu investori nov\u0113rt\u0113 atkl\u0101tu dialogu ar vald\u012bbu un man\u0101mu reformu progresu, ta\u010du atz\u012bm\u0113, ka reformas bie\u017ei norit p\u0101r\u0101k&hellip;\n","protected":false},"author":2,"featured_media":34106,"comment_status":"","ping_status":"","sticky":false,"template":"","format":"standard","meta":{"footnotes":""},"categories":[12],"tags":[23,28,29,32,33,22,30,31,35,39,38,36,37,34,40,20,26,27,24,25,21],"class_list":{"0":"post-34105","1":"post","2":"type-post","3":"status-publish","4":"format-standard","5":"has-post-thumbnail","7":"category-latvija","8":"tag-aktualitates","9":"tag-breaking-news","10":"tag-breakingnews","11":"tag-featured-news","12":"tag-featurednews","13":"tag-headlines","14":"tag-latest-news","15":"tag-latestnews","16":"tag-latvia","17":"tag-latvian","18":"tag-latviesu","19":"tag-latviesu-valoda","20":"tag-latviesuvaloda","21":"tag-latvija","22":"tag-lv","23":"tag-news","24":"tag-popularakas-zinas","25":"tag-popularakaszinas","26":"tag-top-stories","27":"tag-topstories","28":"tag-zinas"},"share_on_mastodon":{"url":"https:\/\/pubeurope.com\/@lv\/115456597407389386","error":""},"_links":{"self":[{"href":"https:\/\/www.europesays.com\/lv\/wp-json\/wp\/v2\/posts\/34105","targetHints":{"allow":["GET"]}}],"collection":[{"href":"https:\/\/www.europesays.com\/lv\/wp-json\/wp\/v2\/posts"}],"about":[{"href":"https:\/\/www.europesays.com\/lv\/wp-json\/wp\/v2\/types\/post"}],"author":[{"embeddable":true,"href":"https:\/\/www.europesays.com\/lv\/wp-json\/wp\/v2\/users\/2"}],"replies":[{"embeddable":true,"href":"https:\/\/www.europesays.com\/lv\/wp-json\/wp\/v2\/comments?post=34105"}],"version-history":[{"count":0,"href":"https:\/\/www.europesays.com\/lv\/wp-json\/wp\/v2\/posts\/34105\/revisions"}],"wp:featuredmedia":[{"embeddable":true,"href":"https:\/\/www.europesays.com\/lv\/wp-json\/wp\/v2\/media\/34106"}],"wp:attachment":[{"href":"https:\/\/www.europesays.com\/lv\/wp-json\/wp\/v2\/media?parent=34105"}],"wp:term":[{"taxonomy":"category","embeddable":true,"href":"https:\/\/www.europesays.com\/lv\/wp-json\/wp\/v2\/categories?post=34105"},{"taxonomy":"post_tag","embeddable":true,"href":"https:\/\/www.europesays.com\/lv\/wp-json\/wp\/v2\/tags?post=34105"}],"curies":[{"name":"wp","href":"https:\/\/api.w.org\/{rel}","templated":true}]}}