{"id":34107,"date":"2025-10-29T08:50:10","date_gmt":"2025-10-29T08:50:10","guid":{"rendered":"https:\/\/www.europesays.com\/lv\/34107\/"},"modified":"2025-10-29T08:50:10","modified_gmt":"2025-10-29T08:50:10","slug":"jau-sonedel-tiekamies-akordeona-muzikas-festivala-koncertos","status":"publish","type":"post","link":"https:\/\/www.europesays.com\/lv\/34107\/","title":{"rendered":"Jau \u0161oned\u0113\u013c tiekamies akordeona m\u016bzikas festiv\u0101la koncertos!"},"content":{"rendered":"<p>\t\t        \t<a href=\"https:\/\/www.daugavpils.lv\/assets\/upload\/news\/2025\/10\/lv-apvienotais-ork-001_max.jpg\" rel=\"nofollow noopener\" target=\"_blank\"><img decoding=\"async\" src=\"https:\/\/www.europesays.com\/lv\/wp-content\/uploads\/2025\/10\/lv-apvienotais-ork-001_sml.jpg\" class=\"news-image\" title=\"Jau \u0161oned\u0113\u013c tiekamies akordeona m\u016bzikas festiv\u0101la koncertos!\" alt=\"Jau \u0161oned\u0113\u013c tiekamies akordeona m\u016bzikas festiv\u0101la koncertos!\"\/><\/a><\/p>\n<p>\u0160aj\u0101 ned\u0113\u013cas nogal\u0113 no 31. oktobra l\u012bdz 2. novembrim Daugavpil\u012b norisin\u0101sies XIX Starptautiskais Akordeona m\u016bzikas festiv\u0101ls \u201eDaugavpils 2025\u201d.<\/p>\n<p>&#13;<\/p>\n<p>Tr\u012bs da\u017e\u0101dos koncertos festiv\u0101la apmekl\u0113tajiem b\u016bs iesp\u0113ja dzird\u0113t karalisko akordeonu gan k\u0101 solo instrumentu, gan k\u0101 kamersast\u0101va dal\u012bbnieku, gan ar\u012b sajust t\u0101 varenumu akordeonistu or\u0137estru kopska\u0146\u0101.<\/p>\n<p>&#13;<\/p>\n<p>Festiv\u0101lu atkl\u0101s Kamerm\u016bzikas koncerts Vien\u012bbas nama koncertz\u0101l\u0113 (R\u012bgas iel\u0101 22a) 31. oktobr\u012b plkst. 18.00. Taj\u0101 uzst\u0101sies divi ener\u0123iski dueti no Lietuvas. Dalia Sima\u0161ka (vijole) un Laimonas Salijus (akordeons) izpild\u012bjum\u0101 var\u0113s dzird\u0113t gan klasisko m\u016bziku, gan m\u016bsdien\u012bgu un novatorisku m\u016bziku, savuk\u0101rt otrs duets, kur\u0101 apvienoju\u0161ies d\u017eeza akordeonists Nerijus Bakula (akordeons) un jaun\u0101k\u0101s paaudzes \u010dig\u0101nu d\u017eeza \u0123it\u0101rists Aidas Tamulevi\u010dius (\u0123it\u0101ra), atkl\u0101s \u010dig\u0101nu d\u017eeza, svinga, tango un par\u012bzie\u0161u \u0161ansonu ska\u0146u burv\u012bbu. Ieejas bi\u013cetes cena ir 7,00 eiro.<\/p>\n<p>&#13;<\/p>\n<p>Festiv\u0101la koncertu virkni sestdien, 1. novembr\u012b, plkst. 17.00 Kult\u016bras pils koncertz\u0101l\u0113 (Smil\u0161u iel\u0101 92) turpin\u0101s Akordeonistu or\u0137estru koncerts. Jaud\u012bgo akordeonu kopska\u0146u or\u0137estros atkl\u0101s vair\u0101k nek\u0101 150 jauni, talant\u012bgi un rado\u0161i m\u016bzikas skolu, vidusskolu audz\u0113k\u0146i, akad\u0113miju studenti un vi\u0146u pedagogi no Latvijas un Lietuvas: Kau\u0146as apvienotais akordeonistu or\u0137estris (Lietuva) ar m\u016bzi\u0137iem no Var\u0113nas, Marijampoles, Vilkavi\u0161\u0137iem, Kau\u0146as (diri\u0123enti Renata Bakuliene, Irina \u0160erpytiene) un Latvijas apvienotais akordeonistu or\u0137estris ar m\u016bzi\u0137iem no Daugavpils, L\u012bv\u0101niem, J\u0113kabpils, P\u013cavi\u0146\u0101m, R\u0113zeknes, Zilupes, K\u0101rsavas, Balviem, \u0160po\u0123iem, Naujenes, Vi\u013c\u0101niem, J\u016brmalas, Lielv\u0101rdes (diri\u0123enti Vija Poik\u0101ne, Tatjana Jukuma, Art\u016brs Savickis, Zane Vanc\u0101ne, Tatjana Saratova). Koncerta solists \u2013 lietuvie\u0161u akordeonists Nerijus Bakula. Ieejas bi\u013cetes cena ir 5,00 eiro.<\/p>\n<p>&#13;<\/p>\n<p>Festiv\u0101la aktivit\u0101tes nosl\u0113gs Kamerm\u016bzikas koncerts M\u0101rti\u0146a Lutera katedr\u0101l\u0113 (18. novembra iela 66) 2. novembr\u012b plkst. 12.00. Skan\u012bgaj\u0101 katedr\u0101les akustik\u0101 akordeona ska\u0146as aicin\u0101s baud\u012bt instrument\u0101lais ansamblis \u201eExelsus\u201d (Zane Vanc\u0101ne, Arina Rogalevi\u010da, Igors Popovs, Ark\u0101dijs Kastjukovecs, Mihails Stepanovs) un akordeonistu kvartets \u201eQuattro Venti\u201d (Krist\u012bna Rusakovi\u010da, Anna Grebe\u017ea, Antons Piz\u0101ns un Tatjana Saratova). Ieeja koncert\u0101 ir bez maksas.<\/p>\n<p>&#13;<\/p>\n<p>Bi\u013cetes uz maksas pas\u0101kumiem var ieg\u0101d\u0101ties \u201eBi\u013ce\u0161u parad\u012bze\u201d kas\u0113s un internet\u0101.<\/p>\n<p>&#13;<\/p>\n<p>Festiv\u0101lu r\u012bko Daugavpils valstspils\u0113tas pa\u0161vald\u012bbas iest\u0101de \u201eVien\u012bbas nams\u201d, Latvijas akordeonistu asoci\u0101cija. Atbalsta: Daugavpils valstspils\u0113tas pa\u0161vald\u012bba.<br \/>Inform\u0113jam, ka festiv\u0101la koncerti tiek fotograf\u0113ti un film\u0113ti publicit\u0101tes un v\u0113sturiskaj\u0101m vajadz\u012bb\u0101m.<\/p>\n<p>&#13;<\/p>\n<p>Papildu inform\u0101cija:<br \/>DVPI \u201eVien\u012bbas nams\u201d<br \/>t.: +371 654 27552<\/p>\n","protected":false},"excerpt":{"rendered":"\u0160aj\u0101 ned\u0113\u013cas nogal\u0113 no 31. oktobra l\u012bdz 2. novembrim Daugavpil\u012b norisin\u0101sies XIX Starptautiskais Akordeona m\u016bzikas festiv\u0101ls \u201eDaugavpils 2025\u201d.&hellip;\n","protected":false},"author":2,"featured_media":26264,"comment_status":"","ping_status":"","sticky":false,"template":"","format":"standard","meta":{"footnotes":""},"categories":[5],"tags":[23,28,29,32,33,22,30,31,35,39,38,36,37,34,40,20,26,27,24,25,21],"class_list":{"0":"post-34107","1":"post","2":"type-post","3":"status-publish","4":"format-standard","5":"has-post-thumbnail","7":"category-aktualitates","8":"tag-aktualitates","9":"tag-breaking-news","10":"tag-breakingnews","11":"tag-featured-news","12":"tag-featurednews","13":"tag-headlines","14":"tag-latest-news","15":"tag-latestnews","16":"tag-latvia","17":"tag-latvian","18":"tag-latviesu","19":"tag-latviesu-valoda","20":"tag-latviesuvaloda","21":"tag-latvija","22":"tag-lv","23":"tag-news","24":"tag-popularakas-zinas","25":"tag-popularakaszinas","26":"tag-top-stories","27":"tag-topstories","28":"tag-zinas"},"share_on_mastodon":{"url":"https:\/\/pubeurope.com\/@lv\/115456601208345743","error":""},"_links":{"self":[{"href":"https:\/\/www.europesays.com\/lv\/wp-json\/wp\/v2\/posts\/34107","targetHints":{"allow":["GET"]}}],"collection":[{"href":"https:\/\/www.europesays.com\/lv\/wp-json\/wp\/v2\/posts"}],"about":[{"href":"https:\/\/www.europesays.com\/lv\/wp-json\/wp\/v2\/types\/post"}],"author":[{"embeddable":true,"href":"https:\/\/www.europesays.com\/lv\/wp-json\/wp\/v2\/users\/2"}],"replies":[{"embeddable":true,"href":"https:\/\/www.europesays.com\/lv\/wp-json\/wp\/v2\/comments?post=34107"}],"version-history":[{"count":0,"href":"https:\/\/www.europesays.com\/lv\/wp-json\/wp\/v2\/posts\/34107\/revisions"}],"wp:featuredmedia":[{"embeddable":true,"href":"https:\/\/www.europesays.com\/lv\/wp-json\/wp\/v2\/media\/26264"}],"wp:attachment":[{"href":"https:\/\/www.europesays.com\/lv\/wp-json\/wp\/v2\/media?parent=34107"}],"wp:term":[{"taxonomy":"category","embeddable":true,"href":"https:\/\/www.europesays.com\/lv\/wp-json\/wp\/v2\/categories?post=34107"},{"taxonomy":"post_tag","embeddable":true,"href":"https:\/\/www.europesays.com\/lv\/wp-json\/wp\/v2\/tags?post=34107"}],"curies":[{"name":"wp","href":"https:\/\/api.w.org\/{rel}","templated":true}]}}