{"id":34117,"date":"2025-10-29T09:01:12","date_gmt":"2025-10-29T09:01:12","guid":{"rendered":"https:\/\/www.europesays.com\/lv\/34117\/"},"modified":"2025-10-29T09:01:12","modified_gmt":"2025-10-29T09:01:12","slug":"vins-bija-neadekvats-citroen-uz-bauskas-sosejas-tarane-visu-iespejamo-santa","status":"publish","type":"post","link":"https:\/\/www.europesays.com\/lv\/34117\/","title":{"rendered":"\u00abVi\u0146\u0161 bija neadekv\u0101ts!\u00bb \u2013 \u00abCitroen\u00bb uz Bauskas \u0161osejas taran\u0113 visu iesp\u0113jamo \u2014 Santa"},"content":{"rendered":"<p>Saska\u0146\u0101 ar s\u0101kotn\u0113jo inform\u0101ciju, vad\u012bt\u0101js nezin\u0101mu iemeslu d\u0113\u013c zaud\u0113jis kontroli p\u0101r transportl\u012bdzekli. Automa\u0161\u012bna vispirms iebraukusi gr\u0101v\u012b, bet p\u0113c neilga br\u012b\u017ea taran\u0113ja ce\u013ca infrastrukt\u016bras objektus un st\u0101vo\u0161as automa\u0161\u012bnas. Turpinot braukt pa g\u0101j\u0113ju ietvi, automa\u0161\u012bna nesekm\u012bgi iebrauca ap\u013cveida krustojum\u0101, visbeidzot apst\u0101joties p\u0113c sadursmes ar koku.<\/p>\n<p>Br\u012bdin\u0101jums \u2013 video dzirdama necenz\u0113ta leksika.<\/p>\n<p>        <img decoding=\"async\" class=\"no-convert\" alt=\"\" data-init=\"lazy-image\" src=\"https:\/\/www.europesays.com\/lv\/wp-content\/uploads\/2025\/10\/92c8128d8926.jpg\"\/><a target=\"_self\" href=\"https:\/\/www.santa.lv\/raksts\/personibas\/manam-_bembim_-prieksa-lupatas-_carnival-youth_-muzikis-piedzivojis-avariju-78000\/\" aria-label=\"\u00abManam &lt;em&gt;bembim&lt;\/em&gt; priek\u0161a lupat\u0101s\u2026\u00bb &lt;em&gt;Carnival Youth&lt;\/em&gt; m\u016bzi\u0137is piedz\u012bvojis av\u0101riju\" rel=\"nofollow noopener\"><img decoding=\"async\" class=\"no-convert\" alt=\"\" data-init=\"lazy-image\" src=\"https:\/\/www.europesays.com\/lv\/wp-content\/uploads\/2025\/10\/f55cd7ded047.jpg\"\/><a target=\"_self\" href=\"https:\/\/www.santa.lv\/raksts\/personibas\/virga-nekad-neaizmirsis-dienu-kad-tragedija-izdzesa-kigela-dzivibu.-aprit-tiesi-40-gadi-77675\/\" aria-label=\"Virga nekad neaizmirs\u012bs dienu, kad tra\u0123\u0113dija izdz\u0113sa \u0136i\u0123e\u013ca dz\u012bv\u012bbu. Aprit tie\u0161i 40 gadi\u2026\" rel=\"nofollow noopener\"><\/p>\n<p>Marta Kalni\u0146a<\/p>\n","protected":false},"excerpt":{"rendered":"Saska\u0146\u0101 ar s\u0101kotn\u0113jo inform\u0101ciju, vad\u012bt\u0101js nezin\u0101mu iemeslu d\u0113\u013c zaud\u0113jis kontroli p\u0101r transportl\u012bdzekli. Automa\u0161\u012bna vispirms iebraukusi gr\u0101v\u012b, bet p\u0113c&hellip;\n","protected":false},"author":2,"featured_media":34118,"comment_status":"","ping_status":"","sticky":false,"template":"","format":"standard","meta":{"footnotes":""},"categories":[12],"tags":[23,28,29,32,33,22,30,31,35,39,38,36,37,34,40,20,26,27,24,25,21],"class_list":{"0":"post-34117","1":"post","2":"type-post","3":"status-publish","4":"format-standard","5":"has-post-thumbnail","7":"category-latvija","8":"tag-aktualitates","9":"tag-breaking-news","10":"tag-breakingnews","11":"tag-featured-news","12":"tag-featurednews","13":"tag-headlines","14":"tag-latest-news","15":"tag-latestnews","16":"tag-latvia","17":"tag-latvian","18":"tag-latviesu","19":"tag-latviesu-valoda","20":"tag-latviesuvaloda","21":"tag-latvija","22":"tag-lv","23":"tag-news","24":"tag-popularakas-zinas","25":"tag-popularakaszinas","26":"tag-top-stories","27":"tag-topstories","28":"tag-zinas"},"share_on_mastodon":{"url":"https:\/\/pubeurope.com\/@lv\/115456644578955587","error":""},"_links":{"self":[{"href":"https:\/\/www.europesays.com\/lv\/wp-json\/wp\/v2\/posts\/34117","targetHints":{"allow":["GET"]}}],"collection":[{"href":"https:\/\/www.europesays.com\/lv\/wp-json\/wp\/v2\/posts"}],"about":[{"href":"https:\/\/www.europesays.com\/lv\/wp-json\/wp\/v2\/types\/post"}],"author":[{"embeddable":true,"href":"https:\/\/www.europesays.com\/lv\/wp-json\/wp\/v2\/users\/2"}],"replies":[{"embeddable":true,"href":"https:\/\/www.europesays.com\/lv\/wp-json\/wp\/v2\/comments?post=34117"}],"version-history":[{"count":0,"href":"https:\/\/www.europesays.com\/lv\/wp-json\/wp\/v2\/posts\/34117\/revisions"}],"wp:featuredmedia":[{"embeddable":true,"href":"https:\/\/www.europesays.com\/lv\/wp-json\/wp\/v2\/media\/34118"}],"wp:attachment":[{"href":"https:\/\/www.europesays.com\/lv\/wp-json\/wp\/v2\/media?parent=34117"}],"wp:term":[{"taxonomy":"category","embeddable":true,"href":"https:\/\/www.europesays.com\/lv\/wp-json\/wp\/v2\/categories?post=34117"},{"taxonomy":"post_tag","embeddable":true,"href":"https:\/\/www.europesays.com\/lv\/wp-json\/wp\/v2\/tags?post=34117"}],"curies":[{"name":"wp","href":"https:\/\/api.w.org\/{rel}","templated":true}]}}