{"id":34120,"date":"2025-10-29T09:03:07","date_gmt":"2025-10-29T09:03:07","guid":{"rendered":"https:\/\/www.europesays.com\/lv\/34120\/"},"modified":"2025-10-29T09:03:07","modified_gmt":"2025-10-29T09:03:07","slug":"tv3-sova-spozi-mirdz-ari-leldes-dreimanes-bijusais-kurs-aktrisi-vairs-nevelas-redzet","status":"publish","type":"post","link":"https:\/\/www.europesays.com\/lv\/34120\/","title":{"rendered":"TV3 \u0161ov\u0101 spo\u017ei mirdz ar\u012b Leldes Dreimanes biju\u0161ais, kur\u0161 aktrisi vairs nev\u0113las redz\u0113t"},"content":{"rendered":"<p>K\u0101 zi\u0146oja mediji, \u0161o attiec\u012bbu laik\u0101 \u0112riks Leldi vair\u0101kk\u0101rt bildin\u0101jis un visas reizes sa\u0146\u0113mis j\u0101v\u0101rdu, ta\u010du p\u0101ris t\u0101 ar\u012b neapprec\u0113j\u0101s.<\/p>\n<p>P\u0113d\u0113jo reizi un uz visiem laikiem abi iz\u0161\u0137\u012br\u0101s pag\u0101ju\u0161\u0101 gada ruden\u012b, un toreiz \u0112riks izteic\u0101s, ka p\u0101r\u0161\u0137ir jaunu savas dz\u012bves lapu un dodas uz Ameriku.<\/p>\n<p>Izdevumam \u201cPriv\u0101t\u0101 dz\u012bve\u201d vi\u0146\u0161 nesl\u0113pa, ka \u0161\u0137ir\u0161an\u0101s neesot bijusi no vieglaj\u0101m, jo abi esot l\u012bdz\u012bgi cilv\u0113ki, un m\u012blest\u012bba esot tik liela, ka nav iesp\u0113jams sadz\u012bvot: kop\u0101 ir gr\u016bti, bet \u0161\u0137irti \u2013 neizturami.<\/p>\n<p>\u0160ov\u0101 \u201cGrie\u0137ijas br\u012bvdienas\u201d \u0112riks ir viens no l\u012bderiem. Vi\u0146\u0161 tiek pieteikts k\u0101 biju\u0161ais hokejists, kur\u0161 tagad vada savu pav\u0101rm\u0101kslas uz\u0146\u0113mumu un \u012bpa\u0161i iecien\u012bjis da\u017e\u0101dus ga\u013cas pagatavo\u0161anas veidus, ko demonstr\u0113 ar\u012b \u0161ov\u0101 \u2013 \u0161\u0137iet, nav \u0113diena, ko \u0112riks nepaz\u012btu un nesp\u0113tu pagatavot.<\/p>\n<p>K\u0101 \u017eurn\u0101lam \u201cKas Jauns\u201d \u0161oruden past\u0101st\u012bjis \u0112riks, vi\u0146\u0161 joproj\u0101m esot br\u012bvs. T\u0101pat \u0112riks \u017eurn\u0101lam atkl\u0101ti nor\u0101d\u012bjis, ka Leldi Dreimani vairs nev\u0113loties redz\u0113t, t\u0101p\u0113c pat izvair\u0101s apmekl\u0113t te\u0101tra izr\u0101des ar biju\u0161\u0101s dal\u012bbu un neskat\u0101s \u201cRandi\u0146\u0161 ar div\u0101m\u201d, kur Lelde \u0161obr\u012bd mekl\u0113 m\u012blest\u012bbu. K\u0101 izdevumam paskaidrojis pav\u0101rm\u0101kslas eksperts, bijus\u012b vi\u0146am \u201crikt\u012bgi \u201ciekak\u0101ja dv\u0113sel\u0113\u201d\u201d.<\/p>\n<p class=\"ad-desc ad-desc-main\">Saturs turpin\u0101s p\u0113c rekl\u0101mas<\/p>\n<p class=\"ad-desc ad-desc-sec\">Rekl\u0101ma<\/p>\n<p>Un k\u0101da gan starp\u012bba par biju\u0161o, ja tu m\u0101ki pagatavot izcilu asto\u0146k\u0101ji?<\/p>\n<p class=\"tv3-fw-500\">Zi\u0146o par k\u013c\u016bdu rakst\u0101<\/p>\n<p class=\"d-md-block d-none\">Iez\u012bm\u0113 k\u013c\u016bdaino tekstu un spied Ctrl+Enter.<\/p>\n<p class=\"d-md-none d-block\">Iez\u012bm\u0113 k\u013c\u016bdaino tekstu un zi\u0146o par to!<\/p>\n","protected":false},"excerpt":{"rendered":"K\u0101 zi\u0146oja mediji, \u0161o attiec\u012bbu laik\u0101 \u0112riks Leldi vair\u0101kk\u0101rt bildin\u0101jis un visas reizes sa\u0146\u0113mis j\u0101v\u0101rdu, ta\u010du p\u0101ris t\u0101&hellip;\n","protected":false},"author":2,"featured_media":34121,"comment_status":"","ping_status":"","sticky":false,"template":"","format":"standard","meta":{"footnotes":""},"categories":[19],"tags":[89,10153,90,35,39,38,36,37,34,40],"class_list":{"0":"post-34120","1":"post","2":"type-post","3":"status-publish","4":"format-standard","5":"has-post-thumbnail","7":"category-izklaide","8":"tag-entertainment","9":"tag-eriks-ozollapagriekijas-brivdienaslelde-dreimane","10":"tag-izklaide","11":"tag-latvia","12":"tag-latvian","13":"tag-latviesu","14":"tag-latviesu-valoda","15":"tag-latviesuvaloda","16":"tag-latvija","17":"tag-lv"},"share_on_mastodon":{"url":"https:\/\/pubeurope.com\/@lv\/115456652254259314","error":""},"_links":{"self":[{"href":"https:\/\/www.europesays.com\/lv\/wp-json\/wp\/v2\/posts\/34120","targetHints":{"allow":["GET"]}}],"collection":[{"href":"https:\/\/www.europesays.com\/lv\/wp-json\/wp\/v2\/posts"}],"about":[{"href":"https:\/\/www.europesays.com\/lv\/wp-json\/wp\/v2\/types\/post"}],"author":[{"embeddable":true,"href":"https:\/\/www.europesays.com\/lv\/wp-json\/wp\/v2\/users\/2"}],"replies":[{"embeddable":true,"href":"https:\/\/www.europesays.com\/lv\/wp-json\/wp\/v2\/comments?post=34120"}],"version-history":[{"count":0,"href":"https:\/\/www.europesays.com\/lv\/wp-json\/wp\/v2\/posts\/34120\/revisions"}],"wp:featuredmedia":[{"embeddable":true,"href":"https:\/\/www.europesays.com\/lv\/wp-json\/wp\/v2\/media\/34121"}],"wp:attachment":[{"href":"https:\/\/www.europesays.com\/lv\/wp-json\/wp\/v2\/media?parent=34120"}],"wp:term":[{"taxonomy":"category","embeddable":true,"href":"https:\/\/www.europesays.com\/lv\/wp-json\/wp\/v2\/categories?post=34120"},{"taxonomy":"post_tag","embeddable":true,"href":"https:\/\/www.europesays.com\/lv\/wp-json\/wp\/v2\/tags?post=34120"}],"curies":[{"name":"wp","href":"https:\/\/api.w.org\/{rel}","templated":true}]}}