{"id":34122,"date":"2025-10-29T09:07:06","date_gmt":"2025-10-29T09:07:06","guid":{"rendered":"https:\/\/www.europesays.com\/lv\/34122\/"},"modified":"2025-10-29T09:07:06","modified_gmt":"2025-10-29T09:07:06","slug":"novembra-sakuma-gaidams-silts-un-briziem-lietains-laiks-jauns-lv","status":"publish","type":"post","link":"https:\/\/www.europesays.com\/lv\/34122\/","title":{"rendered":"Novembra s\u0101kum\u0101 gaid\u0101ms silts un br\u012b\u017eiem lietains laiks &#8211; Jauns.lv"},"content":{"rendered":"<ol>\n<li><a href=\"https:\/\/news.google.com\/rss\/articles\/CBMilwFBVV95cUxQNHBhQWZBRmNSOGpkTUU1TWQ0UXhiOUNlbUpmSDQ3ZXFsZHRRS3NGTHA1ODJKcG5OeXVMcTN0cHpRYi04cW5zeDhqd0ZwaXRxRlRnS0MxZzJiek5Ka0tJMDEwd1R5QTA5eDNJNnlObnl6S3ozNk9oTE8wQVVPQlYwQWx3RlQ1SnA0dDhpWDJ5TDB6Z0ZaNmVr?oc=5\" target=\"_blank\" rel=\"nofollow noopener\">Novembra s\u0101kum\u0101 gaid\u0101ms silts un br\u012b\u017eiem lietains laiks<\/a>&nbsp;&nbsp;Jauns.lv<\/li>\n<li><a href=\"https:\/\/news.google.com\/rss\/articles\/CBMiuwFBVV95cUxPWE85Q2FZY1pMaDdOM3dGN09HYXhmcVBhczNNdTM4WkdIV1lRcnR6bDFwYXA2S0lSaFN1X0ZWbjlPQlVQUUJLcGxDTVdNV3JSSDBfc1d0cFJjVTBxYjd0azFFcWxla0VoZmo3ZmhBOU5LY0xfYlZSY09fdEF6VXBvWHMtdE5palZHMlBHbDNMXzJma3BsNlVfNzVHaWpJeWVLLUlKcWc1d1RLclRLTmtBTVc5eEtGR3Q4dHhZ?oc=5\" target=\"_blank\" rel=\"nofollow noopener\">Silts laiks turpin\u0101sies ar\u012b novembra pirmaj\u0101 pus\u0113 \/ Raksts<\/a>&nbsp;&nbsp;LSM<\/li>\n<li><a href=\"https:\/\/news.google.com\/rss\/articles\/CBMigAFBVV95cUxPZ3lSeGd0dkZFcjJ5NGJfX19iYlBpMWM5c2VWTGdkQ2phQzUyblk5OU53QWY0NVpHRzhFQkQ4WG1ndDVnVmQ1MVc5NFdRaW9WQldtLUVwY2NEN0V2Nng4NnJxUWdOWEcxcUpIWUthQ2RGbnlDSk5rMXdTYnNUZ0NjUg?oc=5\" target=\"_blank\" rel=\"nofollow noopener\">Ar k\u0101diem laikapst\u0101k\u013ciem s\u0101ksies novembris?<\/a>&nbsp;&nbsp;TVNET &#8211; Laika zi\u0146as<\/li>\n<li><a href=\"https:\/\/news.google.com\/rss\/articles\/CBMi1gFBVV95cUxPU2tQNk9xV3BqU2JHdW1MaWRlZlQtTkdnSmtvakZxUEl2MFB4U3VMTmdqNUdsbG5yelU5TUJZcFpYaEgtXy1xWXEydlF5UVRFQ09RMjVzd0NKWGhLQkRJc3ZpYUpWMWhZSjB0TFU3MkdoeWJSVXlKdnh3ejlYQjlhaTRFODJCcjdmYzZveHdvc3hPT2FWRlcwWXhnejBocFBFZjE3UzlQQ3NsLTJHNWlSMTNyWGxlMktrSnljTy1FM3Jra0l0ZkRUSWtUb010NmtXYm5LN1d3?oc=5\" target=\"_blank\" rel=\"nofollow noopener\">&#8220;Oktobra beig\u0101s sniega stihijas ir biju\u0161as bie\u017ei!&#8221;: meteorologs Toms Bricis prognoz\u0113 laika apst\u0101k\u013cus \u0161ai ned\u0113\u013cai<\/a>&nbsp;&nbsp;Dzentlmenis.lv<\/li>\n<li><a href=\"https:\/\/news.google.com\/rss\/articles\/CBMiugFBVV95cUxPempGbHIyYTZmdGxsNVVwcnNmb3JPaUc5M282MDdIdjdfaE42ZGhnd3ZXNF8zMXlud0dsQ0RNM1pPTndtbFlHdlVnY2JUSzRmb2NWUjl6VGlhc1NQQzdBV0ROYkN2dFM1Wlp5a3dlMi1XUVlBZU92R3dncHdWX3BzQWNsNnBZM3pWR1U4Nk4xXy1PclFFVkhFOGE4UDgzOXlBR25GeXg5RWI2VGJPS3l0YU80WTNWNmhlSHc?oc=5\" target=\"_blank\" rel=\"nofollow noopener\">\u0160oned\u0113\u013c saglab\u0101sies m\u0113reni silts laiks, bie\u017ei l\u012bs \/ Raksts<\/a>&nbsp;&nbsp;LSM<\/li>\n<\/ol>\n","protected":false},"excerpt":{"rendered":"Novembra s\u0101kum\u0101 gaid\u0101ms silts un br\u012b\u017eiem lietains laiks&nbsp;&nbsp;Jauns.lv Silts laiks turpin\u0101sies ar\u012b novembra pirmaj\u0101 pus\u0113 \/ Raksts&nbsp;&nbsp;LSM Ar&hellip;\n","protected":false},"author":2,"featured_media":34123,"comment_status":"","ping_status":"","sticky":false,"template":"","format":"standard","meta":{"footnotes":""},"categories":[12],"tags":[23,28,29,32,33,22,30,31,35,39,38,36,37,34,40,20,26,27,24,25,21],"class_list":{"0":"post-34122","1":"post","2":"type-post","3":"status-publish","4":"format-standard","5":"has-post-thumbnail","7":"category-latvija","8":"tag-aktualitates","9":"tag-breaking-news","10":"tag-breakingnews","11":"tag-featured-news","12":"tag-featurednews","13":"tag-headlines","14":"tag-latest-news","15":"tag-latestnews","16":"tag-latvia","17":"tag-latvian","18":"tag-latviesu","19":"tag-latviesu-valoda","20":"tag-latviesuvaloda","21":"tag-latvija","22":"tag-lv","23":"tag-news","24":"tag-popularakas-zinas","25":"tag-popularakaszinas","26":"tag-top-stories","27":"tag-topstories","28":"tag-zinas"},"share_on_mastodon":{"url":"https:\/\/pubeurope.com\/@lv\/115456668151369000","error":""},"_links":{"self":[{"href":"https:\/\/www.europesays.com\/lv\/wp-json\/wp\/v2\/posts\/34122","targetHints":{"allow":["GET"]}}],"collection":[{"href":"https:\/\/www.europesays.com\/lv\/wp-json\/wp\/v2\/posts"}],"about":[{"href":"https:\/\/www.europesays.com\/lv\/wp-json\/wp\/v2\/types\/post"}],"author":[{"embeddable":true,"href":"https:\/\/www.europesays.com\/lv\/wp-json\/wp\/v2\/users\/2"}],"replies":[{"embeddable":true,"href":"https:\/\/www.europesays.com\/lv\/wp-json\/wp\/v2\/comments?post=34122"}],"version-history":[{"count":0,"href":"https:\/\/www.europesays.com\/lv\/wp-json\/wp\/v2\/posts\/34122\/revisions"}],"wp:featuredmedia":[{"embeddable":true,"href":"https:\/\/www.europesays.com\/lv\/wp-json\/wp\/v2\/media\/34123"}],"wp:attachment":[{"href":"https:\/\/www.europesays.com\/lv\/wp-json\/wp\/v2\/media?parent=34122"}],"wp:term":[{"taxonomy":"category","embeddable":true,"href":"https:\/\/www.europesays.com\/lv\/wp-json\/wp\/v2\/categories?post=34122"},{"taxonomy":"post_tag","embeddable":true,"href":"https:\/\/www.europesays.com\/lv\/wp-json\/wp\/v2\/tags?post=34122"}],"curies":[{"name":"wp","href":"https:\/\/api.w.org\/{rel}","templated":true}]}}