{"id":34130,"date":"2025-10-29T09:15:13","date_gmt":"2025-10-29T09:15:13","guid":{"rendered":"https:\/\/www.europesays.com\/lv\/34130\/"},"modified":"2025-10-29T09:15:13","modified_gmt":"2025-10-29T09:15:13","slug":"pretspeku-dubultportrets-nacionala-teatra-izrades-ko-var-cilveks-recenzija","status":"publish","type":"post","link":"https:\/\/www.europesays.com\/lv\/34130\/","title":{"rendered":"Pretsp\u0113ku dubultportrets. Nacion\u0101l\u0101 te\u0101tra izr\u0101des &#8220;Ko var cilv\u0113ks&#8221; recenzija"},"content":{"rendered":"<p class=\"lead\">\n                                Nacion\u0101l\u0101 te\u0101tra izr\u0101des &#8220;Ko var cilv\u0113ks&#8221; veidot\u0101jiem ir b\u016btiski iel\u016bkoties k\u0101 noziedznieka, t\u0101 izmekl\u0113t\u0101jas person\u012bb\u0101s, vienl\u012bdz izce\u013cot k\u0101 vienu, t\u0101 otru, un izveidojot l\u012bdzv\u0113rt\u012bgu pretstatu dubultportretu.\n                            <\/p>\n<p>Latvijas Nacion\u0101l\u0101 te\u0101tra izr\u0101des &#8220;Ko var cilv\u0113ks&#8221; rado\u0161o komandu raksturo izteikti v\u012bri\u0161\u0137\u012bgs sast\u0101vs un \u0161\u0137iet likumsakar\u012bgi, ka dramaturga J\u0101\u0146a Jo\u0146eva, re\u017eisora Roberta Daubura, m\u0101kslinieka Kristiana Brektes, komponista Tomasa An\u010da kopdarbs v\u0113rsts uz sabiedriski ne\u0113rtiem nesen\u0101s pag\u0101tnes jaut\u0101jumiem ar specifiski maskul\u012bniem vaibstiem.<\/p>\n<p>Dokument\u0101l\u0101 te\u0101tra valod\u0101 izr\u0101de atkl\u0101j re\u0101las krimin\u0101llietas un to cilv\u0113ku likte\u0146us, kuri savulaik izdar\u012bju\u0161i vair\u0101k nek\u0101 300 noziegumu. Vienlaikus st\u0101sts velt\u012bts juristes, ilggad\u0113jas Latvijas Republikas \u0122ener\u0101lprokurat\u016bras sevi\u0161\u0137i svar\u012bgu lietu izmekl\u0113t\u0101jas un Valsts prezidenta kancelejas Ap\u017e\u0113lo\u0161anas dienesta vad\u012bt\u0101jas Ritas Aksenokas darbam, kura kop\u0161 pag\u0101ju\u0161\u0101 gadsimta 60. gadu s\u0101kuma ir \u0161\u0137etin\u0101jusi Latvijas ska\u013c\u0101k\u0101s krimin\u0101llietas, atkl\u0101jot slepkav\u012bbas, laup\u012b\u0161anas, kuku\u013co\u0161anas un organiz\u0113tu noziedz\u012bbu.<\/p>\n<p>Si\u017eets atbilsto\u0161i krimin\u0101ldr\u0101mas \u017eanra ietvaram atkl\u0101jas lakoniski tie\u0161\u0101 inton\u0101cij\u0101. Attiec\u012bb\u0101s starp galvenaj\u0101m person\u0101m domin\u0113 skaidras l\u012bnijas, un neb\u016btiski, ka noziedzniekam pret\u012b st\u0101v izmekl\u0113t\u0101ja sieviete, vi\u0146as pr\u0101ta lo\u0123ik\u0101, neatlaid\u012bb\u0101 un darba sp\u0113j\u0101s ir daudz kas no v\u012bri\u0161\u0137\u012bbas. Line\u0101ri taisna ir dramatur\u0123ijas virz\u012bba biogr\u0101fijas epizod\u0113s, kas paral\u0113li risin\u0101s, abiem t\u0113liem v\u0113loties izprast vienam otra r\u012bc\u012bbas motiv\u0101ciju, un vair\u0101kk\u0101rt uzdotais vaic\u0101jums &#8220;k\u0101p\u0113c&#8221; koncentr\u0113 uzman\u012bbu uz mor\u0101li \u0113tisko mekl\u0113jumu aspektu. Izr\u0101des veidot\u0101jiem ir b\u016btiski iel\u016bkoties k\u0101 noziedznieka, t\u0101 izmekl\u0113t\u0101jas person\u012bb\u0101s, vienl\u012bdz izce\u013cot k\u0101 vienu, t\u0101 otru, un izveidot l\u012bdzv\u0113rt\u012bgu pretstatu dubultportretu. Vizu\u0101li \u2013 sp\u0113les telp\u0101 valda simetrija, t\u0101l\u0101k\u0101 pl\u0101na centr\u0101 izvietota met\u0101la gar\u0101\u017ea, aktieri darbojas ar \u0137\u0113d\u0113m un stiliz\u0113t\u0101m rest\u0113m. Skaudros met\u0101liskos \u0137\u0113\u017eu sitienus, kas atsevi\u0161\u0137os br\u012b\u017eos raksturo sp\u0113les dramatisko skaudrumu, audi\u0101li\/skaniski papildina muzik\u0101lie fona mot\u012bvi, radot nep\u0101rejo\u0161u spriedzi.<\/p>\n<p>Dokument\u0101l\u0101 te\u0101tra versija<img decoding=\"async\" src=\"https:\/\/www.europesays.com\/lv\/wp-content\/uploads\/2025\/10\/2025102901100169014d49bbb70.jpg\" alt=\"Sanita Paula juristes Ritas Aksenokas lom\u0101 un M\u0101rcis Ma\u0146jakovs \u2013 Aleksandrs Volkevi\u010ds.\" loading=\"lazy\"\/><\/p>\n<p>Sanita Paula juristes Ritas Aksenokas lom\u0101 un M\u0101rcis Ma\u0146jakovs \u2013 Aleksandrs Volkevi\u010ds.<\/p>\n<p>Foto:\u00a0Mat\u012bss Markovskis\/Publicit\u0101tes<\/p>\n<p>Juristes Ritas Aksenokas un noziedznieka Aleksandra Volkevi\u010da portretiskai \u0101r\u0113jai l\u012bdz\u012bbai ir maza noz\u012bme, jo person\u0101\u017eu savstarp\u0113j\u0101s tik\u0161an\u0101s epizodes vair\u0101k par dokument\u0101lo faktu uzskait\u012bjumu iedzi\u013cin\u0101s cilv\u0113ku uzved\u012bbas lo\u0123ik\u0101. Ainas, kas att\u0113lo biju\u0161\u0101s dz\u012bves notikumus, mijas ar varo\u0146u v\u0113r\u0161anos pie skat\u012bt\u0101jiem ar iek\u0161\u0113jo p\u0101rdomu un pa\u0161refleksijas monologiem. Izmekl\u0113t\u0101jas un noziedznieka sarunas neiegro\u017eo normat\u012bvo regul\u0113jumu form\u0101lie r\u0101mji, vi\u0146i m\u0113\u0123ina saprast viens otru cilv\u0113ciski, saglab\u0101jot cie\u0146pilnas attiec\u012bbas uzrun\u0101 &#8220;j\u016bs&#8221;. Portret\u0113jumos par atskaites punktu kalpo v\u0113sturiskie, ekonomiskie un soci\u0101lie apst\u0101k\u013ci, \u013caujot sal\u012bdzin\u0101t abiem kop\u012bg\u0101s un at\u0161\u0137ir\u012bg\u0101s izv\u0113les. Skan 70. gadu &#8220;Mikrofona&#8221; aptaujas dziesmas, tekst\u0101 ievijas fakti par to laiku hokeja aktualit\u0101t\u0113m un \u0123imenes dz\u012bves pietic\u012bbu visp\u0101r\u0113jas nabadz\u012bbas apst\u0101k\u013cos. T\u0101d\u0101 aspekt\u0101 izr\u0101de izmekl\u0113 nevis vienu, bet divas dz\u012bves. Cilv\u0113ka atbildes uz jaut\u0101jumu \u2013 ko vi\u0146\u0161 var \u2013 no\u0161\u0137ir izv\u0113les un skaidro da\u017e\u0101dos likte\u0146u pav\u0113rsienus. J\u0113dzieniski un emocion\u0101li iedarb\u012bga ir fin\u0101la epizode, kas run\u0101 par hum\u0101nisma robe\u017e\u0101m un atkl\u0101j pretrun\u012bgo likumu un sodu, iesp\u0113jams, ka tas m\u016bsdien\u0101s b\u016btu cit\u0101ds nek\u0101 pirms divdesmit gadiem.<\/p>\n<p>Spogu\u013cojoties pretstatos<\/p>\n<p>M\u0101rcim Ma\u0146jakovam k\u0101 t\u0113la advok\u0101tam izdodas rad\u012bt ap savu varoni labest\u012bgas ener\u0123ijas l\u0101di\u0146u. Vi\u0146\u0161 patiesi l\u012bdzin\u0101s iedom\u0101tam pozit\u012bvajam paraugam \u2013 Kaup\u0113nam ar romantiz\u0113tu auru \u2013, kuru Volkevi\u010ds vair\u0101kk\u0101rt piemin. Iek\u0161\u0113ji sasprindzin\u0101ts un br\u012b\u017eiem p\u0101ri savald\u012bbai k\u0101pjo\u0161s temperaments \u013cauj aktierim nosp\u0113l\u0113t vair\u0101k nek\u0101 tr\u012bs izteiksmes, ko Brektes groteski karikat\u016bras stila veidotais plak\u0101ts atveido \u013caun\u0101 tr\u012bsgalvain\u0101 p\u016b\u0137a viep\u013cos.<\/p>\n<p>Glu\u017ei k\u0101 spogul\u012b, ar tikpat sp\u0113c\u012bgu skaidru lo\u0123isku pretsp\u0113ku darbojas aktrises Sanitas Paulas atveidot\u0101 varone, kuru vada gribassp\u0113ks un emocion\u0101la jauda. T\u0113rpta kr\u0101sain\u0101 bl\u016bz\u0113, kuplos sv\u0101rkos un rot\u0101jusies ar dzintara krell\u0113m, aktrise apvieno lom\u0101 cilv\u0113c\u012bbas l\u012bniju ar taisn\u012bguma izj\u016btu. \u012apa\u0161i izteiksm\u012bgi tas par\u0101d\u0101s divskatos ar Elzas R\u016btas Jord\u0101nes atveidoto Volkevi\u010da meitu, loma, kur\u0101 aktrise starp cit\u0101m s\u012bk\u0101m mikro-lomi\u0146\u0101m atkl\u0101j st\u016brainas jaunietes sp\u012bt\u012bgo v\u0113lmi izzin\u0101t sava t\u0113va v\u0113sturi pa\u0161ai. Un ar izmekl\u0113t\u0101jas pal\u012bdz\u012bbu vi\u0146ai izdodas ieraudz\u012bt t\u0113vu cit\u0101du nek\u0101 tikai noziedznieku krimin\u0101llietas protokolos.<\/p>\n<p>Nosl\u0113guma satik\u0161an\u0101s ain\u0101 t\u0113vs un meita uz br\u012bdi saprot kop\u012bgo likteni, un kodol\u012bgais dramatur\u0123ijas akcents izteiksm\u012bgi uzsver ne tikai sentimenta un didaktikas notis, bet liek skan\u0113t pla\u0161\u0101kam saj\u016btu akordam. Ar\u012b dom\u0101m par neredzam\u0101m sait\u0113m, kas nelai\u017e va\u013c\u0101 no pag\u0101tnes un m\u016bsu priek\u0161te\u010diem, ar\u012b tiem, kuri neb\u016bt nav ne god\u012bg\u0101kie, ne atdarin\u0101\u0161anas cien\u012bgi varo\u0146i. Ainas atmosf\u0113ru veiksm\u012bgi papildina muzik\u0101li ritmiskais draivs, atbalstot domu intens\u012bvu rit\u0113jumu ar\u012b p\u0113c izr\u0101des nosl\u0113guma.<\/p>\n<p>Rakstot par izr\u0101di &#8220;Neatlaid\u012bbas sp\u0113les&#8221;, kas Roberta Daubura re\u017eij\u0101 fokus\u0113ja uzman\u012bbu uz paraolimpisko sportistu ikdienu un Paralimpisk\u0101s komitejas prezidentes Daigas Dadz\u012btes dz\u012bvi, pirms tr\u012bs gadiem recenziju nosl\u0113dzu ar pie\u0146\u0113mumu &#8220;j\u0101gaida turpin\u0101jums&#8221;. Ar\u012b \u0161oreiz izsaku v\u0113l\u0113jumu, lai seko n\u0101kamie mekl\u0113jumi dokument\u0101l\u0101 te\u0101tra \u017eanr\u0101, aktualiz\u0113jot neizrun\u0101tos kop\u012bg\u0101s pag\u0101tnes jaut\u0101jumus.<\/p>\n<p><img decoding=\"async\" src=\"https:\/\/www.europesays.com\/lv\/wp-content\/uploads\/2025\/10\/2025102901100169014d49be6c7.jpg\" alt=\"Elza R\u016bta Jord\u0101ne Aleksandra Volkevi\u010da meitas lom\u0101, M\u0101rcis Ma\u0146jakovs \u2013 Volkevi\u010ds un Sanita Paula (juriste Rita Aksenoka).\" loading=\"lazy\"\/><\/p>\n<p>Elza R\u016bta Jord\u0101ne Aleksandra Volkevi\u010da meitas lom\u0101, M\u0101rcis Ma\u0146jakovs \u2013 Volkevi\u010ds un Sanita Paula (juriste Rita Aksenoka).<\/p>\n<p>Foto:\u00a0Mat\u012bss Markovskis\/Publicit\u0101tes<\/p>\n<p>Uzzi\u0146a<\/p>\n<p>J\u0101nis Jo\u0146evs, &#8220;Ko var cilv\u0113ks&#8221;, krimin\u0101ldr\u0101ma Nacion\u0101l\u0101 te\u0101tra Aktieru z\u0101l\u0113<\/p>\n<ul>\n<li>Re\u017eisors Roberts Dauburs, scenogr\u0101fsun kost\u012bmu m\u0101kslinieks Kristi\u0101ns Brekte, gaismum\u0101ksliniece Krista Erdmane, komponists Tomass An\u010ds.<\/li>\n<li>Lom\u0101s: Sanita Paula, M\u0101rcis Ma\u0146jakovs, Elza R\u016bta Jord\u0101ne<\/li>\n<li>N\u0101kam\u0101 izr\u0101de: 6. novembr\u012b.<\/li>\n<\/ul>\n<p>Viedok\u013ci<\/p>\n<p>Di\u0101na Z.: &#8220;Tik cilv\u0113ciski silta izr\u0101de, aizskar dv\u0113seles st\u012bgas. Uzrun\u0101ja, ka st\u0101sts nav skarbs, jo ik pa br\u012bdim pav\u012bd\u0113ja \u013coti gaum\u012bgs humors. Visi tr\u012bs aktieri br\u012bni\u0161\u0137\u012bgi un tik gai\u0161i ataino savu t\u0113lu gai\u0161\u0101s un tum\u0161\u0101s nokr\u0101sas.&#8221;<\/p>\n<p>Ieva: &#8220;Sp\u0113c\u012bgs, p\u0101rsteidzo\u0161s darbs. \u013boti ceru, ka \u0161ai dokument\u0101lajai izr\u0101dei sekos sol\u012btais trilo\u0123ijas turpin\u0101jums.&#8221;<\/p>\n<p class=\"paragraph-muted\">www.teatris.lv<\/p>\n<p class=\"paragraph-muted\">Izv\u0113lies savu soct\u012bklu platformu, lai sekotu LASI.LV: <a href=\"https:\/\/www.facebook.com\/portals.lasi.lv\" target=\"_blank\" rel=\"noopener noreferrer nofollow\">Facebook<\/a>, <a href=\"https:\/\/twitter.com\/lasilvportals\" target=\"_blank\" rel=\"noopener noreferrer nofollow\">X<\/a>, <a href=\"https:\/\/bsky.app\/profile\/lasilv.bsky.social\" target=\"_blank\" rel=\"noopener noreferrer nofollow\">Bluesky<\/a>, <a href=\"https:\/\/www.draugiem.lv\/lasilv\/?pg=4\" target=\"_blank\" rel=\"noopener noreferrer nofollow\">Draugiem<\/a> vai ar\u012b <a href=\"https:\/\/www.instagram.com\/lasilv_zinas\/\" target=\"_blank\" rel=\"noopener noreferrer nofollow\">Instagram<\/a>. Pievienojies m\u016bsu las\u012bt\u0101ju pulkam, lai sa\u0146emtu \u012bpa\u0161i tev atlas\u012btu noder\u012bgu, praktisku un aktu\u0101lu saturu.\u00a0<\/p>\n<p><a href=\"https:\/\/lasi.lv\/abonesana\" rel=\"nofollow noopener\" target=\"_blank\">Abon\u0113<\/a>\u00a0LASI.LV gadam\u00a0vai k\u0101du no\u00a0&#8220;Latvijas Mediju&#8221; periodiskajiem izdevumiem 2026. gadam, un laim\u0113 1500 eiro vai Philips kafijas autom\u0101tu. Loterijas at\u013caujas nr. 8744.<\/p>\n<p><img decoding=\"async\" src=\"https:\/\/www.europesays.com\/lv\/wp-content\/uploads\/2025\/10\/1760568371_496_2025100311425268df8c8c1572e.jpg\" alt=\"\" loading=\"lazy\"\/><\/p>\n<p style=\"margin-left:auto;\">Pieraksties LASI.LV redaktora v\u0113stkopai <a href=\"https:\/\/lasi.lv\/vestkopa\/lasi-lv-galvena-redaktora-vestkopa\" rel=\"nofollow noopener\" target=\"_blank\">\u0161eit<\/a>.<\/p>\n<p>Pieraksties v\u0113stkopai un divas reizes ned\u0113\u013c\u0101 sa\u0146em padzi\u013cin\u0101tu LASI.LV galven\u0101 redaktora aktu\u0101lo zi\u0146u, kompetentu viedok\u013cu un interesant\u0101ko interviju apkopojumu.<\/p>\n<p>Ko tu sa\u0146emsi:<\/p>\n<ul>\n<li>Daudzveid\u012bgus koment\u0101rus un kompetentus Latvijas Mediju \u017eurn\u0101listu un autoru viedok\u013cus par aktu\u0101lo<\/li>\n<li>Ekspertu koment\u0101rus par da\u017e\u0101diem praktiskiem, noder\u012bgiem tematiem<\/li>\n<li>Aizraujo\u0161us materi\u0101lus par v\u0113sturi, psiholo\u0123iju, kult\u016bru<\/li>\n<li>Gata \u0160\u013c\u016bkas karikat\u016bru<\/li>\n<li>Tav\u0101 e-pasta kast\u012bt\u0113 katru ceturtdienu<\/li>\n<\/ul>\n<p style=\"margin-left:auto;\">\u00a0<\/p>\n<p><script async src=\"https:\/\/platform.twitter.com\/widgets.js\" charset=\"utf-8\"><\/script><script async src=\"\/\/www.instagram.com\/embed.js\"><\/script><\/p>\n","protected":false},"excerpt":{"rendered":"Nacion\u0101l\u0101 te\u0101tra izr\u0101des &#8220;Ko var cilv\u0113ks&#8221; veidot\u0101jiem ir b\u016btiski iel\u016bkoties k\u0101 noziedznieka, t\u0101 izmekl\u0113t\u0101jas person\u012bb\u0101s, vienl\u012bdz izce\u013cot k\u0101&hellip;\n","protected":false},"author":2,"featured_media":34131,"comment_status":"","ping_status":"","sticky":false,"template":"","format":"standard","meta":{"footnotes":""},"categories":[19],"tags":[89,90,35,39,38,36,37,34,40],"class_list":{"0":"post-34130","1":"post","2":"type-post","3":"status-publish","4":"format-standard","5":"has-post-thumbnail","7":"category-izklaide","8":"tag-entertainment","9":"tag-izklaide","10":"tag-latvia","11":"tag-latvian","12":"tag-latviesu","13":"tag-latviesu-valoda","14":"tag-latviesuvaloda","15":"tag-latvija","16":"tag-lv"},"share_on_mastodon":{"url":"https:\/\/pubeurope.com\/@lv\/115456699597490346","error":""},"_links":{"self":[{"href":"https:\/\/www.europesays.com\/lv\/wp-json\/wp\/v2\/posts\/34130","targetHints":{"allow":["GET"]}}],"collection":[{"href":"https:\/\/www.europesays.com\/lv\/wp-json\/wp\/v2\/posts"}],"about":[{"href":"https:\/\/www.europesays.com\/lv\/wp-json\/wp\/v2\/types\/post"}],"author":[{"embeddable":true,"href":"https:\/\/www.europesays.com\/lv\/wp-json\/wp\/v2\/users\/2"}],"replies":[{"embeddable":true,"href":"https:\/\/www.europesays.com\/lv\/wp-json\/wp\/v2\/comments?post=34130"}],"version-history":[{"count":0,"href":"https:\/\/www.europesays.com\/lv\/wp-json\/wp\/v2\/posts\/34130\/revisions"}],"wp:featuredmedia":[{"embeddable":true,"href":"https:\/\/www.europesays.com\/lv\/wp-json\/wp\/v2\/media\/34131"}],"wp:attachment":[{"href":"https:\/\/www.europesays.com\/lv\/wp-json\/wp\/v2\/media?parent=34130"}],"wp:term":[{"taxonomy":"category","embeddable":true,"href":"https:\/\/www.europesays.com\/lv\/wp-json\/wp\/v2\/categories?post=34130"},{"taxonomy":"post_tag","embeddable":true,"href":"https:\/\/www.europesays.com\/lv\/wp-json\/wp\/v2\/tags?post=34130"}],"curies":[{"name":"wp","href":"https:\/\/api.w.org\/{rel}","templated":true}]}}