{"id":34132,"date":"2025-10-29T09:16:10","date_gmt":"2025-10-29T09:16:10","guid":{"rendered":"https:\/\/www.europesays.com\/lv\/34132\/"},"modified":"2025-10-29T09:16:10","modified_gmt":"2025-10-29T09:16:10","slug":"australija-atsaka-vizu-par-mazgadigas-meitenes-izvarosanu-notiesatam-pludmales-volejbolistam","status":"publish","type":"post","link":"https:\/\/www.europesays.com\/lv\/34132\/","title":{"rendered":"Austr\u0101lija atsaka v\u012bzu par mazgad\u012bgas meitenes izvaro\u0161anu noties\u0101tam pludmales volejbolistam"},"content":{"rendered":"<p>31 gadu vecais van de Velde 2016. gad\u0101 tika noties\u0101ts par b\u0113rna izvaro\u0161anu, kas notikusi 2014. gad\u0101. Vi\u0146\u0161 izvaroja 12 gadus vecu britu meiteni, ar kuru bija iepazinies soci\u0101laj\u0101 t\u012bkl\u0101 &#8220;Facebook&#8221;.<\/p>\n<p>Vi\u0146am piesprieda \u010detru gadu cietumsodu, kuru dr\u012bkst\u0113ja izciest N\u012bderland\u0113. Pludmales volejbolists gan tika atbr\u012bvots p\u0113c 12 m\u0113ne\u0161iem.<\/p>\n<p>Austr\u0101lijas iek\u0161lietu ministrs Tonijs B\u0113rks nor\u0101d\u012bja, ka vald\u012bba turpin\u0101s izmantot visus pieejamos l\u012bdzek\u013cus, lai nodro\u0161in\u0101tu Austr\u0101lijas iedz\u012bvot\u0101ju dro\u0161\u012bbu.<\/p>\n<p>Van de Velde profesion\u0101lo sporta karjeru ats\u0101ka 2018. gad\u0101. N\u012bderlandes medijiem vi\u0146\u0161 savulaik izteic\u0101s t\u0101: &#8220;Nevaru to labot, l\u012bdz ar to man b\u016bs j\u0101dz\u012bvo ar sek\u0101m. T\u0101 ir manas dz\u012bves liel\u0101k\u0101 k\u013c\u016bda.&#8221;<\/p>\n<p>Van de Velde ir sa\u0146\u0113mis profesion\u0101la psihoterapeita pal\u012bdz\u012bbu.<\/p>\n<p>2024. gad\u0101 Van de Velde p\u0101rst\u0101v\u0113ja N\u012bderlandi Par\u012bzes olimpiskaj\u0101s sp\u0113l\u0113s, kur skat\u012bt\u0101ji vi\u0146u regul\u0101ri izsvilpa.<\/p>\n<p>Pasaules \u010dempion\u0101ts pludmales volejbol\u0101 \u0161ogad no 14. l\u012bdz 23. novembrim risin\u0101sies Adelaid\u0113.<\/p>\n","protected":false},"excerpt":{"rendered":"31 gadu vecais van de Velde 2016. gad\u0101 tika noties\u0101ts par b\u0113rna izvaro\u0161anu, kas notikusi 2014. gad\u0101. Vi\u0146\u0161&hellip;\n","protected":false},"author":2,"featured_media":34133,"comment_status":"","ping_status":"","sticky":false,"template":"","format":"standard","meta":{"footnotes":""},"categories":[17],"tags":[35,39,38,36,37,34,40,564,67,10154],"class_list":{"0":"post-34132","1":"post","2":"type-post","3":"status-publish","4":"format-standard","5":"has-post-thumbnail","7":"category-sports","8":"tag-latvia","9":"tag-latvian","10":"tag-latviesu","11":"tag-latviesu-valoda","12":"tag-latviesuvaloda","13":"tag-latvija","14":"tag-lv","15":"tag-pludmales-volejbols","16":"tag-sports","17":"tag-stivens-van-de-velde"},"share_on_mastodon":{"url":"https:\/\/pubeurope.com\/@lv\/115456703418737550","error":""},"_links":{"self":[{"href":"https:\/\/www.europesays.com\/lv\/wp-json\/wp\/v2\/posts\/34132","targetHints":{"allow":["GET"]}}],"collection":[{"href":"https:\/\/www.europesays.com\/lv\/wp-json\/wp\/v2\/posts"}],"about":[{"href":"https:\/\/www.europesays.com\/lv\/wp-json\/wp\/v2\/types\/post"}],"author":[{"embeddable":true,"href":"https:\/\/www.europesays.com\/lv\/wp-json\/wp\/v2\/users\/2"}],"replies":[{"embeddable":true,"href":"https:\/\/www.europesays.com\/lv\/wp-json\/wp\/v2\/comments?post=34132"}],"version-history":[{"count":0,"href":"https:\/\/www.europesays.com\/lv\/wp-json\/wp\/v2\/posts\/34132\/revisions"}],"wp:featuredmedia":[{"embeddable":true,"href":"https:\/\/www.europesays.com\/lv\/wp-json\/wp\/v2\/media\/34133"}],"wp:attachment":[{"href":"https:\/\/www.europesays.com\/lv\/wp-json\/wp\/v2\/media?parent=34132"}],"wp:term":[{"taxonomy":"category","embeddable":true,"href":"https:\/\/www.europesays.com\/lv\/wp-json\/wp\/v2\/categories?post=34132"},{"taxonomy":"post_tag","embeddable":true,"href":"https:\/\/www.europesays.com\/lv\/wp-json\/wp\/v2\/tags?post=34132"}],"curies":[{"name":"wp","href":"https:\/\/api.w.org\/{rel}","templated":true}]}}