{"id":34134,"date":"2025-10-29T09:17:06","date_gmt":"2025-10-29T09:17:06","guid":{"rendered":"https:\/\/www.europesays.com\/lv\/34134\/"},"modified":"2025-10-29T09:17:06","modified_gmt":"2025-10-29T09:17:06","slug":"ekspluatacija-nodota-pirma-valterciema-maja-dreilinos-dienas-bizness","status":"publish","type":"post","link":"https:\/\/www.europesays.com\/lv\/34134\/","title":{"rendered":"Ekspluat\u0101cij\u0101 nodota pirm\u0101 Valterciema m\u0101ja Dreili\u0146os :: Dienas Bizness"},"content":{"rendered":"<p class=\"text-font font-size--text-xlarge margin-3--bottom font-weight--bold padding-1--top\">Ieguldot 4 miljonus eiro, 22. oktobr\u012b ekspluat\u0101cij\u0101 nodota nekustamo \u012bpa\u0161umu att\u012bst\u012bt\u0101ja \u201cBonava Latvija\u201d projekta \u201cValterciems\u201d pirm\u0101 m\u0101ja \u0112valda Valtera iel\u0101.<\/p>\n<p class=\"text-font font-size--text-xlarge margin-3--bottom\">\u0112k\u0101 izb\u016bv\u0113ti 42 divu l\u012bdz \u010detru istabu dz\u012bvok\u013ci. Iecer\u0113ts, ka jauno m\u0101jok\u013cu iedz\u012bvot\u0101ji atsl\u0113gas sa\u0146ems novembr\u012b.<\/p>\n<p class=\"text-font font-size--text-xlarge margin-3--bottom\">\u201cBonava Latvija\u201d \u201cValterciema\u201d pirm\u0101s k\u0101rtas b\u016bvniec\u012bbu uzs\u0101ka 2024. gada septembr\u012b, un nedaudz vair\u0101k nek\u0101 gada laik\u0101 tapu\u0161i 42 energoefekt\u012bvi un funkcion\u0101li dz\u012bvok\u013ci plat\u012bb\u0101 no 41,5 l\u012bdz 81,7 m\u00b2.<\/p>\n<p class=\"text-font font-size--text-xlarge margin-3--bottom\">Paral\u0113li \u0113kas izb\u016bvei labiek\u0101rtota piem\u0101jas teritorija, k\u0101 ar\u012b izb\u016bv\u0113ts pirmais \u0112valda Valtera ielas posms 221 metra garum\u0101. Tas nodro\u0161ina tie\u0161u piek\u013cuvi pirmajai ciemata \u0113kai un kalpo k\u0101 noz\u012bm\u012bgs posms n\u0101kotnes transporta savienojuma izveidei starp Bi\u0137ernieku un Dzelzavas ielu.<\/p>\n<p class=\"text-font font-size--text-xlarge margin-3--bottom\">Gan projekta pirmaj\u0101, gan otraj\u0101 m\u0101j\u0101 b\u016bvniec\u012bbas stadij\u0101 p\u0101rdota un rezerv\u0113ta vair\u0101k nek\u0101 puse dz\u012bvok\u013cu.<\/p>\n<p class=\"text-font font-size--text-xlarge margin-3--bottom\">Projekts \u201cValterciems\u201d tiks \u012bstenots piec\u0101s att\u012bst\u012bbas k\u0101rt\u0101s, un iecer\u0113ts, ka l\u012bdz 2033. gadam ciemat\u0101 taps 15 energoefekt\u012bvas daudzdz\u012bvok\u013cu m\u0101jas, nodro\u0161inot m\u0101jok\u013cus vair\u0101k nek\u0101 1800 r\u012bdzinieku.<\/p>\n<p class=\"text-font font-size--text-xlarge margin-3--bottom\">Ciemata att\u012bst\u012bb\u0101 pl\u0101nots invest\u0113t 70 miljonu eiro.<\/p>\n<p class=\"text-font font-size--text-xlarge margin-3--bottom\">\u201cBonava\u201d ir nekustamo \u012bpa\u0161umu att\u012bst\u012bt\u0101js Eirop\u0101. Pa\u0161laik uz\u0146\u0113mum\u0101 str\u0101d\u0101 aptuveni 900 darbinieku, att\u012bstot dz\u012bvojamo m\u0101ju projektus V\u0101cij\u0101, Zviedrij\u0101, Somij\u0101, Latvij\u0101, Igaunij\u0101 un Lietuv\u0101. L\u012bdz \u0161im uz\u0146\u0113mums rad\u012bjis vismaz 40 000 m\u0101jok\u013cu, 2024. gad\u0101 sasniedzot p\u0101rdo\u0161anas ie\u0146\u0113mumus 0,7 miljardu EUR apm\u0113r\u0101. \u201cBonava\u201d akcijas un za\u013c\u0101s oblig\u0101cijas tiek kot\u0113tas Nasdaq bir\u017e\u0101 Stokholm\u0101.<\/p>\n","protected":false},"excerpt":{"rendered":"Ieguldot 4 miljonus eiro, 22. oktobr\u012b ekspluat\u0101cij\u0101 nodota nekustamo \u012bpa\u0161umu att\u012bst\u012bt\u0101ja \u201cBonava Latvija\u201d projekta \u201cValterciems\u201d pirm\u0101 m\u0101ja \u0112valda&hellip;\n","protected":false},"author":2,"featured_media":34135,"comment_status":"","ping_status":"","sticky":false,"template":"","format":"standard","meta":{"footnotes":""},"categories":[16],"tags":[869,77,870,76,867,35,39,38,36,37,34,871,868,40,21],"class_list":{"0":"post-34134","1":"post","2":"type-post","3":"status-publish","4":"format-standard","5":"has-post-thumbnail","7":"category-bizness","8":"tag-biznesa-zinas","9":"tag-bizness","10":"tag-bizness-latvija","11":"tag-business","12":"tag-dienas-zinas","13":"tag-latvia","14":"tag-latvian","15":"tag-latviesu","16":"tag-latviesu-valoda","17":"tag-latviesuvaloda","18":"tag-latvija","19":"tag-latvijas-biznesa-zinas","20":"tag-latvijas-zinas","21":"tag-lv","22":"tag-zinas"},"share_on_mastodon":{"url":"https:\/\/pubeurope.com\/@lv\/115456707526222998","error":""},"_links":{"self":[{"href":"https:\/\/www.europesays.com\/lv\/wp-json\/wp\/v2\/posts\/34134","targetHints":{"allow":["GET"]}}],"collection":[{"href":"https:\/\/www.europesays.com\/lv\/wp-json\/wp\/v2\/posts"}],"about":[{"href":"https:\/\/www.europesays.com\/lv\/wp-json\/wp\/v2\/types\/post"}],"author":[{"embeddable":true,"href":"https:\/\/www.europesays.com\/lv\/wp-json\/wp\/v2\/users\/2"}],"replies":[{"embeddable":true,"href":"https:\/\/www.europesays.com\/lv\/wp-json\/wp\/v2\/comments?post=34134"}],"version-history":[{"count":0,"href":"https:\/\/www.europesays.com\/lv\/wp-json\/wp\/v2\/posts\/34134\/revisions"}],"wp:featuredmedia":[{"embeddable":true,"href":"https:\/\/www.europesays.com\/lv\/wp-json\/wp\/v2\/media\/34135"}],"wp:attachment":[{"href":"https:\/\/www.europesays.com\/lv\/wp-json\/wp\/v2\/media?parent=34134"}],"wp:term":[{"taxonomy":"category","embeddable":true,"href":"https:\/\/www.europesays.com\/lv\/wp-json\/wp\/v2\/categories?post=34134"},{"taxonomy":"post_tag","embeddable":true,"href":"https:\/\/www.europesays.com\/lv\/wp-json\/wp\/v2\/tags?post=34134"}],"curies":[{"name":"wp","href":"https:\/\/api.w.org\/{rel}","templated":true}]}}