{"id":34138,"date":"2025-10-29T09:19:07","date_gmt":"2025-10-29T09:19:07","guid":{"rendered":"https:\/\/www.europesays.com\/lv\/34138\/"},"modified":"2025-10-29T09:19:07","modified_gmt":"2025-10-29T09:19:07","slug":"foto-karaliska-etikete-izredzeta-publika-un-sampaniesa-tosti-rigas-pili-grezni-nosvin-danijas-karala-viziti-jauns-lv","status":"publish","type":"post","link":"https:\/\/www.europesays.com\/lv\/34138\/","title":{"rendered":"FOTO: karalisk\u0101 eti\u0137ete, izredz\u0113ta publika un \u0161ampanie\u0161a tosti &#8211; R\u012bgas pil\u012b grezni nosvin D\u0101nijas kara\u013ca viz\u012bti &#8211; Jauns.lv"},"content":{"rendered":"<ol>\n<li><a href=\"https:\/\/news.google.com\/rss\/articles\/CBMi3AFBVV95cUxOdllScnhrUTFUaDFOYjZBVVVGNXliT1dsRjJoeHBOd1FOQ3FTZmQ1YkxTNk5IeHoyc25zZjNjUFJmeEJxRlg1dHM0RjNsU2tEWnBvTjBFRWVocGs3WXBUa1owTWFUZFpob3ZkQ1gwV2tVVzhyZ1RNUk9ROE4zMUZqUTh3Qi1hdkRFbzRiZ3ZWSmdvM3VzWUQ4LTZNeUdDeDNTeHBFV0VZc0JTakpZeXpBeVNpWXpabGxHZ1hFWk50LUZieGthLTVxcnR1R3pFd2UzTFhJdzhiWG9kblZa?oc=5\" target=\"_blank\" rel=\"nofollow noopener\">FOTO: karalisk\u0101 eti\u0137ete, izredz\u0113ta publika un \u0161ampanie\u0161a tosti &#8211; R\u012bgas pil\u012b grezni nosvin D\u0101nijas kara\u013ca viz\u012bti<\/a>&nbsp;&nbsp;Jauns.lv<\/li>\n<li><a href=\"https:\/\/news.google.com\/rss\/articles\/CBMi1wFBVV95cUxNSmJabTR3enJManR5TzljcWRPR2IxREpjOTBXd1lhRmNQTV9TUVVvT1dxQ0VrVENCQV9ELUlSMEtOSFpkd1l5b29pU2FtQ1Q2TVlINnZhY1NwY3MyUEdMR29UVE9LaDI5TWdVcDgzVXFCRFhNQjBTdDlXWXpvaEt4SUNoNEI3aGNfcjdGbGEyMnRQUlY1UmczbHFSUkpvSGhWd1ZIcVJBMDFKMVNSazh4OUZXWXhYRHllWHpkSHNGZjRlMDRvVVFhSGszU041YjlvR3FNaG91NA?oc=5\" target=\"_blank\" rel=\"nofollow noopener\">D\u0101nijas karalis Frederiks X un karaliene M\u0113rija ieradu\u0161ies valsts viz\u012bt\u0113 Latvij\u0101 \/ Raksts<\/a>&nbsp;&nbsp;LSM<\/li>\n<li><a href=\"https:\/\/news.google.com\/rss\/articles\/CBMilAFBVV95cUxPNloyYWJlcmQxblh5Rk1XSzVvSHlZYlUtVzAySnoyTk1pZmgwSjF5SEpCSG14SVU1VjdkMUZfYk4zVllUM21DOVVjZzVxc3ZFYkx6VFVDM2ZObXF6UGtaakx1UGpERVF6VE1xdXpnR242cWM0Ymwtd1RPZE81NHo4ZFAtaXBoU2gwNzlRa2tZeThOTjlk?oc=5\" target=\"_blank\" rel=\"nofollow noopener\">Foto: D\u0101nijas kara\u013cp\u0101ris ierodas viz\u012bt\u0113 Latvij\u0101<\/a>&nbsp;&nbsp;Delfi<\/li>\n<li><a href=\"https:\/\/news.google.com\/rss\/articles\/CBMijAFBVV95cUxObHB0T3hNUDd5Nk1TUEM3cEMzZ1loSWhBQkVzVDFrNFdhdDFJRFBQSHlvcEgwMzVDZk1GUjBGRktnbklEQ0ttRjNpd3FmRmxaVkNwUUVpXzY3VnFSYmJwTmpfMkp0aDY5RFpLeVh6bURWVjdOR2h6bjFTeVJqU2xOSFhQOW5EUHZTODFFVg?oc=5\" target=\"_blank\" rel=\"nofollow noopener\">VIDEO \u27e9 Valsts viz\u012bt\u0113 Latvij\u0101 ierodas D\u0101nijas kara\u013cp\u0101ris<\/a>&nbsp;&nbsp;Apollo.lv<\/li>\n<li><a href=\"https:\/\/news.google.com\/rss\/articles\/CBMirgFBVV95cUxPME8yMTZyVE50TG5ZaVl1bXVHaEJrWEY0R3hHTV9TRUZmaHFzeEFGSm1FSlBndFZRX2w2ZWdUSDdUU00zeUNwQ0lpUHlzeHVuLUZIaFZhbmR2cWZZOFk3Zzg5VUtTaFdvYWY4b2RoazV3OEgwaFllQlNvZ21oOFlsaDNsWHNDWldpWkNXTVVWeFBNajVSMlR6UFhfd2hVNXoxaGJadVlfN09WM1NFbVE?oc=5\" target=\"_blank\" rel=\"nofollow noopener\">VIDEO; FOTO: D\u0101nijas karalis un karaliene ieradu\u0161ies valsts viz\u012bt\u0113 Latvij\u0101<\/a>&nbsp;&nbsp;Jauns.lv<\/li>\n<\/ol>\n","protected":false},"excerpt":{"rendered":"FOTO: karalisk\u0101 eti\u0137ete, izredz\u0113ta publika un \u0161ampanie\u0161a tosti &#8211; R\u012bgas pil\u012b grezni nosvin D\u0101nijas kara\u013ca viz\u012bti&nbsp;&nbsp;Jauns.lv D\u0101nijas karalis&hellip;\n","protected":false},"author":2,"featured_media":34139,"comment_status":"","ping_status":"","sticky":false,"template":"","format":"standard","meta":{"footnotes":""},"categories":[12],"tags":[23,28,29,32,33,22,30,31,35,39,38,36,37,34,40,20,26,27,24,25,21],"class_list":{"0":"post-34138","1":"post","2":"type-post","3":"status-publish","4":"format-standard","5":"has-post-thumbnail","7":"category-latvija","8":"tag-aktualitates","9":"tag-breaking-news","10":"tag-breakingnews","11":"tag-featured-news","12":"tag-featurednews","13":"tag-headlines","14":"tag-latest-news","15":"tag-latestnews","16":"tag-latvia","17":"tag-latvian","18":"tag-latviesu","19":"tag-latviesu-valoda","20":"tag-latviesuvaloda","21":"tag-latvija","22":"tag-lv","23":"tag-news","24":"tag-popularakas-zinas","25":"tag-popularakaszinas","26":"tag-top-stories","27":"tag-topstories","28":"tag-zinas"},"share_on_mastodon":{"url":"https:\/\/pubeurope.com\/@lv\/115456715347611825","error":""},"_links":{"self":[{"href":"https:\/\/www.europesays.com\/lv\/wp-json\/wp\/v2\/posts\/34138","targetHints":{"allow":["GET"]}}],"collection":[{"href":"https:\/\/www.europesays.com\/lv\/wp-json\/wp\/v2\/posts"}],"about":[{"href":"https:\/\/www.europesays.com\/lv\/wp-json\/wp\/v2\/types\/post"}],"author":[{"embeddable":true,"href":"https:\/\/www.europesays.com\/lv\/wp-json\/wp\/v2\/users\/2"}],"replies":[{"embeddable":true,"href":"https:\/\/www.europesays.com\/lv\/wp-json\/wp\/v2\/comments?post=34138"}],"version-history":[{"count":0,"href":"https:\/\/www.europesays.com\/lv\/wp-json\/wp\/v2\/posts\/34138\/revisions"}],"wp:featuredmedia":[{"embeddable":true,"href":"https:\/\/www.europesays.com\/lv\/wp-json\/wp\/v2\/media\/34139"}],"wp:attachment":[{"href":"https:\/\/www.europesays.com\/lv\/wp-json\/wp\/v2\/media?parent=34138"}],"wp:term":[{"taxonomy":"category","embeddable":true,"href":"https:\/\/www.europesays.com\/lv\/wp-json\/wp\/v2\/categories?post=34138"},{"taxonomy":"post_tag","embeddable":true,"href":"https:\/\/www.europesays.com\/lv\/wp-json\/wp\/v2\/tags?post=34138"}],"curies":[{"name":"wp","href":"https:\/\/api.w.org\/{rel}","templated":true}]}}